{"id":976,"date":"2011-11-23T09:50:28","date_gmt":"2011-11-23T09:50:28","guid":{"rendered":"http:\/\/rt.boullier.fr\/?p=976"},"modified":"2011-11-23T09:50:28","modified_gmt":"2011-11-23T09:50:28","slug":"art976","status":"publish","type":"post","link":"https:\/\/archives.rencontrestsiganes.org\/index.php\/2011\/11\/23\/art976\/","title":{"rendered":"L&rsquo;Etat s&rsquo;assoit sur le droit"},"content":{"rendered":"<div>\u00a0C&rsquo;est maintenant devenu\u00a0 une habitude marseillaise. La Pr\u00e9fecture des Bouches-du-Rh\u00f4ne d\u00e9fie la justice et met en \u0153uvre sa propre conception du droit.<\/div>\n<div><\/div>\n<div>\u00a0 Depuis quelques\u00a0 mois des familles Roms, apr\u00e8s avoir \u00e9t\u00e9 expuls\u00e9es d&rsquo;un autre quartier de la ville, s&rsquo;\u00e9taient regroup\u00e9es tant bien que mal au bord d&rsquo;un talus de la SNCF\u00a0sous une voie autorouti\u00e8re dans\u00a0 le nord de la ville.\u00a0C&rsquo;est sur la plainte de la SNCF qui pr\u00e9textait un danger pour les enfants\u00a0 que le Tribunal Administratif\u00a0 a ordonn\u00e9 leur expulsion il y a quelques jours.\u00a0Le jugement mentionnait toutefois qu&rsquo;un recours aupr\u00e8s du juge de l&rsquo;ex\u00e9cution pouvait \u00eatre demand\u00e9 afin d &lsquo;obtenir un d\u00e9lai .<br \/>\nCe recours a \u00e9t\u00e9 d\u00e9pos\u00e9 dans les formes requises par l&rsquo;avocate des familles et une convocation devant le juge de l&rsquo;ex\u00e9cution \u00e9tait fix\u00e9e au 10 d\u00e9cembre prochain.<\/div>\n<div><\/div>\n<div>C&rsquo;est au m\u00e9pris de cette d\u00e9cision qu&rsquo;un huissier avec l&rsquo;appui de la police et de CRS s&rsquo;est pr\u00e9sent\u00e9 mardi. Apr\u00e8s d\u00e9molition de leurs maigres cabanes, une fois de plus les familles se sont retrouv\u00e9es \u00e0 la rue.\u00a0Quelques unes ont \u00e9t\u00e9 admises provisoirement au Centre d&rsquo;h\u00e9bergement d&rsquo;urgence avec retour obligatoire en Roumanie. Une dizaine sont au Centre de r\u00e9tention du Canet avec un OQTF\u00a0non v\u00e9rifiable, les\u00a0 autres qui ont eu le temps d&rsquo;\u00e9chapper \u00e0 la rafle se sont dispers\u00e9s dans la ville.<\/div>\n<div><\/div>\n<div>\u00a0On s&rsquo;attend dans les prochains jours \u00e0 d&rsquo;autres op\u00e9rations de ce genre.\u00a0 Malgr\u00e9 le droit, malgr\u00e9 l&rsquo;hiver, malgr\u00e9 les termes de la\u00a0 circulaire grands froids qui pr\u00e9tend r\u00e9pondre aux besoins de tous les sans abris\u00a0 ind\u00e9pendamment de leur\u00a0 statut\u00a0 <strong>sauf les Roms \u00e9videmment<\/strong><\/div>\n<div><\/div>\n<div><\/div>\n<div style=\"text-align: center;\"><\/div>\n<div style=\"text-align: center;\"><strong>Un campement de 50 Roms \u00e9vacu\u00e9<\/strong><\/div>\n<div><\/div>\n<div>Publi\u00e9 le mercredi 23 novembre 2011 \u00e0 09H04<\/div>\n<address style=\"text-align: justify;\">Une compagnie de CRS, des effectifs de la S\u00e9curit\u00e9 publique et de la police aux fronti\u00e8res ont particip\u00e9 hier matin \u00e0 l&rsquo;\u00e9vacuation d&rsquo;un campement illicite de ressortissants roumains d&rsquo;origine Rom, install\u00e9s sur un terrain appartenant \u00e0 R\u00e9seau ferr\u00e9 de France (RFF), au pied de la passerelle autorouti\u00e8re, \u00e0 Cap Pin\u00e8de (2e ).<\/address>\n<address style=\"text-align: justify;\">Au total, ce sont 20 adultes et 25 mineurs ou enfants qui ont \u00e9t\u00e9 d\u00e9log\u00e9s, m\u00eame s&rsquo;ils ont ensuite trouv\u00e9 refuge quelques centaines de m\u00e8tres plus loin, pr\u00e8s du march\u00e9 aux puces. Le terrain \u00e9tait occup\u00e9 depuis plusieurs semaines et RFF avait d\u00e9pos\u00e9 un recours devant le tribunal administratif.<\/address>\n<address style=\"text-align: justify;\">La juridiction s&rsquo;est finalement prononc\u00e9e le 9 novembre dernier, ordonnant l&rsquo;expulsion de cette zone dangereuse, tr\u00e8s proche des voies ferr\u00e9es. Le 15, un avocat d\u00e9fendant les int\u00e9r\u00eats des Roms avait fait appel de cette d\u00e9cision, pour une nouvelle audience pr\u00e9vue le 8 d\u00e9cembre. Mais l&rsquo;appel n&rsquo;\u00e9tant pas suspensif, les forces de l&rsquo;ordre ont pu intervenir plus t\u00f4t. Deux autres campements, avenue F\u00e9lix-Zoccola et avenue du capitaine-G\u00e8ze (14e ) sont \u00e9galement en attente d&rsquo;une \u00e9vacuation. Le tribunal a accord\u00e9 un d\u00e9lai jusqu&rsquo;aux vacances de No\u00ebl afin de ne pas trop perturber les enfants du camp scolaris\u00e9s<\/address>\n<address style=\"text-align: justify;\">\u00a0<\/address>\n<address style=\"text-align: justify;\">\u00a0<\/address>\n<address style=\"text-align: justify;\">\u00a0<\/address>\n","protected":false},"excerpt":{"rendered":"<p>Marseille, mardi matin 22 novembre :  Une nouvelle fois \u00e0 l&rsquo;aube la police, au m\u00e9pris du droit le plus \u00e9l\u00e9mentaire, disperse sans m\u00e9nagement une cinquantaine de Roms  . Ils \u00e9taient convoqu\u00e9s devant le juge le 10 d\u00e9cembre !! <\/p>\n","protected":false},"author":1,"featured_media":0,"comment_status":"closed","ping_status":"closed","sticky":false,"template":"","format":"standard","meta":{"footnotes":""},"categories":[18],"tags":[60],"class_list":["post-976","post","type-post","status-publish","format-standard","hentry","category-migrants-roms","tag-expulsions"],"_links":{"self":[{"href":"https:\/\/archives.rencontrestsiganes.org\/index.php\/wp-json\/wp\/v2\/posts\/976","targetHints":{"allow":["GET"]}}],"collection":[{"href":"https:\/\/archives.rencontrestsiganes.org\/index.php\/wp-json\/wp\/v2\/posts"}],"about":[{"href":"https:\/\/archives.rencontrestsiganes.org\/index.php\/wp-json\/wp\/v2\/types\/post"}],"author":[{"embeddable":true,"href":"https:\/\/archives.rencontrestsiganes.org\/index.php\/wp-json\/wp\/v2\/users\/1"}],"replies":[{"embeddable":true,"href":"https:\/\/archives.rencontrestsiganes.org\/index.php\/wp-json\/wp\/v2\/comments?post=976"}],"version-history":[{"count":0,"href":"https:\/\/archives.rencontrestsiganes.org\/index.php\/wp-json\/wp\/v2\/posts\/976\/revisions"}],"wp:attachment":[{"href":"https:\/\/archives.rencontrestsiganes.org\/index.php\/wp-json\/wp\/v2\/media?parent=976"}],"wp:term":[{"taxonomy":"category","embeddable":true,"href":"https:\/\/archives.rencontrestsiganes.org\/index.php\/wp-json\/wp\/v2\/categories?post=976"},{"taxonomy":"post_tag","embeddable":true,"href":"https:\/\/archives.rencontrestsiganes.org\/index.php\/wp-json\/wp\/v2\/tags?post=976"}],"curies":[{"name":"wp","href":"https:\/\/api.w.org\/{rel}","templated":true}]}}