{"id":970,"date":"2011-11-23T09:50:31","date_gmt":"2011-11-23T08:50:31","guid":{"rendered":"http:\/\/rt.boullier.fr\/?p=970"},"modified":"2011-11-23T09:50:31","modified_gmt":"2011-11-23T08:50:31","slug":"art970","status":"publish","type":"post","link":"https:\/\/archives.rencontrestsiganes.org\/index.php\/2011\/11\/23\/art970\/","title":{"rendered":"Un g\u00e9nocide peut en cacher un autre"},"content":{"rendered":"<div>&nbsp;<\/div>\n<h3 style=\"text-align: center;\">Un g\u00e9nocide peut en cacher un autre.<\/h3>\n<div>&nbsp;<\/div>\n<div style=\"text-align: justify;\">Lors d&rsquo;une r\u00e9cente r\u00e9union \u00e0 Marseille, \u00e0 l&rsquo;initiative de l&rsquo;association \u00ab&nbsp;Notre route&nbsp;\u00bb, des \u00e9lus locaux se sont int\u00e9ress\u00e9s \u00e0 l&rsquo;histoire du peuple Rom Tsigane et \u00ab&nbsp;demandent \u00e0 la France la reconnaissance du g\u00e9nocide tsigane&nbsp;\u00bb. Il convient de saluer une telle initiative qui, bien que tardive, rejoint les attentes d\u00e9j\u00e0 anciennes des nombreuses associations repr\u00e9sentatives des Roms Tsiganes mais aussi de tous ceux qui les soutiennent et qui s&rsquo;efforcent de mettre en lumi\u00e8re le drame qu&rsquo;ils ont subi durant la derni\u00e8re guerre mondiale en Europe mais aussi en France.<\/div>\n<div style=\"text-align: justify;\">&nbsp;<\/div>\n<div style=\"text-align: justify;\">En 2010, \u00e0 l&rsquo;initiative de la FNASAT, de tr\u00e8s nombreuses manifestations ont tent\u00e9 de remettre en lumi\u00e8re les tentatives d&rsquo;extermination de ce peuple. Pour notre part, nous ne cessons de rappeler ces dramatiques \u00e9v\u00e9nements afin qu&rsquo;ils servent de le\u00e7on pour l&rsquo;avenir. Avec d&rsquo;autres, comme l&rsquo;association SAMUDARIPEN ou encore La fondation du Camp des Milles, nous ne cessons de r\u00e9p\u00e9ter&nbsp;: DOSTA plus jamais \u00e7a&nbsp;! Nous avons r\u00e9agi au discours du pr\u00e9sident de la R\u00e9publique en juillet 2010 en rappelant les faits historiques et les rafles des tsiganes par  l&rsquo;\u00c9tat fran\u00e7ais en 1939\/40. En juin dernier, nous avons re\u00e7u et \u00e9cout\u00e9 avec une grande \u00e9motion les propos de Raymond GUR\u00caME qui, \u00e0 84 ans, a le courage de raconter ces moments douloureux de son histoire&nbsp;; nous participons aux comm\u00e9morations du camp de Saliers \u00e0 Arles et le festival annuel LATCHO DIVANO est l&rsquo;occasion de faire un retour sur cette histoire tragique.<\/div>\n<div style=\"text-align: center;\">&nbsp;<img loading=\"lazy\" decoding=\"async\" src=\"\/IMG\/DOSTA%281%29.jpg\" alt=\"\" align=\"middle\" height=\"166\" width=\"250\"><\/div>\n<div style=\"text-align: justify;\">Nous avons donc toutes les raisons de soutenir l&rsquo;initiative des \u00e9lus et tout particuli\u00e8rement  Fr\u00e9d\u00e9ric DUTOIT. Cependant il nous semble qu&rsquo;une telle d\u00e9marche ne prendra son sens que si elle se situe en relation avec la r\u00e9alit\u00e9 d&rsquo;aujourd&rsquo;hui. Nous ne pouvons h\u00e9las que constater que, 70 ans plus tard, les conditions sont r\u00e9unies pour que les Roms Tsiganes servent \u00e0 nouveau de boucs \u00e9missaires et fassent ainsi l&rsquo;objet d&rsquo;une nouvelle forme de g\u00e9nocide, certes plus soft mais tout aussi r\u00e9el. On retiendra notamment les propos d&rsquo;Arno Klarsfield pr\u00e9sident de l&rsquo;Office Fran\u00e7ais d&rsquo;Immigration&nbsp;: \u00ab&nbsp;Les Roms qui sont renvoy\u00e9s, disons en Roumanie, vont vers un pays o\u00f9 ils sont moins heureux qu&rsquo;en France, mais c&rsquo;est pas pour autant qu&rsquo;ils peuvent rester en France\u00a0\u00bb&#8230;. alors les pr\u00e9fets ne font pas ce travail de renvoyer , non pas vers la mort, non pas vers Auschwitz ou vers une situation&#8230;  Quant \u00e0 Michel BOURGAT adjoint au maire de Marseille, il a ni\u00e9 lors de la r\u00e9union cit\u00e9e, toute relation entre cette histoire et la r\u00e9alit\u00e9 \u00e0 laquelle sont confront\u00e9s aujourd&rsquo;hui \u00e0 Marseille et ailleurs les Roms Tsiganes qu&rsquo;ils soient fran\u00e7ais ou \u00e9trangers.<\/div>\n<div style=\"text-align: justify;\">&nbsp;<\/div>\n<div style=\"text-align: justify;\">Nous ne cessons pourtant de d\u00e9noncer les rafles permanentes des familles Roms chass\u00e9es de leur pays par la haine et le racisme. Nous condamnons, de m\u00eame, le d\u00e9ni permanent des institutions et des \u00e9lus de Marseille qui refusent de reconna\u00eetre \u00e0 des familles habitant dans   cette ville depuis des dizaines d&rsquo;ann\u00e9es, le droit \u00e0 un habitat correspondant \u00e0 leur culture et leur mode de vie. Oui, Monsieur l&rsquo;Adjoint, quitte \u00e0 vous contredire et vous choquer, nous affirmons que l&rsquo;histoire, h\u00e9las, se renouvelle \u00e0 Marseille, comme ailleurs, et que les conditions sont r\u00e9unies pour que le peuple Rom Tsigane fasse \u00e0 nouveau l&rsquo;objet d&rsquo;un g\u00e9nocide culturel peut-\u00eatre moins sanglant mais tout aussi efficace. La recherche de boucs \u00e9missaires est certes un argument politique efficace pour expliquer l&rsquo;\u00e9chec d&rsquo;une politique de solidarit\u00e9. En aucun cas il ne peut servir \u00e0 rejeter tout un peuple porteur d&rsquo;une culture plus que mill\u00e9naire.<\/div>\n<div style=\"text-align: justify;\">&nbsp;<\/div>\n<div style=\"text-align: justify;\">Alain FOUREST<\/div>\n<div style=\"text-align: justify;\">Marseille le 22 novembre 2011<\/div>\n<div style=\"text-align: justify;\">&nbsp;<\/div>\n<div style=\"text-align: justify;\">&nbsp;<\/div>\n<div style=\"text-align: justify;\">&nbsp;<\/div>\n","protected":false},"excerpt":{"rendered":"<p>&nbsp; Un g\u00e9nocide peut en cacher un autre. &nbsp; Lors d&rsquo;une r\u00e9cente r\u00e9union \u00e0 Marseille, \u00e0 l&rsquo;initiative de l&rsquo;association \u00ab&nbsp;Notre route&nbsp;\u00bb, des \u00e9lus locaux se sont int\u00e9ress\u00e9s \u00e0 l&rsquo;histoire du peuple Rom Tsigane et \u00ab&nbsp;demandent \u00e0 la France la reconnaissance du g\u00e9nocide tsigane&nbsp;\u00bb. Il convient de saluer une telle initiative qui, bien que tardive, rejoint [&hellip;]<\/p>\n","protected":false},"author":1,"featured_media":0,"comment_status":"closed","ping_status":"closed","sticky":false,"template":"","format":"standard","meta":{"footnotes":""},"categories":[9,16],"tags":[],"class_list":["post-970","post","type-post","status-publish","format-standard","hentry","category-editos","category-rub82"],"_links":{"self":[{"href":"https:\/\/archives.rencontrestsiganes.org\/index.php\/wp-json\/wp\/v2\/posts\/970","targetHints":{"allow":["GET"]}}],"collection":[{"href":"https:\/\/archives.rencontrestsiganes.org\/index.php\/wp-json\/wp\/v2\/posts"}],"about":[{"href":"https:\/\/archives.rencontrestsiganes.org\/index.php\/wp-json\/wp\/v2\/types\/post"}],"author":[{"embeddable":true,"href":"https:\/\/archives.rencontrestsiganes.org\/index.php\/wp-json\/wp\/v2\/users\/1"}],"replies":[{"embeddable":true,"href":"https:\/\/archives.rencontrestsiganes.org\/index.php\/wp-json\/wp\/v2\/comments?post=970"}],"version-history":[{"count":0,"href":"https:\/\/archives.rencontrestsiganes.org\/index.php\/wp-json\/wp\/v2\/posts\/970\/revisions"}],"wp:attachment":[{"href":"https:\/\/archives.rencontrestsiganes.org\/index.php\/wp-json\/wp\/v2\/media?parent=970"}],"wp:term":[{"taxonomy":"category","embeddable":true,"href":"https:\/\/archives.rencontrestsiganes.org\/index.php\/wp-json\/wp\/v2\/categories?post=970"},{"taxonomy":"post_tag","embeddable":true,"href":"https:\/\/archives.rencontrestsiganes.org\/index.php\/wp-json\/wp\/v2\/tags?post=970"}],"curies":[{"name":"wp","href":"https:\/\/api.w.org\/{rel}","templated":true}]}}