{"id":952,"date":"2011-09-25T16:50:17","date_gmt":"2011-09-25T15:50:17","guid":{"rendered":"http:\/\/rt.boullier.fr\/?p=952"},"modified":"2011-09-25T16:50:17","modified_gmt":"2011-09-25T15:50:17","slug":"art952","status":"publish","type":"post","link":"https:\/\/archives.rencontrestsiganes.org\/index.php\/2011\/09\/25\/art952\/","title":{"rendered":"Un jugement qui donne de l&rsquo;espoir"},"content":{"rendered":"<div style=\"text-align: justify;\">&nbsp;<\/div>\n<h3 style=\"text-align: center;\">Serge Guichard&nbsp; n&rsquo;est pas coupable !!!<\/h3>\n<div style=\"text-align: justify;\">&nbsp;<\/div>\n<div style=\"text-align: justify;\">&nbsp;<\/div>\n<div style=\"text-align: justify;\">Gr&acirc;ce &agrave; une formidable mobilisation des familles Roms-Roumaines, des militants associatifs et politiques, des &eacute;lus, (environ 400 personnes) le Tribunal a prononc&eacute; la relaxe en faveur de Serge Guichard, pr&eacute;sident de l&rsquo;Association de Solidarit&eacute; en Essonne avec les Familles Roumaines, Roms, qui comparaissait pour avoir particip&eacute; &agrave; un nettoyage du bidonville dit de Moulin Galant pr&egrave;s de Corbeil dans l&rsquo;Essonne.<\/div>\n<div style=\"text-align: justify;\">&nbsp;<\/div>\n<div style=\"text-align: justify;\">Cette belle manifestation, ainsi que la d&eacute;cision du Tribunal, sont des victoires pour la solidarit&eacute;. Mais les conditions de vie inhumaines et les nombreux probl&egrave;mes que rencontrent chaque jour ces familles demeurent.<\/div>\n<div style=\"text-align: justify;\">&nbsp;<\/div>\n<div style=\"text-align: justify;\">&quot;On va continuer &agrave; se battre&quot;, a d&eacute;clar&eacute; Serge Guichard, demandant une fois de plus  l&rsquo;organisation d&rsquo;une table ronde des &eacute;lus et des pouvoirs publics de l&rsquo;Essonne, toujours refus&eacute;e par le Pr&eacute;fet.<\/div>\n<div style=\"text-align: justify;\">&nbsp;<\/div>\n<div style=\"text-align: justify;\">Une p&eacute;tition circule &agrave; ce sujet &#8230; Vous pourrez la signer prochainement sur le blog.<\/div>\n<div style=\"text-align: justify;\">http:\/\/soutienasergeguichard.over-blog.fr\/<\/div>\n<div style=\"text-align: justify;\">&nbsp;<\/div>\n<div style=\"text-align: justify;\">Martine Platel<\/div>\n<div>&nbsp;<\/div>\n<div>&nbsp;<\/div>\n","protected":false},"excerpt":{"rendered":"<p>Un militant de l&rsquo;Essonne  poursuivi pour son soutien aux Roms  a \u00e9t\u00e9 relax\u00e9<\/p>\n","protected":false},"author":1,"featured_media":0,"comment_status":"closed","ping_status":"closed","sticky":false,"template":"","format":"standard","meta":{"footnotes":""},"categories":[4,18],"tags":[],"class_list":["post-952","post","type-post","status-publish","format-standard","hentry","category-rub39","category-migrants-roms"],"_links":{"self":[{"href":"https:\/\/archives.rencontrestsiganes.org\/index.php\/wp-json\/wp\/v2\/posts\/952","targetHints":{"allow":["GET"]}}],"collection":[{"href":"https:\/\/archives.rencontrestsiganes.org\/index.php\/wp-json\/wp\/v2\/posts"}],"about":[{"href":"https:\/\/archives.rencontrestsiganes.org\/index.php\/wp-json\/wp\/v2\/types\/post"}],"author":[{"embeddable":true,"href":"https:\/\/archives.rencontrestsiganes.org\/index.php\/wp-json\/wp\/v2\/users\/1"}],"replies":[{"embeddable":true,"href":"https:\/\/archives.rencontrestsiganes.org\/index.php\/wp-json\/wp\/v2\/comments?post=952"}],"version-history":[{"count":0,"href":"https:\/\/archives.rencontrestsiganes.org\/index.php\/wp-json\/wp\/v2\/posts\/952\/revisions"}],"wp:attachment":[{"href":"https:\/\/archives.rencontrestsiganes.org\/index.php\/wp-json\/wp\/v2\/media?parent=952"}],"wp:term":[{"taxonomy":"category","embeddable":true,"href":"https:\/\/archives.rencontrestsiganes.org\/index.php\/wp-json\/wp\/v2\/categories?post=952"},{"taxonomy":"post_tag","embeddable":true,"href":"https:\/\/archives.rencontrestsiganes.org\/index.php\/wp-json\/wp\/v2\/tags?post=952"}],"curies":[{"name":"wp","href":"https:\/\/api.w.org\/{rel}","templated":true}]}}