{"id":949,"date":"2011-09-25T16:50:39","date_gmt":"2011-09-25T15:50:39","guid":{"rendered":"http:\/\/rt.boullier.fr\/?p=949"},"modified":"2011-09-25T16:50:39","modified_gmt":"2011-09-25T15:50:39","slug":"art949","status":"publish","type":"post","link":"https:\/\/archives.rencontrestsiganes.org\/index.php\/2011\/09\/25\/art949\/","title":{"rendered":"Des propos d\u00e9sinvoltes et irresponsables"},"content":{"rendered":"<div>&nbsp;L&rsquo;OFII&nbsp; assure&nbsp; en particulier&nbsp; l&rsquo;organisation des&nbsp; charters de la honte et&nbsp; depuis quelque semaines&nbsp; multiplie les pressions envers les familles Roms pour les&nbsp; contraindre &agrave; rentrer dans leur pays .&nbsp; <\/div>\n<div>L&rsquo;ancien pr&eacute;sident&nbsp; jug&eacute;&nbsp; trop laxiste a &eacute;t&eacute; remerci&eacute; et remplac&eacute; par Arno Klarsfeld&nbsp;&nbsp; ami et prot&eacute;g&eacute; du Pr&eacute;sident . <\/div>\n<div>&nbsp;<\/div>\n<div>Les propos qu&rsquo;il vient de tenir dans les m&eacute;dias sont proprement odieux comme&nbsp; le d&eacute;nonce la Ligue des droits de l&rsquo;Homme .&nbsp;<\/div>\n<div>&nbsp;<\/div>\n<div><strong><em>Selon M. Klarsfeld, les &eacute;trangers reconduits, &agrave; l&rsquo;image des Roms, ne vont pas vers une &quot;destination fatale&quot;. &quot;Les Roms qui sont renvoy&eacute;s, disons en Roumanie, vont vers un pays o&ugrave; ils sont moins heureux qu&rsquo;en France, mais c&rsquo;est pas pour autant qu&rsquo;ils peuvent rester en France&quot;.<\/em><\/strong><\/div>\n<div><strong><em>&quot;S&rsquo;il n&rsquo;y a pas de politique du chiffre, c&rsquo;est-&agrave;-dire s&rsquo;il n&rsquo;y a pas d&rsquo;aiguillon sur les pr&eacute;fets, alors les pr&eacute;fets ne font pas ce travail de renvoyer, non pas vers la mort, non pas vers Auschwitz ou vers une situation&#8230;&quot;, a d&eacute;clar&eacute; Arno Klarsfeld mercredi matin sur France Inter.<\/em><\/strong><\/div>\n<div>&nbsp;<\/div>\n<div>Ce &quot;personnage&quot; devrait pourtant suivre l&rsquo;actualit&eacute; et notamment les conditions d evie et le racisme au quotidien dont sont victimes les Roms dans leurs Pays.&nbsp; On trouvera , &agrave; titre d&rsquo;exemple le dernier article paru&nbsp; dans Courrier International sur le du racisme en Hongrie <\/div>\n<div>&nbsp;<\/div>\n<div>&nbsp;<\/div>\n<div>&nbsp;<\/div>\n<div><strong><em><br \/>\n<\/em><\/strong><\/div>\n","protected":false},"excerpt":{"rendered":"<p>Ils ont \u00e9t\u00e9 tenus cette semaine par le nouveau pr\u00e9sident de l&rsquo;Office Fran\u00e7ais pour l&rsquo;Immigration et l&rsquo;Insertion ( OFII) Arno Klarsfeld  <\/p>\n","protected":false},"author":1,"featured_media":0,"comment_status":"closed","ping_status":"closed","sticky":false,"template":"","format":"standard","meta":{"footnotes":""},"categories":[8],"tags":[],"class_list":["post-949","post","type-post","status-publish","format-standard","hentry","category-discriminations-racisme"],"_links":{"self":[{"href":"https:\/\/archives.rencontrestsiganes.org\/index.php\/wp-json\/wp\/v2\/posts\/949","targetHints":{"allow":["GET"]}}],"collection":[{"href":"https:\/\/archives.rencontrestsiganes.org\/index.php\/wp-json\/wp\/v2\/posts"}],"about":[{"href":"https:\/\/archives.rencontrestsiganes.org\/index.php\/wp-json\/wp\/v2\/types\/post"}],"author":[{"embeddable":true,"href":"https:\/\/archives.rencontrestsiganes.org\/index.php\/wp-json\/wp\/v2\/users\/1"}],"replies":[{"embeddable":true,"href":"https:\/\/archives.rencontrestsiganes.org\/index.php\/wp-json\/wp\/v2\/comments?post=949"}],"version-history":[{"count":0,"href":"https:\/\/archives.rencontrestsiganes.org\/index.php\/wp-json\/wp\/v2\/posts\/949\/revisions"}],"wp:attachment":[{"href":"https:\/\/archives.rencontrestsiganes.org\/index.php\/wp-json\/wp\/v2\/media?parent=949"}],"wp:term":[{"taxonomy":"category","embeddable":true,"href":"https:\/\/archives.rencontrestsiganes.org\/index.php\/wp-json\/wp\/v2\/categories?post=949"},{"taxonomy":"post_tag","embeddable":true,"href":"https:\/\/archives.rencontrestsiganes.org\/index.php\/wp-json\/wp\/v2\/tags?post=949"}],"curies":[{"name":"wp","href":"https:\/\/api.w.org\/{rel}","templated":true}]}}