{"id":943,"date":"2011-08-30T17:25:26","date_gmt":"2011-08-30T16:25:26","guid":{"rendered":"http:\/\/rt.boullier.fr\/?p=943"},"modified":"2011-08-30T17:25:26","modified_gmt":"2011-08-30T16:25:26","slug":"art943","status":"publish","type":"post","link":"https:\/\/archives.rencontrestsiganes.org\/index.php\/2011\/08\/30\/art943\/","title":{"rendered":"A Aix  sur le plateau de l&rsquo;Arbois : des enfants heureux"},"content":{"rendered":"<p>Gr&acirc;ce &agrave; l&rsquo;action militante de nombreux b&eacute;n&eacute;voles et professionnels,&nbsp; les&nbsp; enfants Roms de l&rsquo;Arbois ont pu retrouver un peu le sourire.&nbsp;<\/p>\n<p>La situation de ces familles demeure cependant extr&ecirc;mement pr&eacute;caire  et la rentr&eacute;e scolaire est pr&eacute;occupante. La Mairie d&rsquo;Aix et la Sous Pr&eacute;fecture , consid&egrave;rent que ce bidonville, &agrave; l&rsquo;&eacute;cart de tout et  &quot;tol&eacute;r&eacute;&quot; par le Conseil&nbsp; G&eacute;n&eacute;ral propri&eacute;taire du terrain, peut servir de  refuge&nbsp; &agrave; toutes les personnes jug&eacute;es&nbsp; ind&eacute;sirables dans le centre  ville.&nbsp; &nbsp; &nbsp;<\/p>\n<div>&nbsp;<\/div>\n<h3 style=\"text-align: center;\">&nbsp;<\/h3>\n<h3 style=\"text-align: center;\">&nbsp;<\/h3>\n<h3 style=\"text-align: center;\">la f&ecirc;te bat son plein sur le bidonville de l&rsquo;arbois II<\/h3>\n<div>&nbsp;<\/div>\n<div>Durant le mois de juillet une &eacute;quipe de 2 animateurs (pay&eacute;s par la subvention du secours catholique)sont intervenus &agrave; raison de 2 &agrave; 3 fois par semaine aupr&egrave;s des enfants et avec le souhait de sensibiliser les parents, afin qu&rsquo;ils puissent reproduire avec leurs enfants des activit&eacute;s tout au long de l&rsquo;ann&eacute;e.<\/div>\n<div>le groupe d&rsquo;enfant a qq fois avoisin&eacute; la dizaine de 3 &agrave; 14 ans.<\/div>\n<div>pour les animateurs il a qq fois &eacute;t&eacute; difficile de r&eacute;pondre &agrave; la demande tant le groupe est disparate.<\/div>\n<div>&nbsp;<\/div>\n<div>une jeune fille a montr&eacute; qu&rsquo;elle avait qq pr&eacute;dispositions en mati&egrave;re d&rsquo;art graphique, il est possible que d&egrave;s septembre nous envisagions avec elle de travailler ses capacit&eacute;s.<\/div>\n<div>qq p&eacute;riodes de soutien scolaire ont &eacute;t&eacute; tent&eacute;es avec les plus grands et les plus demandeurs:<\/div>\n<div>&#8211; recopier des txt en fran&ccedil;ais, compter, d&eacute;chiffrer.<\/div>\n<div>pour le mois d&rsquo;ao&ucirc;t il est pr&eacute;vu de scinder le groupe d&rsquo;enfants en deux. les plus petits qui continueront les activit&eacute;s ludiques, et les plus grands &agrave; qui nous proposeront des cahiers d&rsquo;activit&eacute;s scolaires en pr&eacute;vision de la rentr&eacute;e des classes.<\/div>\n<div>le stage photo a &eacute;t&eacute; men&eacute; du 19 au 26\/07, par l&rsquo;association latcho divano, et financ&eacute; par l&rsquo;addap. au d&eacute;but les parents &eacute;taient craintifs et imaginaient que les photos pouvaient &ecirc;tre vendues &agrave; la police, en tr&egrave;s peu de temps ils ont chang&eacute; d&rsquo;avis, voyant les enfants s&rsquo;amuser. lorsque les 2 intervenants de &quot;latcho divano&quot; ont apport&eacute; les photos d&eacute;velopp&eacute;es tout le monde &eacute;tait demandeur de nouvelles photos, et les enfants tr&egrave;s fiers des clich&eacute;s qu&rsquo;ils ont r&eacute;alis&eacute;.<\/div>\n<div>jeudi 28 juillet nous avons emmen&eacute; un groupe de 7 enfants &agrave; vitrolles pour participer aux activit&eacute;s propos&eacute;es par &quot;cosmopolizen&quot;, les enfants sont rentr&eacute;s sur le terrain avec les instruments de musique qu&rsquo;ils ont fabriqu&eacute; eux-m&ecirc;mes et de beaux maquillages sur le visage. nous avons tr&egrave;s bien &eacute;t&eacute; accueillis par les organisateurs qui ont m&ecirc;me offert un gouter aux enfants.<\/div>\n<div>jeudi 04\/08 nous avons emmen&eacute; les plus grands &agrave; la plage de la courrone. une vraie joie pour ce groupe de 7 enfants. et comme les &eacute;ducateurs mettent de l&rsquo;&eacute;ducatif partout, nous n&rsquo;avons pas oubli&eacute; de passer &agrave; la douche avant de rentrer &agrave; l&rsquo;arbois. une fois de + tout le monde &eacute;tait tr&egrave;s heureux de cette journ&eacute;e.<\/div>\n<div>d&rsquo;autres sorties sont pr&eacute;vues durant le mois d&rsquo;ao&ucirc;t.<\/div>\n<div>l&rsquo;association Emma&uuml;s qui continue de proposer son soutien &agrave; d&eacute;cid&eacute; de fournir des vetements et des chaussures &agrave; tout les enfants qui sont incrits &agrave; l&rsquo;&eacute;cole pour septembre.<\/div>\n<div>&agrave; bient&ocirc;t en septembre, donc,  pour de nouvelles aventures.<\/div>\n<div>&nbsp;<\/div>\n<div>&nbsp;<\/div>\n<div>avec tous mes remerciements<\/div>\n<div>&nbsp;<\/div>\n<div>&nbsp;<\/div>\n<div>b&eacute;atrice guimard<\/div>\n<div>&nbsp;<\/div>\n<div>&eacute;ducatrice sp&eacute;cialis&eacute;e<\/div>\n<div>&nbsp;conseil g&eacute;n&eacute;ral des bouches du rh&ocirc;ne<\/div>\n<div>&nbsp;<\/div>\n<div>tel 04 42 95 91 82 fax 04 42 59 28 40<\/div>\n<div>&nbsp;<\/div>\n<div>&nbsp;<\/div>\n<div>&nbsp;<\/div>\n<div>&nbsp;<\/div>\n<div>&nbsp;<\/div>\n","protected":false},"excerpt":{"rendered":"<p> A l&rsquo;\u00e9cart du scandale marseillais , les familles qui depuis quelques  quelques  ann\u00e9es survivent  dans le bidonville de l&rsquo;Arbois pr\u00e8s de la gare TGV ont  pu esp\u00e9rer des jours meilleurs  pour leurs enfants.   <\/p>\n","protected":false},"author":1,"featured_media":0,"comment_status":"closed","ping_status":"closed","sticky":false,"template":"","format":"standard","meta":{"footnotes":""},"categories":[18],"tags":[37],"class_list":["post-943","post","type-post","status-publish","format-standard","hentry","category-migrants-roms","tag-aix"],"_links":{"self":[{"href":"https:\/\/archives.rencontrestsiganes.org\/index.php\/wp-json\/wp\/v2\/posts\/943","targetHints":{"allow":["GET"]}}],"collection":[{"href":"https:\/\/archives.rencontrestsiganes.org\/index.php\/wp-json\/wp\/v2\/posts"}],"about":[{"href":"https:\/\/archives.rencontrestsiganes.org\/index.php\/wp-json\/wp\/v2\/types\/post"}],"author":[{"embeddable":true,"href":"https:\/\/archives.rencontrestsiganes.org\/index.php\/wp-json\/wp\/v2\/users\/1"}],"replies":[{"embeddable":true,"href":"https:\/\/archives.rencontrestsiganes.org\/index.php\/wp-json\/wp\/v2\/comments?post=943"}],"version-history":[{"count":0,"href":"https:\/\/archives.rencontrestsiganes.org\/index.php\/wp-json\/wp\/v2\/posts\/943\/revisions"}],"wp:attachment":[{"href":"https:\/\/archives.rencontrestsiganes.org\/index.php\/wp-json\/wp\/v2\/media?parent=943"}],"wp:term":[{"taxonomy":"category","embeddable":true,"href":"https:\/\/archives.rencontrestsiganes.org\/index.php\/wp-json\/wp\/v2\/categories?post=943"},{"taxonomy":"post_tag","embeddable":true,"href":"https:\/\/archives.rencontrestsiganes.org\/index.php\/wp-json\/wp\/v2\/tags?post=943"}],"curies":[{"name":"wp","href":"https:\/\/api.w.org\/{rel}","templated":true}]}}