{"id":916,"date":"2011-06-19T17:10:33","date_gmt":"2011-06-19T16:10:33","guid":{"rendered":"http:\/\/rt.boullier.fr\/?p=916"},"modified":"2011-06-19T17:10:33","modified_gmt":"2011-06-19T16:10:33","slug":"art916","status":"publish","type":"post","link":"https:\/\/archives.rencontrestsiganes.org\/index.php\/2011\/06\/19\/art916\/","title":{"rendered":"Deux importantes d\u00e9cisions de l&rsquo;Union  Europ\u00e9enne concernant les Roms"},"content":{"rendered":"<div style=\"text-align: justify;\">&nbsp;C&rsquo;est un v&eacute;ritable plan de bataille que le Conseil de l&rsquo;Union propose aux pays membres pour lutter contre les discriminations envers les Roms.&nbsp; Le Conseil&nbsp; n&rsquo;h&eacute;site pas, pour tenter de convaincre les r&eacute;ticences &agrave; employer des arguments &eacute;conomiques :&nbsp;&nbsp;<\/div>\n<div style=\"text-align: justify;\">&nbsp;<\/div>\n<div style=\"text-align: justify;\"><strong><em>&quot;L&rsquo;am&eacute;lioration de la situation des Roms n&rsquo;est pas seulement une priorit&eacute; sociale urgente, elle peut aussi stimuler la croissance &eacute;conomique &agrave; long terme&quot; <\/em><\/strong><\/div>\n<div style=\"text-align: justify;\">&nbsp;<\/div>\n<div style=\"text-align: justify;\">&nbsp;<\/div>\n<div style=\"text-align: justify;\">Le rapport de l&rsquo;Agence Europ&eacute;enne&nbsp; des droits fondamentaux ( FRA) dresse un &eacute;tat des lieux sur la situation des droits fondamentaux dans l&rsquo;Union Europ&eacute;enne en 2010.&nbsp; Sur le chapitre consacr&eacute; aux Roms&nbsp; il formule diverse suggestions afin d&rsquo;assurer une insertion effective de la communaut&eacute; Rom.&nbsp;<\/div>\n<div style=\"text-align: justify;\">&nbsp;<\/div>\n<div style=\"text-align: justify;\">Rappelons tout d&rsquo;abord que dans la terminologie europ&eacute;enne , le terme&nbsp; Rom s&rsquo;applique &agrave; tous les membres de cette&nbsp; communaut&eacute; et, en France tout particuli&egrave;rement, &agrave; ceux que l&rsquo;on d&eacute;signe sous le nom de gens du voyage.&nbsp;<\/div>\n<div style=\"text-align: justify;\">&nbsp;<\/div>\n<div style=\"text-align: justify;\">&nbsp;Par ailleurs&nbsp; il est de plus en plus difficile de comprendre et faire comprendre aux int&eacute;ress&eacute;s que ces bonnes intentions europ&eacute;ennes ne sont pas suivis d&rsquo;effet&nbsp; sur le terrain .&nbsp;C &lsquo;est , comme dans d&rsquo;autres&nbsp; domaines h&eacute;las, le sens m&ecirc;me de l&rsquo;Union qui est en question.&nbsp;&nbsp;<\/div>\n","protected":false},"excerpt":{"rendered":"<p>le Conseil de l&rsquo;Union Europ\u00e9enne et l&rsquo;Agence des Droits Fondamentaux  publient deux rapports  qui , une fois de plus, font appara\u00eetre la distance  entre les intentions des instances europ\u00e9ennes et les  politiques de chaque pays . <\/p>\n","protected":false},"author":1,"featured_media":0,"comment_status":"closed","ping_status":"closed","sticky":false,"template":"","format":"standard","meta":{"footnotes":""},"categories":[7],"tags":[58],"class_list":["post-916","post","type-post","status-publish","format-standard","hentry","category-diaspora","tag-europe"],"_links":{"self":[{"href":"https:\/\/archives.rencontrestsiganes.org\/index.php\/wp-json\/wp\/v2\/posts\/916","targetHints":{"allow":["GET"]}}],"collection":[{"href":"https:\/\/archives.rencontrestsiganes.org\/index.php\/wp-json\/wp\/v2\/posts"}],"about":[{"href":"https:\/\/archives.rencontrestsiganes.org\/index.php\/wp-json\/wp\/v2\/types\/post"}],"author":[{"embeddable":true,"href":"https:\/\/archives.rencontrestsiganes.org\/index.php\/wp-json\/wp\/v2\/users\/1"}],"replies":[{"embeddable":true,"href":"https:\/\/archives.rencontrestsiganes.org\/index.php\/wp-json\/wp\/v2\/comments?post=916"}],"version-history":[{"count":0,"href":"https:\/\/archives.rencontrestsiganes.org\/index.php\/wp-json\/wp\/v2\/posts\/916\/revisions"}],"wp:attachment":[{"href":"https:\/\/archives.rencontrestsiganes.org\/index.php\/wp-json\/wp\/v2\/media?parent=916"}],"wp:term":[{"taxonomy":"category","embeddable":true,"href":"https:\/\/archives.rencontrestsiganes.org\/index.php\/wp-json\/wp\/v2\/categories?post=916"},{"taxonomy":"post_tag","embeddable":true,"href":"https:\/\/archives.rencontrestsiganes.org\/index.php\/wp-json\/wp\/v2\/tags?post=916"}],"curies":[{"name":"wp","href":"https:\/\/api.w.org\/{rel}","templated":true}]}}