{"id":896,"date":"2011-04-10T20:36:56","date_gmt":"2011-04-10T19:36:56","guid":{"rendered":"http:\/\/rt.boullier.fr\/?p=896"},"modified":"2011-04-10T20:36:56","modified_gmt":"2011-04-10T19:36:56","slug":"art896","status":"publish","type":"post","link":"https:\/\/archives.rencontrestsiganes.org\/index.php\/2011\/04\/10\/art896\/","title":{"rendered":"L&rsquo;UNION EUROPEENNE se prononce \u00e0 nouveau"},"content":{"rendered":"<p style=\"text-align: justify;\"><em>Une nouvelle fois l&rsquo;Europe&nbsp; (la Commission et le Parlement) prennent explicitement&nbsp; la d&eacute;fense du peuple Rom.&nbsp;(Rappelons que ce terme inclut en France les personnes d&eacute;sign&eacute;es &quot;Gens du voyage). <br \/>\n<\/em><\/p>\n<p style=\"text-align: justify;\"><em>&nbsp;De telles prises de positions sont&nbsp; encourageantes pour tous ceux qui luttent pour la reconnaissance des droits des Roms Tisganes&nbsp; . On peut cependant regretter qu&rsquo;une fois de plus,  ces recommandations insistantes aupr&egrave;s des gouvernements ne soient pas assorties de sanctions .&nbsp;<\/em><\/p>\n<h3 style=\"text-align: center;\">Int&eacute;gration des Roms: Bruxelles accro&icirc;t la pression sur les pays de l&rsquo;UE<\/h3>\n<div>&nbsp;<\/div>\n<div style=\"text-align: justify;\">STRASBOURG (Parlement europ&eacute;en) &#8211; La Commission europ&eacute;enne a demand&eacute; mardi aux pays de l&rsquo;UE de s&rsquo;engager clairement &agrave; mieux int&eacute;grer les Roms, notamment via la scolarisation des enfants, estimant que le conflit avec la France en 2010 avait permis de &quot;r&eacute;veiller&quot; l&rsquo;Europe sur le sujet.<\/div>\n<div style=\"text-align: justify;\">&nbsp;<\/div>\n<div style=\"text-align: justify;\">&quot;La situation en France &agrave; l&rsquo;&eacute;t&eacute; dernier a &eacute;t&eacute; un appel n&eacute;cessaire &agrave; se r&eacute;veiller, car &agrave; ce moment-l&agrave;, tout le monde en Europe a repris conscience du fait que les citoyens europ&eacute;ens ont des droits et que ces droits doivent &ecirc;tre appliqu&eacute;s&quot;, a soulign&eacute; la commissaire &agrave; la Justice, Viviane Reding, en pr&eacute;sentant des propositions sur une meilleure int&eacute;gration des Roms.<\/div>\n<div style=\"text-align: justify;\">&nbsp;<\/div>\n<div style=\"text-align: justify;\">A l&rsquo;automne 2010, un conflit virulent avait oppos&eacute; Mme Reding au gouvernement fran&ccedil;ais au sujet des renvois chez eux de Roms roumains et bulgares venus en France, la commissaire allant jusqu&rsquo;&agrave; faire une comparaison avec les pers&eacute;cutions nazies contre les juifs.<\/div>\n<div style=\"text-align: justify;\">&nbsp;<\/div>\n<div style=\"text-align: justify;\">Paris avait au final accept&eacute; de modifier sa loi nationale, afin de mieux tenir compte de r&egrave;gles europ&eacute;ennes encadrant les renvois chez eux de citoyens de l&rsquo;UE, et avait &eacute;chapp&eacute; &agrave; une proc&eacute;dure pour discrimination.<\/div>\n<div style=\"text-align: justify;\">&nbsp;<\/div>\n<div style=\"text-align: justify;\">Dans son projet pr&eacute;sent&eacute; mardi, l&rsquo;ex&eacute;cutif europ&eacute;en demande aux gouvernements de l&rsquo;UE de lui pr&eacute;senter &quot;d&rsquo;ici fin 2011&quot; des strat&eacute;gies nationales sp&eacute;cifiant comment ils comptent mieux int&eacute;grer leurs communaut&eacute;s roms, en mati&egrave;re d&rsquo;&eacute;ducation, de logement, de sant&eacute; et d&#8217;emploi.<\/div>\n<div style=\"text-align: justify;\">&nbsp;<\/div>\n<div style=\"text-align: justify;\">Un accent particulier est mis sur la scolarisation. Bruxelles souhaite que tous les enfants de la communaut&eacute; rom &quot;ach&egrave;vent au moins l&rsquo;&eacute;cole primaire&quot;, alors que 42% le font aujourd&rsquo;hui, contre 97,5% en moyenne pour les autres enfants europ&eacute;ens.<\/div>\n<div style=\"text-align: justify;\">&nbsp;<\/div>\n<div style=\"text-align: justify;\">Pour cela, les gouvernements sont appel&eacute;s &agrave; retrousser les manches. Mais la Commission attend aussi des Roms qu&rsquo;ils fassent un effort. &quot;Il appartient aussi &agrave; la communaut&eacute; rom de vouloir sortir de la pauvret&eacute;&quot;, a dit Mme Reding.<\/div>\n<div style=\"text-align: justify;\">&nbsp;<\/div>\n<div style=\"text-align: justify;\">Il est pr&eacute;vu de former un millier de &quot;m&eacute;diateurs&quot; roms pour discuter avec les familles.<\/div>\n<div style=\"text-align: justify;\">&nbsp;<\/div>\n<div style=\"text-align: justify;\">Un m&eacute;canisme de surveillance des progr&egrave;s sera mis en place, avec l&rsquo;implication de l&rsquo;Agence europ&eacute;enne des droits fondamentaux et des rapports annuels de la Commission.<\/div>\n<div style=\"text-align: justify;\">&nbsp;<\/div>\n<div style=\"text-align: justify;\">Le commissaire aux Affaires sociales, Laszlo Andor, un Hongrois, s&rsquo;est dit &quot;pr&eacute;occup&eacute;&quot; par les violences racistes visant la communaut&eacute; des Roms en Europe, notamment dans son propre pays qui assure jusqu&rsquo;&agrave; fin juin la pr&eacute;sidence semestrielle de l&rsquo;Union europ&eacute;enne.<\/div>\n<div style=\"text-align: justify;\">&nbsp;<\/div>\n<div style=\"text-align: justify;\">&quot;Nous recevons presque quotidiennement des informations parfois alarmantes de divers pays&quot; sur des agressions, a-t-il dit.<\/div>\n<div style=\"text-align: justify;\">&nbsp;<\/div>\n<div style=\"text-align: justify;\">&quot;L&rsquo;augmentation de tendances x&eacute;nophobes et parfois explicitement racistes ces derni&egrave;res ann&eacute;es, comme en Hongrie, est un tr&egrave;s grand sujet de pr&eacute;occupation&quot;, a-t-il reconnu.<\/div>\n<div style=\"text-align: justify;\">&nbsp;<\/div>\n<div style=\"text-align: justify;\">&quot;Il ne peut y avoir de tol&eacute;rance pour le racisme&quot;, a-t-il ajout&eacute;.<\/div>\n<div style=\"text-align: justify;\">&nbsp;<\/div>\n<div style=\"text-align: justify;\">Un proc&egrave;s vient de d&eacute;buter &agrave; Budapest contre quatre hommes accus&eacute;s d&rsquo;avoir tu&eacute; six Roms, dont un enfant de 5 ans et son p&egrave;re, au cours d&rsquo;une s&eacute;rie d&rsquo;attaques racistes.<\/div>\n<div style=\"text-align: justify;\">&nbsp;<\/div>\n<div style=\"text-align: justify;\">Ils sont soup&ccedil;onn&eacute;s d&rsquo;avoir perp&eacute;tr&eacute; entre juillet 2008 et ao&ucirc;t 2009 neuf attaques &agrave; la grenade, au fusil et au cocktail Molotov, qui ont fait six morts. Parmi les meurtres commis il y a en particulier ceux d&rsquo;un p&egrave;re et de son fils de cinq ans, ou celui d&rsquo;une femme dans son sommeil.<\/div>\n<div style=\"text-align: justify;\">&nbsp;<\/div>\n<div style=\"text-align: justify;\">En Hongrie, la minorit&eacute; rom, souvent appauvrie et marginalis&eacute;e, repr&eacute;sente pr&egrave;s d&rsquo;un dixi&egrave;me des 10 millions d&rsquo;habitants du pays. Pr&egrave;s de 70% des Roms sont au ch&ocirc;mage.<\/div>\n<div style=\"text-align: justify;\">&nbsp;<\/div>\n<div style=\"text-align: justify;\">(&copy;AFP \/ 05 avril 2011 16h01)<\/div>\n<div style=\"text-align: justify;\">&nbsp;<\/div>\n<div style=\"text-align: justify;\">&nbsp;<\/div>\n<div style=\"text-align: justify;\">&nbsp;<\/div>\n","protected":false},"excerpt":{"rendered":"<p> A l&rsquo;occasion de la journ\u00e9e internationale des Roms le 8 avril . Les instances europ\u00e9ennes ont  renouvel\u00e9 leur  soutien au membres  de cette communaut\u00e9  europ\u00e9enne  <\/p>\n","protected":false},"author":1,"featured_media":0,"comment_status":"closed","ping_status":"closed","sticky":false,"template":"","format":"standard","meta":{"footnotes":""},"categories":[7],"tags":[58],"class_list":["post-896","post","type-post","status-publish","format-standard","hentry","category-diaspora","tag-europe"],"_links":{"self":[{"href":"https:\/\/archives.rencontrestsiganes.org\/index.php\/wp-json\/wp\/v2\/posts\/896","targetHints":{"allow":["GET"]}}],"collection":[{"href":"https:\/\/archives.rencontrestsiganes.org\/index.php\/wp-json\/wp\/v2\/posts"}],"about":[{"href":"https:\/\/archives.rencontrestsiganes.org\/index.php\/wp-json\/wp\/v2\/types\/post"}],"author":[{"embeddable":true,"href":"https:\/\/archives.rencontrestsiganes.org\/index.php\/wp-json\/wp\/v2\/users\/1"}],"replies":[{"embeddable":true,"href":"https:\/\/archives.rencontrestsiganes.org\/index.php\/wp-json\/wp\/v2\/comments?post=896"}],"version-history":[{"count":0,"href":"https:\/\/archives.rencontrestsiganes.org\/index.php\/wp-json\/wp\/v2\/posts\/896\/revisions"}],"wp:attachment":[{"href":"https:\/\/archives.rencontrestsiganes.org\/index.php\/wp-json\/wp\/v2\/media?parent=896"}],"wp:term":[{"taxonomy":"category","embeddable":true,"href":"https:\/\/archives.rencontrestsiganes.org\/index.php\/wp-json\/wp\/v2\/categories?post=896"},{"taxonomy":"post_tag","embeddable":true,"href":"https:\/\/archives.rencontrestsiganes.org\/index.php\/wp-json\/wp\/v2\/tags?post=896"}],"curies":[{"name":"wp","href":"https:\/\/api.w.org\/{rel}","templated":true}]}}