{"id":894,"date":"2011-04-10T11:19:39","date_gmt":"2011-04-10T11:19:39","guid":{"rendered":"http:\/\/rt.boullier.fr\/?p=894"},"modified":"2011-04-10T11:19:39","modified_gmt":"2011-04-10T11:19:39","slug":"art894","status":"publish","type":"post","link":"https:\/\/archives.rencontrestsiganes.org\/index.php\/2011\/04\/10\/art894\/","title":{"rendered":"Roms et Gitans en Provence, un patrimoine culturel et humain \u00e0 sauvegarder"},"content":{"rendered":"<div><em>\u00a0En ouverture du festival LATCHO\u00a0DIVANO\u00a0\u00a0 le 24 mars dernier,\u00a0 une table ronde \u00e0 Babel Med, le grand march\u00e9 europ\u00e9en des musiques du Monde \u00e0 donn\u00e9 le ton .<br \/>\n<\/em><\/div>\n<div><em><br \/>\n<\/em><\/div>\n<h2 style=\"text-align: center;\"><\/h2>\n<h3>\u00ab Leurs musiques, oui ! mais eux , non ! \u00bb<\/h3>\n<div><\/div>\n<div>Babel Med Music 24 Mars 2011.<\/div>\n<div>\u00a0Introduction de Philippe Fanise, organisateur et mod\u00e9rateur de la table-ronde. Responsable \u00e0 l\u2019Arcade du Service des musiques et danses traditionnelles et du monde .<\/div>\n<div><\/div>\n<div><\/div>\n<div style=\"text-align: justify;\">Trois raisons principales ont motiv\u00e9 l\u2019organisation de cette table-ronde : une raison musicale, une raison patrimoniale ou culturelle et une raison plus sociale et humaine. D\u2019o\u00f9 la diversit\u00e9 des intervenants qui ont \u00e9t\u00e9 invit\u00e9s.<\/div>\n<div style=\"text-align: justify;\"><\/div>\n<div style=\"text-align: justify;\">La raison musicale, c\u2019est que nous sommes dans un forum, un march\u00e9 des musiques du monde et qu\u2019il me semble important de rendre hommage aux musiciens roms, gitans , manouches qui ont toujours jou\u00e9 un r\u00f4le extr\u00eamement important dans la vie musicale europ\u00e9enne, en particulier dans certains pays et certaines r\u00e9gions, dont la Provence fait partie.<\/div>\n<div style=\"text-align: justify;\">Peut-\u00eatre sont-ils les premiers musiciens du monde, les premiers musiciens voyageurs \u00e0 la fois reli\u00e9s \u00e0 la culture de l\u2019endroit o\u00f9 ils vivent et colporteurs, transmetteurs de chants et de musiques \u00e0 travers les fronti\u00e8res de l\u2019Europe et de l\u2019Orient. Plut\u00f4t que de parler de musiques sp\u00e9cifiquement tsiganes ou gitanes, on devrait d\u2019ailleurs plut\u00f4t parler d\u2019un art tsigane ou gitan de jouer les musiques de toutes origines, de les r\u00e9interpr\u00e9ter, les transformer, les r\u00e9inventer \u00e0 leur mani\u00e8re avec beaucoup de libert\u00e9 et de cr\u00e9ativit\u00e9, et d\u2019\u00e9motion. La musique des Roms se fait toujours en interaction avec celle des \u00ab gadjos \u00bb, que cela soit dans les Balkans, en Espagne ou en France. Les roms ne sont pas des extra-terrestres, ils ne tombent pas du ciel, ils s\u2019inspirent de la musique qui se fait dans le pays o\u00f9 ils vivent, mais \u00e0 leur mani\u00e8re.<\/div>\n<div style=\"text-align: justify;\"><\/div>\n<div style=\"text-align: justify;\">Voici un t\u00e9moignage de Franz Liszt (un des compositeurs pr\u00e9curseurs des musiques du monde ) qui a \u00e9crit un livre entier, en fran\u00e7ais, sur \u00ab les Boh\u00e9miens et leurs musique en Hongrie ( 1859) \u00bb qu\u2019il admirait beaucoup et qui ont beaucoup influenc\u00e9 ses rhapsodies hongroises et son \u00e9criture pianistique \u00ab Ce qui avant tout gagne l\u2019auditeur \u00e0 cette musique, c\u2019est la libert\u00e9 et la richesse des rythmes, leur multiplicit\u00e9 et leur souplesse qui ne retrouvent nulle part ailleurs au m\u00eame degr\u00e9. Ils varient \u00e0 l\u2019infini, se compliquent, s\u2019entrecroisent, se superposent et prennent une quantit\u00e9 de nuances et d\u2019expressions. On ne saurait assez insister sur les rares beaut\u00e9s qui r\u00e9sultent de cette richesse de rythmes et de l\u2019importance qu\u2019il faut lui accorder dans l\u2019appr\u00e9ciation de la musique boh\u00e9mienne. Nous n\u2019en connaissons pas d\u2019autre ou l\u2019art europ\u00e9en eut autant \u00e0 apprendre pour la f\u00e9condit\u00e9 d\u2019invention rythmique\u2026Son abondance est incalculable ! \u00bb<\/div>\n<div style=\"text-align: justify;\">C\u2019est cette richesse, cette f\u00e9condit\u00e9 d\u2019invention qu\u2019on retrouve aujourd\u2019hui dans le flamenco, le jazz manouche, les fanfares et les Tarafs de musiques des Balkans souvent invit\u00e9s dans les festivals de musiques du monde.<\/div>\n<div style=\"text-align: justify;\">D\u2019o\u00f9 la priorit\u00e9 donn\u00e9e aux artistes dans cette table-ronde.<\/div>\n<div style=\"text-align: justify;\"><\/div>\n<div style=\"text-align: justify;\">La deuxi\u00e8me raison est plut\u00f4t d\u2019ordre patrimonial et culturel. Elle rejoint ce que l\u2019on appelle de plus en plus le \u00ab Patrimoine culturel immat\u00e9riel \u00bb. qui fait l\u2019objet d\u2019une importante Convention de Sauvegarde de l\u2019Unesco, ratifi\u00e9e par de nombreux pays, dont la France.<\/div>\n<div style=\"text-align: justify;\"><\/div>\n<div style=\"text-align: justify;\">Selon cette convention :<\/div>\n<div style=\"text-align: justify;\">\u00ab On entend par Patrimoine culturel immat\u00e9riel les pratiques, repr\u00e9sentations, expressions, connaissance et savoir faire, que les communaut\u00e9s, les groupes et les individus reconnaissent comme faisant partie de leur patrimoine culturel. Ce patrimoine culturel immat\u00e9riel, transmis de g\u00e9n\u00e9ration en g\u00e9n\u00e9ration, est recr\u00e9\u00e9 en permanence par les communaut\u00e9s et groupes en fonction de leur milieu, de leur interaction avec la nature et de leur histoire, et leur procure un sentiment d\u2019identit\u00e9 et de continuit\u00e9, contribuant ainsi \u00e0 promouvoir le respect de la diversit\u00e9 culturelle et la cr\u00e9ativit\u00e9 humaine \u00bb<\/div>\n<div style=\"text-align: justify;\"><\/div>\n<div style=\"text-align: justify;\">Il me semble que la culture des roms et des gitans correspond vraiment \u00e0 cette d\u00e9finition. C\u2019est pourquoi dans le travail qui se fait actuellement d\u2019inventaire, de reconnaissance et de sauvegarde du Patrimoine culturel immat\u00e9riel \u00e0 l\u2019\u00e9chelle mondiale, nationale et r\u00e9gionale, il me semble important que la culture des Roms et des gitans ne soit pas mise de c\u00f4t\u00e9.<\/div>\n<div style=\"text-align: justify;\">En particulier en Provence qui est une r\u00e9gion de s\u00e9dentarisation et de passage important pour les roms et les gitans, pas seulement \u00e0 l\u2019occasion du P\u00e8lerinage des Saintes Maries de la Mer, mais toute l\u2019ann\u00e9e gr\u00e2ce aux nombreux gitans qui vivent ici depuis longtemps et apportent leur contribution \u00e0 la vie culturelle r\u00e9gionale. Les cultures gitanes font partie du Patrimoine r\u00e9gional, font partie des Cultures R\u00e9gionales de Provence-Alpes-C\u00f4te d\u2019Azur, \u00ab \u00e0 part enti\u00e8re \u00bb et non \u00ab enti\u00e8rement \u00e0 part \u00bb comme disait Aim\u00e9 C\u00e9saire . Ce ne sont pas des cultures \u00e9trang\u00e8res.<\/div>\n<div style=\"text-align: justify;\"><\/div>\n<div style=\"text-align: justify;\">A signaler que le Flamenco, \u00e0 l\u2019initiative de l\u2019Espagne, vient d\u2019\u00eatre inscrit en 2010 sur la liste repr\u00e9sentative du Patrimoine culturel Immat\u00e9riel de l\u2019Unesco, et donc reconnu au \u00ab Patrimoine de l\u2019humanit\u00e9 \u00bb.<\/div>\n<div style=\"text-align: justify;\"><\/div>\n<div style=\"text-align: justify;\">La troisi\u00e8me raison de cette table-ronde est d\u2019ordre plus social et humaine et s\u2019exprime dans le sous-titre \u00ab Leurs musiques oui, mais eux, non ! \u00bb<\/div>\n<div style=\"text-align: justify;\">Si Victor Hugo revenait en France aujourd\u2019hui, il pourrait \u00e9crire la suite des \u00ab Mis\u00e9rables \u00bb et l\u2019appeler \u00ab les Ind\u00e9sirables \u00bb !<\/div>\n<div style=\"text-align: justify;\">Parmi ces Ind\u00e9sirables, les Roms figurent en bonne position, aux c\u00f4t\u00e9s des immigr\u00e9s, des sans-papiers, et de beaucoup d\u2019\u00e9trangers. Pas seulement depuis le mois d\u2019Ao\u00fbt 2010 en France, mais depuis des si\u00e8cles et dans quasiment tous les pays o\u00f9 ils vivent et voyagent.<\/div>\n<div style=\"text-align: justify;\"><\/div>\n<div style=\"text-align: justify;\">Il y a des gens ici qui pourront beaucoup que mieux que moi parler en d\u00e9tail des discriminations, du rejet individuel et institutionnel dont les Roms sont victimes en permanence ( tout particuli\u00e8rement Alain Fourest. Pr\u00e9sident de Rencontres Tsiganes en Paca) La R\u00e9gion PACA vient de passer un protocole d\u2019accord avec plusieurs associations qui oeuvrent pour la d\u00e9fense des droits des roms, dont vous parlera Ga\u00eblle Lenfant, vice-pr\u00e9sidente du Conseil R\u00e9gional, en charge notamment des solidarit\u00e9s et de la lutte contre les discriminations.<\/div>\n<div><\/div>\n<div style=\"text-align: justify;\">En ce qui concerne cette table-ronde qui se tient dans un contexte musical, la question est de savoir si on peut d\u2019un c\u00f4t\u00e9 s\u2019enthousiasmer devant la richesse et la beaut\u00e9 des musiques tsiganes et gitanes, les appr\u00e9cier, les consommer pour son propre plaisir, et d\u2019un autre c\u00f4t\u00e9 laisser faire cette discrimination intol\u00e9rable \u00e0 l\u2019encontre de toute une communaut\u00e9 porteuse de cette richesse culturelle ( 12 millions de personnes en Europe ). On ne peut pas sauvegarder la culture sans sauvegarder les hommes, surtout quand la culture et l\u2019homme ne font qu\u2019un, ce qui est particuli\u00e8rement le cas des roms.<\/div>\n<div><\/div>\n<div style=\"text-align: justify;\">Comment le milieu musical, artistique et culturel peut-il, ou plut\u00f4t doit-il prendre part \u00e0 la r\u00e9sistance contre cette discrimination, cette injustice dont sont victimes les roms dans toute l\u2019Europe, \u00e0 commencer dans notre propre r\u00e9gion. Et pour cela je pense que le t\u00e9moignage des fondateurs du Festival Latcho divano, qui commence aujourd\u2019hui m\u00eame \u00e0 Marseille auront des choses importantes \u00e0 partager avec nous. C\u2019est, hormis le P\u00e8lerinage des Saintes Maries de la Mer, la plus grande manifestation de notre r\u00e9gion dans le domaine des cultures tsiganes et gitanes.<\/div>\n<div style=\"text-align: justify;\"><\/div>\n<div style=\"text-align: justify;\">Je dirais pour finir cette introduction qu\u2019il me semble que tous les artistes, tous les musiciens du monde sont d\u2019une certaine mani\u00e8re des \u00ab Gens du Voyage \u00bb et devraient se sentir concern\u00e9s par le sort des Roms et des Gitans, et se mobiliser \u00e0 leur c\u00f4t\u00e9.<\/div>\n<div style=\"text-align: justify;\"><\/div>\n<div style=\"text-align: justify;\">Mais pour commencer cet \u00e9change, je voudrais d\u2019abord donner la parole aux int\u00e9ress\u00e9s eux-m\u00eames, c\u2019est-\u00e0-dire aux artistes roms et gitans, car il est plus important de leur donner la parole que de parler \u00e0 leur place.<\/div>\n","protected":false},"excerpt":{"rendered":"<p>\u00ab Leurs musiques, oui ! mais eux , non ! \u00a0\u00bb  \u00e0 l&rsquo;ouverture du Babel Med le 24 mars \u00e0 Marseille <\/p>\n","protected":false},"author":1,"featured_media":0,"comment_status":"closed","ping_status":"closed","sticky":false,"template":"","format":"standard","meta":{"footnotes":""},"categories":[10],"tags":[],"class_list":["post-894","post","type-post","status-publish","format-standard","hentry","category-festivals-et-manifestations"],"_links":{"self":[{"href":"https:\/\/archives.rencontrestsiganes.org\/index.php\/wp-json\/wp\/v2\/posts\/894","targetHints":{"allow":["GET"]}}],"collection":[{"href":"https:\/\/archives.rencontrestsiganes.org\/index.php\/wp-json\/wp\/v2\/posts"}],"about":[{"href":"https:\/\/archives.rencontrestsiganes.org\/index.php\/wp-json\/wp\/v2\/types\/post"}],"author":[{"embeddable":true,"href":"https:\/\/archives.rencontrestsiganes.org\/index.php\/wp-json\/wp\/v2\/users\/1"}],"replies":[{"embeddable":true,"href":"https:\/\/archives.rencontrestsiganes.org\/index.php\/wp-json\/wp\/v2\/comments?post=894"}],"version-history":[{"count":0,"href":"https:\/\/archives.rencontrestsiganes.org\/index.php\/wp-json\/wp\/v2\/posts\/894\/revisions"}],"wp:attachment":[{"href":"https:\/\/archives.rencontrestsiganes.org\/index.php\/wp-json\/wp\/v2\/media?parent=894"}],"wp:term":[{"taxonomy":"category","embeddable":true,"href":"https:\/\/archives.rencontrestsiganes.org\/index.php\/wp-json\/wp\/v2\/categories?post=894"},{"taxonomy":"post_tag","embeddable":true,"href":"https:\/\/archives.rencontrestsiganes.org\/index.php\/wp-json\/wp\/v2\/tags?post=894"}],"curies":[{"name":"wp","href":"https:\/\/api.w.org\/{rel}","templated":true}]}}