{"id":893,"date":"2011-03-26T11:53:28","date_gmt":"2011-03-26T10:53:28","guid":{"rendered":"http:\/\/rt.boullier.fr\/?p=893"},"modified":"2011-03-26T11:53:28","modified_gmt":"2011-03-26T10:53:28","slug":"art893","status":"publish","type":"post","link":"https:\/\/archives.rencontrestsiganes.org\/index.php\/2011\/03\/26\/art893\/","title":{"rendered":"Dans le Var c&rsquo;est toujours l&rsquo;impasse"},"content":{"rendered":"<h3>&nbsp;<\/h3>\n<h3>Var: les gens du voyage en qu&ecirc;te d&rsquo;aires d&rsquo;accueil<\/h3>\n<div>Publi&eacute; le lundi 07 mars 2011 &agrave; 07H56<\/div>\n<div>&nbsp;<\/div>\n<div>&nbsp;<\/div>\n<div>&nbsp;<\/div>\n<div>&nbsp;<\/div>\n<div style=\"text-align: center;\">&nbsp;<a type=\"image\/jpeg\" href=\"..\/..\/..\/..\/IMG\/jpg_grannd-voyage.jpg\"><img decoding=\"async\" alt=\" \" class=\"miniature_document\" style=\"height: 108px; width: 153px;\" src=\"..\/..\/..\/..\/local\/cache-vignettes\/L110xH85\/jpg_grannd-voyage-d744d.jpg?date=1301136258\" \/><\/a><\/div>\n<div style=\"text-align: justify;\">&nbsp;<\/div>\n<div style=\"text-align: justify;\">&nbsp;<\/div>\n<div style=\"text-align: justify;\">&nbsp;<\/div>\n<div style=\"text-align: justify;\">&nbsp;<\/div>\n<div style=\"text-align: justify;\">Chaque ann&eacute;e, lors de la saison estivale et &agrave; l&rsquo;approche de la Pentec&ocirc;te, le probl&egrave;me des aires d&rsquo;accueil se pose avec acuit&eacute;. &Agrave; d&eacute;faut de places suffisantes, les gens du voyage ont recours &agrave; des campements sauvages. Philippe Arnassan<\/div>\n<div style=\"text-align: justify;\">Alors que les occupations ill&eacute;gales de terrain se multiplient, le Var manque toujours de places. Le point sur le sch&eacute;ma d&eacute;partemental d&rsquo;accueil des gens du voyage<\/div>\n<div style=\"text-align: justify;\">&nbsp;<\/div>\n<div style=\"text-align: justify;\">Une caravane fait le printemps? Alors que les missions &eacute;vang&eacute;liques des gens du voyage ne sont pas attendues dans le Var avant fin mars, les premi&egrave;res occupations ill&eacute;gales de terrains ont d&eacute;j&agrave; eu lieu. Notamment dans l&rsquo;est du d&eacute;partement &agrave; Puget-sur-Argens et Fr&eacute;jus. Mais aussi &agrave; l&rsquo;ouest sur la commune de Saint-Cyr-sur-Mer. Le probl&egrave;me est toujours le m&ecirc;me : l&rsquo;insuffisance criante des aires d&rsquo;accueil et autres aires de grand passage comme l&rsquo;exige pourtant la loi du 5 juillet 2000, plus connue sous le nom de Loi Besson.<\/div>\n<div style=\"text-align: justify;\">&nbsp;<\/div>\n<div style=\"text-align: justify;\">Nouveau sch&eacute;ma?<\/div>\n<div style=\"text-align: justify;\">Dix ans apr&egrave;s l&rsquo;adoption de cette loi, force est de constater que le d&eacute;partement n&rsquo;est pas en avance en mati&egrave;re d&rsquo;am&eacute;nagement d&rsquo;aires d&rsquo;accueil des gens du voyage. Ainsi, sur les trente-huit communes (1) de plus de cinq mille habitants inscrites au Sch&eacute;ma d&eacute;partemental pour l&rsquo;accueil des gens du voyage, approuv&eacute; le 17 avril 2003, seules Brignoles, La Farl&egrave;de, Le Luc et Puget-sur-Argens disposent d&rsquo;une aire d&rsquo;accueil sur leur territoire. Alors que Fr&eacute;jus a opt&eacute; pour une aire de grand passage. Soit un total de 283 places. Pas &eacute;norme quand on sait qu&rsquo;une seule mission &eacute;vang&eacute;lique peut rassembler jusqu&rsquo;&agrave; deux cents caravanes!<\/div>\n<div style=\"text-align: justify;\">&nbsp;<\/div>\n<div style=\"text-align: justify;\">Si l&rsquo;on en croit le site de la pr&eacute;fecture, un nouveau sch&eacute;ma devait bient&ocirc;t entrer en vigueur. La population du d&eacute;partement ayant plut&ocirc;t tendance &agrave; grossir, on peut penser que ce nouveau sch&eacute;ma pr&eacute;voira encore plus d&rsquo;aires d&rsquo;accueil. Mais impossible d&rsquo;avoir plus de pr&eacute;cisions. Invoquant le &laquo; devoir de r&eacute;serve &raquo; auquel il est tenu en cette p&eacute;riode d&rsquo;&eacute;lections cantonales, Fran&ccedil;ois-Xavier Lauch, le directeur de cabinet du pr&eacute;fet, refuse de s&rsquo;exprimer pour le moment sur ce dossier. M&ecirc;me d&rsquo;un point de vue strictement technique.<\/div>\n<div style=\"text-align: justify;\">&nbsp;<\/div>\n<div style=\"text-align: justify;\">1.\tAuxquelles il faut ajouter Gar&eacute;oult, Trans-en-Provence, La Cadi&egrave;re-d&rsquo;Azur, Pierrefeu et Solli&egrave;s-Toucas qui comptent d&eacute;sormais plus de cinq mille habitants<\/div>\n<div style=\"text-align: justify;\">Gens du voyage: accueil ou grand passage ?<\/div>\n<div style=\"text-align: justify;\">Publi&eacute; le lundi 07 mars 2011 &agrave; 07H56<\/div>\n<div style=\"text-align: justify;\">Agrandir R&eacute;tr&eacute;cir Imprimer Recommander Partager<\/div>\n<div style=\"text-align: justify;\">Les aires d&rsquo;accueil sont destin&eacute;es aux gens du voyage itin&eacute;rants, dont les dur&eacute;es de s&eacute;jour dans un m&ecirc;me lieu sont variables et peuvent aller jusqu&rsquo;&agrave; plusieurs mois.<\/div>\n<div style=\"text-align: justify;\">&nbsp;<\/div>\n<div style=\"text-align: justify;\">Les aires d&rsquo;accueil sont destin&eacute;es aux gens du voyage itin&eacute;rants, dont les dur&eacute;es de s&eacute;jour dans un m&ecirc;me lieu sont variables et peuvent aller jusqu&rsquo;&agrave; plusieurs mois. D&rsquo;une capacit&eacute; allant de 25 &agrave; 40 places, elles sont ouvertes de fa&ccedil;on permanente et g&eacute;r&eacute;es sur la base d&rsquo;un r&egrave;glement int&eacute;rieur. Leur utilisation est payante. Le recours &agrave; la pr&eacute;sence d&rsquo;un gardien charg&eacute; de veiller &agrave; l&rsquo;application de ce r&egrave;glement garantit le fonctionnement de l&rsquo;aire.<\/div>\n<div style=\"text-align: justify;\">&nbsp;<\/div>\n<div style=\"text-align: justify;\">Les aires de grand passage sont destin&eacute;es &agrave; r&eacute;pondre aux besoins de d&eacute;placement des gens du voyage en grands groupes (50 &agrave; 200 caravanes) &agrave; l&rsquo;occasion des rassemblements, sur une p&eacute;riode d&rsquo;une &agrave; trois semaines. Les am&eacute;nagements y sont plus sommaires.<\/div>\n<div style=\"text-align: justify;\">&nbsp;<\/div>\n<div style=\"text-align: justify;\">L&rsquo;&eacute;quipement de ces aires pr&eacute;voit soit une alimentation permanente en eau, en &eacute;lectricit&eacute; et un assainissement, soit la mise en place d&rsquo;un dispositif permettant d&rsquo;assurer l&rsquo;alimentation en eau, ainsi que la collecte des eaux us&eacute;es. Le ramassage des ordures m&eacute;nag&egrave;res est &eacute;galement organis&eacute;.<\/div>\n<div style=\"text-align: justify;\">.<\/div>\n<div>&nbsp;<\/div>\n<div>&nbsp;<\/div>\n<div>&nbsp;<\/div>\n","protected":false},"excerpt":{"rendered":"<p>la r\u00e9cente r\u00e9union du groupe de suivi de la r\u00e9vision du sch\u00e9ma d\u00e9partemental du Var ne laisse que peu d&rsquo;espoir quant \u00e0 un changement d&rsquo;attitude des maires. <\/p>\n","protected":false},"author":1,"featured_media":0,"comment_status":"closed","ping_status":"closed","sticky":false,"template":"","format":"standard","meta":{"footnotes":""},"categories":[29],"tags":[],"class_list":["post-893","post","type-post","status-publish","format-standard","hentry","category-aires-daccueil"],"_links":{"self":[{"href":"https:\/\/archives.rencontrestsiganes.org\/index.php\/wp-json\/wp\/v2\/posts\/893","targetHints":{"allow":["GET"]}}],"collection":[{"href":"https:\/\/archives.rencontrestsiganes.org\/index.php\/wp-json\/wp\/v2\/posts"}],"about":[{"href":"https:\/\/archives.rencontrestsiganes.org\/index.php\/wp-json\/wp\/v2\/types\/post"}],"author":[{"embeddable":true,"href":"https:\/\/archives.rencontrestsiganes.org\/index.php\/wp-json\/wp\/v2\/users\/1"}],"replies":[{"embeddable":true,"href":"https:\/\/archives.rencontrestsiganes.org\/index.php\/wp-json\/wp\/v2\/comments?post=893"}],"version-history":[{"count":0,"href":"https:\/\/archives.rencontrestsiganes.org\/index.php\/wp-json\/wp\/v2\/posts\/893\/revisions"}],"wp:attachment":[{"href":"https:\/\/archives.rencontrestsiganes.org\/index.php\/wp-json\/wp\/v2\/media?parent=893"}],"wp:term":[{"taxonomy":"category","embeddable":true,"href":"https:\/\/archives.rencontrestsiganes.org\/index.php\/wp-json\/wp\/v2\/categories?post=893"},{"taxonomy":"post_tag","embeddable":true,"href":"https:\/\/archives.rencontrestsiganes.org\/index.php\/wp-json\/wp\/v2\/tags?post=893"}],"curies":[{"name":"wp","href":"https:\/\/api.w.org\/{rel}","templated":true}]}}