{"id":880,"date":"2011-03-06T12:13:18","date_gmt":"2011-03-06T12:13:18","guid":{"rendered":"http:\/\/rt.boullier.fr\/?p=880"},"modified":"2011-03-06T12:13:18","modified_gmt":"2011-03-06T12:13:18","slug":"art880","status":"publish","type":"post","link":"https:\/\/archives.rencontrestsiganes.org\/index.php\/2011\/03\/06\/art880\/","title":{"rendered":"DOSTA : Une porte ouverte sur l&rsquo;indignation"},"content":{"rendered":"<h2 style=\"text-align: center;\">Une porte ouverte sur l\u2019indignation<\/h2>\n<h2 style=\"text-align: center;\"><a href=\"..\/..\/..\/..\/IMG\/jpg_Dosta_RT-2.jpg\" type=\"image\/jpeg\"><img decoding=\"async\" class=\"miniature_document\" style=\"height: 98px; width: 140px;\" src=\"..\/..\/..\/..\/local\/cache-vignettes\/L110xH87\/jpg_Dosta_RT-2-1b7fe.jpg\" alt=\" \" \/><\/a><\/h2>\n<div><\/div>\n<div><\/div>\n<div>Cette photo et bien d\u2019autres seront affich\u00e9es sur les murs des villes qui excluent le peuple rom. ROBERT TERZIAN<\/div>\n<div><\/div>\n<div>\n<h2 style=\"text-align: center;\"><a href=\"..\/..\/..\/..\/IMG\/jpg_dosta.jpg\" type=\"image\/jpeg\"><img decoding=\"async\" class=\"miniature_document\" style=\"height: 82px; width: 135px;\" src=\"..\/..\/..\/..\/local\/cache-vignettes\/L110xH82\/jpg_dosta-10898.jpg\" alt=\" \" \/><\/a><\/h2>\n<\/div>\n<h3>Dosta ! Des portraits g\u00e9ants sur les murs d\u2019une ville qui exclut les Roms.<\/h3>\n<div><\/div>\n<div><\/div>\n<div><\/div>\n<div style=\"text-align: justify;\"><\/div>\n<div style=\"text-align: justify;\">Un homme, une femme, un enfant, un vieux. L\u2019important c\u2019est d\u2019\u00eatre deux. Deux pour poser devant une porte coch\u00e8re. Un Rom et un gadjo (un non rom) soutiennent une pancarte o\u00f9 est \u00e9crit Dosta, ce qui veut dire en langue romani : \u00ab \u00e7a suffit \u00bb.<\/div>\n<div style=\"text-align: justify;\">Cet accouplement insolite et \u00e9ph\u00e9m\u00e8re est saisi sur le vif par la photographe No\u00e9mie Michel qui, avec l\u2019\u00e9diteur Tieri Briet, originaire d\u2019Arles, a eu l\u2019id\u00e9e de monter le projet Dosta, pour montrer comment on peut riposter \u00e0 l\u2019indignation. Les photos de la taille des personnages seront tir\u00e9es \u00e0 plusieurs exemplaires pour \u00eatre affich\u00e9es dans les rues de Marseille et d\u2019autres villes encore, avant d\u2019\u00eatre propos\u00e9es \u00e0 la vente dans des expositions ou des festivals. Le prochain Latcho Divano qui se d\u00e9roulera au mois de mars\/avril \u00e0 Marseille donnera \u00e0 voir ces images insolites. Portraits d\u2019hommes et de femmes qui veulent au-del\u00e0 de leur diff\u00e9rence exprimer leur solidarit\u00e9.<\/div>\n<div style=\"text-align: justify;\"><\/div>\n<div style=\"text-align: justify;\">C\u2019est dans le quartier de la Plaine que les auteurs sont partis avec leurs mod\u00e8les \u00e0 le recherche de belles portes pour figer sur la pellicule leurs couples insolites. \u00ab Une porte c\u2019est ouvert ou c\u2019est ferm\u00e9 \u00bb, explique Tieri Briet, libre ensuite d\u2019interpr\u00e9ter comme bon nous semble. Une porte s\u2019ouvre pour laisser entrer l\u2019autre. Les Roms n\u2019ont jamais eu de portes. Les gadjos s\u2019enferment \u00e0 double tour. Faut-il y voir un autre symbole : une porte ouverte sur l\u2019indignation. \u00ab Qu\u2019est ce que l\u2019on peut faire \u00bb, interroge Tieri Briet qui s\u2019int\u00e9resse \u00e0 la cause des Roms depuis leur terrible histoire du m\u00e9morial de Saliers pr\u00e8s d\u2019Arles, o\u00f9 ils \u00e9taient intern\u00e9s durant la Seconde Guerre mondiale.<\/div>\n<div style=\"text-align: justify;\"><\/div>\n<div style=\"text-align: justify;\">Ce peuple qui a souffert est aussi un mod\u00e8le de vie et de soci\u00e9t\u00e9. Il repr\u00e9sente une alternative dans une soci\u00e9t\u00e9 en crise. \u00ab Ce sont des Europ\u00e9ens exemplaires. Pourtant aujourd\u2019hui ils vivent un calvaire \u00bb, accuse Tieri Briet.<\/div>\n<div style=\"text-align: justify;\">L\u2019id\u00e9e de faire se rapprocher deux cultures \u00e9tait un pari os\u00e9. Anne, d\u00e9coratrice habitant \u00e0 Auriol, est venue \u00ab s\u2019accoupler \u00bb avec Gigi d\u2019Arles. Pour elle, c\u2019\u00e9tait l\u2019occasion d\u2019exprimer sa r\u00e9volte par rapport \u00e0 tout ce qu\u2019elle a entendu depuis l\u2019\u00e9t\u00e9 : ne plus accepter chez nous ceux qui pouvaient \u00eatre diff\u00e9rents. \u00ab J\u2019aime la diff\u00e9rence, je ne cherche pas \u00e0 m\u2019entourer de gens qui me ressemblent. \u00bb<\/div>\n<div style=\"text-align: justify;\">Dans une ville o\u00f9 r\u00e8gne l\u2019indiff\u00e9rence, Anne a apport\u00e9 sa pierre \u00e0 l\u2019\u00e9difice. \u00ab Je n\u2019ai pas grand chose d\u2019autre \u00e0 apporter que mon soutien \u00bb, dira-t-elle avec modestie, apr\u00e8s avoir accompli une grande \u0153uvre.<\/div>\n<div style=\"text-align: justify;\"><\/div>\n<div style=\"text-align: justify;\"><\/div>\n<div style=\"text-align: justify;\">CATHERINE WALGENWITZ<\/div>\n<div style=\"text-align: justify;\"><\/div>\n<div style=\"text-align: justify;\">Humanitarium des vivants sur les murs, 11, rue Jean-Racine \u00e0 Arles. projet.dosta@gmail.comCet e-mail est prot\u00e9g\u00e9 contre les robots collecteurs de mails, votre navigateur doit accepter le Javascript pour le voir<\/div>\n<div style=\"text-align: justify;\"><\/div>\n<div style=\"text-align: justify;\"><\/div>\n<div style=\"text-align: justify;\"><\/div>\n<div style=\"text-align: justify;\"><\/div>\n<div style=\"text-align: justify;\"><\/div>\n","protected":false},"excerpt":{"rendered":"<p>Une conf\u00e9rence de presse au th\u00e9\u00e2tre Toursky \u00e0 Marseille  une nouvelle \u00e9tape d&rsquo;une campagne   orignal et qui d\u00e9coiffe !!<\/p>\n","protected":false},"author":1,"featured_media":0,"comment_status":"closed","ping_status":"closed","sticky":false,"template":"","format":"standard","meta":{"footnotes":""},"categories":[18,25],"tags":[],"class_list":["post-880","post","type-post","status-publish","format-standard","hentry","category-migrants-roms","category-sur-le-terrain"],"_links":{"self":[{"href":"https:\/\/archives.rencontrestsiganes.org\/index.php\/wp-json\/wp\/v2\/posts\/880","targetHints":{"allow":["GET"]}}],"collection":[{"href":"https:\/\/archives.rencontrestsiganes.org\/index.php\/wp-json\/wp\/v2\/posts"}],"about":[{"href":"https:\/\/archives.rencontrestsiganes.org\/index.php\/wp-json\/wp\/v2\/types\/post"}],"author":[{"embeddable":true,"href":"https:\/\/archives.rencontrestsiganes.org\/index.php\/wp-json\/wp\/v2\/users\/1"}],"replies":[{"embeddable":true,"href":"https:\/\/archives.rencontrestsiganes.org\/index.php\/wp-json\/wp\/v2\/comments?post=880"}],"version-history":[{"count":0,"href":"https:\/\/archives.rencontrestsiganes.org\/index.php\/wp-json\/wp\/v2\/posts\/880\/revisions"}],"wp:attachment":[{"href":"https:\/\/archives.rencontrestsiganes.org\/index.php\/wp-json\/wp\/v2\/media?parent=880"}],"wp:term":[{"taxonomy":"category","embeddable":true,"href":"https:\/\/archives.rencontrestsiganes.org\/index.php\/wp-json\/wp\/v2\/categories?post=880"},{"taxonomy":"post_tag","embeddable":true,"href":"https:\/\/archives.rencontrestsiganes.org\/index.php\/wp-json\/wp\/v2\/tags?post=880"}],"curies":[{"name":"wp","href":"https:\/\/api.w.org\/{rel}","templated":true}]}}