{"id":874,"date":"2011-02-04T18:25:57","date_gmt":"2011-02-04T17:25:57","guid":{"rendered":"http:\/\/rt.boullier.fr\/?p=874"},"modified":"2011-02-04T18:25:57","modified_gmt":"2011-02-04T17:25:57","slug":"art874","status":"publish","type":"post","link":"https:\/\/archives.rencontrestsiganes.org\/index.php\/2011\/02\/04\/art874\/","title":{"rendered":"A Berlin, le Bundestag comm\u00e9more \u00a0\u00bb l&rsquo;Holocauste oubli\u00e9 \u00a0\u00bb des Roms et des Sintis"},"content":{"rendered":"<div>Le Bundestag a v\u00e9cu, jeudi 27 janvier, une s\u00e9ance exceptionnelle. Pour la premi\u00e8re fois de son histoire, le Parlement allemand avait invit\u00e9 un repr\u00e9sentant de la communaut\u00e9 rom \u00e0 s&rsquo;exprimer devant les d\u00e9put\u00e9s et les membres du gouvernement, y compris Angela Merkel, assise pour l&rsquo;occasion au premier rang.<\/div>\n<div><\/div>\n<div style=\"text-align: justify;\">Il s&rsquo;agissait de comm\u00e9morer \u00a0\u00bb l&rsquo;Holocauste oubli\u00e9 \u00a0\u00bb : celui dont furent victimes sous le IIIe Reich, entre 250 000 et 500 000 Roms et Sintis sur une population estim\u00e9e \u00e0 environ 1 million de personnes. En Allemagne, le 27 janvier &#8211; jour anniversaire de la lib\u00e9ration du camp d&rsquo;Auschwitz par l&rsquo;Arm\u00e9e rouge en 1945 &#8211; est depuis 1996 la Journ\u00e9e nationale de comm\u00e9moration des victimes du nazisme.<\/div>\n<div style=\"text-align: justify;\"><\/div>\n<div style=\"text-align: justify;\">En 2010, c&rsquo;est le pr\u00e9sident isra\u00e9lien Shimon P\u00e9r\u00e8s qui \u00e9tait l&rsquo;invit\u00e9 d&rsquo;honneur du Bundestag. Cette ann\u00e9e, les dirigeants allemands ont voulu mettre au coeur de cette c\u00e9r\u00e9monie Sintis et Roms, victimes, tout comme les juifs, des lois racistes de N\u00fcremberg de 1935.<\/div>\n<div style=\"text-align: justify;\"><\/div>\n<div style=\"text-align: justify;\">Longtemps pass\u00e9 sous silence, ce g\u00e9nocide a \u00e9t\u00e9 reconnu en 1982 par le chancelier Helmut Schmidt qui a, pour la premi\u00e8re fois, re\u00e7u des membres du Conseil central des Sintis et des Roms d&rsquo;Allemagne. Alors que 70 000 Roms vivent actuellement en Allemagne avec la nationalit\u00e9 allemande et des milliers d&rsquo;autres avec une autre nationalit\u00e9, c&rsquo;est \u00e0 un citoyen n\u00e9erlandais que les autorit\u00e9s ont demand\u00e9 de t\u00e9moigner.<\/div>\n<div style=\"text-align: justify;\"><\/div>\n<div style=\"text-align: justify;\"><strong>\u00a0\u00bb L&rsquo;Histoire de r\u00e9p\u00e8te \u00ab\u00a0<\/strong><\/div>\n<div style=\"text-align: justify;\"><\/div>\n<div style=\"text-align: justify;\">Zoni Weisz, 73 ans, des sanglots dans la voix, a racont\u00e9 l&rsquo;histoire de son p\u00e8re, de sa m\u00e8re, de ses soeurs et de son fr\u00e8re, d\u00e9port\u00e9s \u00e0 Auschwitz comme tous les Roms n\u00e9erlandais en mai 1944. Aucun ne surv\u00e9cut. C&rsquo;est gr\u00e2ce \u00e0 la complicit\u00e9 d&rsquo;un policier n\u00e9erlandais que Zoni Weisz a pu s&rsquo;\u00e9chapper au dernier moment. Devenu fleuriste \u00e0 la cour royale des Pays-Bas, il a toujours milit\u00e9 pour la reconnaissance du g\u00e9nocide des Roms.<\/div>\n<div style=\"text-align: justify;\"><\/div>\n<div style=\"text-align: justify;\">Devant une assistance extr\u00eamement attentive &#8211; certains d\u00e9put\u00e9s avaient du mal \u00e0 cacher leur \u00e9motion -, Zoni Weisz ne s&rsquo;est pas content\u00e9 de parler du pass\u00e9, mais a d\u00e9nonc\u00e9 la situation dont sont \u00e0 nouveau victimes les Roms en Europe. Il y avait \u00e9t\u00e9 encourag\u00e9 par le pr\u00e9sident du Bundestag, Norbert Lammert qui, en introduction, a indiqu\u00e9 que \u00a0\u00bb la plus grande minorit\u00e9 d&rsquo;Europe est discrimin\u00e9e \u00ab\u00a0.<\/div>\n<div style=\"text-align: justify;\"><\/div>\n<div style=\"text-align: justify;\">Zoni Weisz a affirm\u00e9 que \u00a0\u00bb l&rsquo;Histoire se r\u00e9p\u00e8te \u00ab\u00a0, que des restaurants affichent \u00e0 nouveau des panneaux \u00a0\u00bb Interdit aux Tziganes \u00ab\u00a0. \u00a0\u00bb Sintis et Roms sont trait\u00e9s de mani\u00e8re indigne, en particulier dans bien des pays d&rsquo;Europe de l&rsquo;Est, telle la Roumanie ou la Bulgarie \u00ab\u00a0, a-t-il d\u00e9nonc\u00e9.<\/div>\n<div style=\"text-align: justify;\"><\/div>\n<div style=\"text-align: justify;\">Il s&rsquo;en est pris \u00e9galement \u00e0 la France : \u00a0\u00bb Dans certains pays, comme l&rsquo;Italie et la France, on est \u00e0 nouveau discrimin\u00e9s, expuls\u00e9s et on vit dans des ghettos dans des conditions inhumaines. \u00a0\u00bb Pourtant, a-t-il rappel\u00e9, \u00a0\u00bb ces hommes sont des habitants de pays membres de l&rsquo;Union europ\u00e9enne. Ils devraient donc avoir les m\u00eames droits \u00ab\u00a0. A la fin de son discours, Zoni Weisz fut longuement applaudi par l&rsquo;ensemble des d\u00e9put\u00e9s, debout.<\/div>\n<div><\/div>\n<div>F. Le. (Berlin, correspondant)<\/div>\n<div><\/div>\n<div><\/div>\n<div><\/div>\n<div><\/div>\n","protected":false},"excerpt":{"rendered":"<p>Le Bundestag a v\u00e9cu, jeudi 27 janvier, une s\u00e9ance exceptionnelle. Pour la premi\u00e8re fois de son histoire, le Parlement allemand avait invit\u00e9 un repr\u00e9sentant de la communaut\u00e9 rom \u00e0 s&rsquo;exprimer devant les d\u00e9put\u00e9s et les membres du gouvernement, y compris Angela Merkel, assise pour l&rsquo;occasion au premier rang. Il s&rsquo;agissait de comm\u00e9morer \u00a0\u00bb l&rsquo;Holocauste oubli\u00e9 [&hellip;]<\/p>\n","protected":false},"author":1,"featured_media":0,"comment_status":"closed","ping_status":"closed","sticky":false,"template":"","format":"standard","meta":{"footnotes":""},"categories":[6],"tags":[],"class_list":["post-874","post","type-post","status-publish","format-standard","hentry","category-devoir-de-memoire"],"_links":{"self":[{"href":"https:\/\/archives.rencontrestsiganes.org\/index.php\/wp-json\/wp\/v2\/posts\/874","targetHints":{"allow":["GET"]}}],"collection":[{"href":"https:\/\/archives.rencontrestsiganes.org\/index.php\/wp-json\/wp\/v2\/posts"}],"about":[{"href":"https:\/\/archives.rencontrestsiganes.org\/index.php\/wp-json\/wp\/v2\/types\/post"}],"author":[{"embeddable":true,"href":"https:\/\/archives.rencontrestsiganes.org\/index.php\/wp-json\/wp\/v2\/users\/1"}],"replies":[{"embeddable":true,"href":"https:\/\/archives.rencontrestsiganes.org\/index.php\/wp-json\/wp\/v2\/comments?post=874"}],"version-history":[{"count":0,"href":"https:\/\/archives.rencontrestsiganes.org\/index.php\/wp-json\/wp\/v2\/posts\/874\/revisions"}],"wp:attachment":[{"href":"https:\/\/archives.rencontrestsiganes.org\/index.php\/wp-json\/wp\/v2\/media?parent=874"}],"wp:term":[{"taxonomy":"category","embeddable":true,"href":"https:\/\/archives.rencontrestsiganes.org\/index.php\/wp-json\/wp\/v2\/categories?post=874"},{"taxonomy":"post_tag","embeddable":true,"href":"https:\/\/archives.rencontrestsiganes.org\/index.php\/wp-json\/wp\/v2\/tags?post=874"}],"curies":[{"name":"wp","href":"https:\/\/api.w.org\/{rel}","templated":true}]}}