{"id":872,"date":"2011-02-04T18:26:04","date_gmt":"2011-02-04T17:26:04","guid":{"rendered":"http:\/\/rt.boullier.fr\/?p=872"},"modified":"2011-02-04T18:26:04","modified_gmt":"2011-02-04T17:26:04","slug":"art872","status":"publish","type":"post","link":"https:\/\/archives.rencontrestsiganes.org\/index.php\/2011\/02\/04\/art872\/","title":{"rendered":"La loi de 1969 en sursis ?"},"content":{"rendered":"<div>&nbsp; En annexe il faut lire le compte-rendu int&eacute;gral des d&eacute;bats &agrave; l&rsquo;Assembl&eacute;e Nationale&nbsp; particuli&egrave;rement instructif sur les doutes et les certitudes des d&eacute;put&eacute;s .&nbsp;<\/div>\n<div>Ci-dessous : L&rsquo;analyse de &quot;D&eacute;p&egrave;ches tsiganes &quot;<\/div>\n<div>&nbsp;<\/div>\n<div>&nbsp;<\/div>\n<div>A noter<\/div>\n<div>&nbsp;<\/div>\n<div>La nouvelle mission du s&eacute;nateur H&eacute;risson charg&eacute; de proposer un projet de statut pour les gens du voyage constitue l&rsquo;info du jour.<\/div>\n<div>&nbsp;<\/div>\n<div>Dat&eacute;e du 25 janvier la lettre de mission sign&eacute;e de la main du premier ministre pourrait n&rsquo;&ecirc;tre qu&rsquo;une technique politicienne destin&eacute;e a renvoyer dans les oubliettes l&rsquo;initiative de l&rsquo;opposition porteuse d&rsquo;une proposition de loi visant &agrave; mettre fin au traitement discriminatoire des gens du voyage d&eacute;battue &agrave; l&rsquo;assembl&eacute;e nationale le 26. Des orateurs ne se sont pas priv&eacute;s de d&eacute;noncer une telle man&oelig;uvre. (Lisez le compte rendu des d&eacute;bats en document &agrave; la fin de ce flash). Pour sa part, Pierre H&eacute;risson affiche une ferme volont&eacute; d&rsquo;aboutir &agrave; une loi dans le courant de l&rsquo;automne (Lisez ses r&eacute;actions dans  Un projet de statut pour les gens du voyage ?).<\/div>\n<div>&nbsp;<\/div>\n<div>Regrettant le t&eacute;lescopage des calendriers, Dominique Raimbourg rapporteur de la proposition de loi sur le traitement discriminatoire et membre de la mission de l&rsquo;assembl&eacute;e nationale d&rsquo;&eacute;valuation du stationnement et de l&rsquo;habitat, estime qu&rsquo;il ne faut pas m&eacute;langer les questions de citoyennet&eacute; et d&rsquo;habitat (Lisez son point de vu dans L&rsquo;avenir des titres de circulation )<\/div>\n<div>&nbsp;<\/div>\n<div>De leur c&ocirc;t&eacute; les associations tsiganes particuli&egrave;rement concern&eacute;es observent les &eacute;v&egrave;nements avec un certain scepticisme. Elles se souviennent que depuis le pr&eacute;c&eacute;dent rapport de s&eacute;nateur (mai 2008), et les annonces de r&eacute;vision de la loi de 1969 faites par le gouvernement dans le cadre de la pr&eacute;sidence fran&ccedil;aise de l&rsquo;Union Europ&eacute;enne,(juillet &agrave; d&eacute;cembre 2008), rien ne s&rsquo;est concr&eacute;tis&eacute;.<\/div>\n<div>&nbsp;<\/div>\n<div>Entendant les d&eacute;clarations du ministre Philippe Richert et de plusieurs orateurs sur la n&eacute;cessaire consultation des int&eacute;ress&eacute;s, elles remarquent qu&rsquo;elles n&rsquo;ont pas &eacute;t&eacute; consult&eacute;es lors de la pr&eacute;paration de la circulaire du 28 ao&ucirc;t dernier concernant la r&eacute;vision des sch&eacute;mas d&eacute;partementaux d&rsquo;accueil des gens du voyage. Vos prochains Flashs vous informeront des r&eacute;actions des diff&eacute;rents acteurs qui pour la plus part attendent le vote du 1er f&eacute;vrier pour s&rsquo;exprimer.<\/div>\n<div>&nbsp;<\/div>\n<div>OB<\/div>\n<div>&nbsp;<\/div>\n<div>&nbsp;<\/div>\n","protected":false},"excerpt":{"rendered":"<p>C&rsquo;est ce que l&rsquo;on peut penser \u00e0 la lecture des d\u00e9bats \u00e0 l&rsquo;Assembl\u00e9e Nationale . Affaire \u00e0 suivre sans illusion. <\/p>\n","protected":false},"author":1,"featured_media":0,"comment_status":"closed","ping_status":"closed","sticky":false,"template":"","format":"standard","meta":{"footnotes":""},"categories":[17],"tags":[],"class_list":["post-872","post","type-post","status-publish","format-standard","hentry","category-lois-decrets-et-circulaires"],"_links":{"self":[{"href":"https:\/\/archives.rencontrestsiganes.org\/index.php\/wp-json\/wp\/v2\/posts\/872","targetHints":{"allow":["GET"]}}],"collection":[{"href":"https:\/\/archives.rencontrestsiganes.org\/index.php\/wp-json\/wp\/v2\/posts"}],"about":[{"href":"https:\/\/archives.rencontrestsiganes.org\/index.php\/wp-json\/wp\/v2\/types\/post"}],"author":[{"embeddable":true,"href":"https:\/\/archives.rencontrestsiganes.org\/index.php\/wp-json\/wp\/v2\/users\/1"}],"replies":[{"embeddable":true,"href":"https:\/\/archives.rencontrestsiganes.org\/index.php\/wp-json\/wp\/v2\/comments?post=872"}],"version-history":[{"count":0,"href":"https:\/\/archives.rencontrestsiganes.org\/index.php\/wp-json\/wp\/v2\/posts\/872\/revisions"}],"wp:attachment":[{"href":"https:\/\/archives.rencontrestsiganes.org\/index.php\/wp-json\/wp\/v2\/media?parent=872"}],"wp:term":[{"taxonomy":"category","embeddable":true,"href":"https:\/\/archives.rencontrestsiganes.org\/index.php\/wp-json\/wp\/v2\/categories?post=872"},{"taxonomy":"post_tag","embeddable":true,"href":"https:\/\/archives.rencontrestsiganes.org\/index.php\/wp-json\/wp\/v2\/tags?post=872"}],"curies":[{"name":"wp","href":"https:\/\/api.w.org\/{rel}","templated":true}]}}