{"id":858,"date":"2010-12-30T15:58:54","date_gmt":"2010-12-30T14:58:54","guid":{"rendered":"http:\/\/rt.boullier.fr\/?p=858"},"modified":"2010-12-30T15:58:54","modified_gmt":"2010-12-30T14:58:54","slug":"art858","status":"publish","type":"post","link":"https:\/\/archives.rencontrestsiganes.org\/index.php\/2010\/12\/30\/art858\/","title":{"rendered":"La position des instances  europ\u00e9ennes sur les Roms"},"content":{"rendered":"<div>&nbsp;<\/div>\n<div>&nbsp;<\/div>\n<h3>Le Collectif Romeurope et les instances europ&eacute;ennes<\/h3>\n<div>Note pour les membres<\/div>\n<div>D&eacute;cembre 2010<\/div>\n<div>&nbsp;<\/div>\n<div style=\"text-align: justify;\">1\/ En septembre dernier, suite aux &eacute;v&eacute;nements de l&rsquo;&eacute;t&eacute;, nous avons envoy&eacute; &agrave; Mme Reding (Vice-pr&eacute;sidente de la Commission et Commissaire europ&eacute;enne en charge de la justice, des droits fondamentaux et de la citoyennet&eacute;) le rapport Romeurope en lui demandant un rendez-vous.<\/div>\n<div style=\"text-align: justify;\">Le but &eacute;tait de lui apporter un compl&eacute;ment d&rsquo;information sur la situation des Roms en France et d&rsquo;examiner les suites que la Commission aurait pu donner &agrave; la plainte envoy&eacute;e par le GISTI.<\/div>\n<div style=\"text-align: justify;\">Le Collectif a,  en fait, collabor&eacute; &agrave; la r&eacute;colte des informations et documents et a &eacute;t&eacute; signataire (avec 7 autres associations) de la plainte envoy&eacute;e &agrave; Mme Reding fin ao&ucirc;t 2010. Celle-ci concernait notamment la violation du droit communautaire relatif &agrave; la libre circulation et la discrimination faite aux Roms par les institutions fran&ccedil;aises.<\/div>\n<div style=\"text-align: justify;\">Ant&eacute;rieurement, le Collectif avait particip&eacute; &agrave; la compilation par le ERRC (Centre europ&eacute;en pour le droit des Roms) d&rsquo;un dossier que ce dernier a envoy&eacute; &agrave; la Commission &#8211; aussi fin ao&ucirc;t 2010 &#8211; encore sur les violations du droit communautaire par les institutions fran&ccedil;aises &agrave; l&rsquo;&eacute;gard des Roms.<\/div>\n<div style=\"text-align: justify;\">A l&rsquo;issue de cette mobilisation du Collectif nous avons obtenu un rendez-vous, le 9 d&eacute;cembre, avec des fonctionnaires europ&eacute;ens (voir ci-dessous point 4).<\/div>\n<div style=\"text-align: justify;\">&nbsp;<\/div>\n<div style=\"text-align: justify;\">2\/ Le collectif Romeurope a &eacute;t&eacute; invit&eacute; &agrave; participer au  s&eacute;minaire organis&eacute; par H&eacute;l&egrave;ne Flautre, d&eacute;put&eacute;e europ&eacute;enne du groupe les verts-alliance libre europ&eacute;enne, sur l&rsquo;inclusion des Roms en Europe &agrave; Lille (le 17 novembre 2010). A cette occasion nous avons rencontr&eacute; M Ballester de l&rsquo;Unit&eacute; droits fondamentaux de la Commission europ&eacute;enne qui nous a donn&eacute; les informations suivantes :<\/div>\n<div style=\"text-align: justify;\">a\/ Les assurances envoy&eacute;es par la France, le 15 octobre dernier, seraient suffisantes pour la Commission afin qu&rsquo;elle ne poursuive pas la proc&eacute;dure d&rsquo;infraction. Ces assurances consisteraient en des propositions d&rsquo;amendements l&eacute;gislatifs au CESEDA qui assureraient la pleine conformit&eacute; du droit national au droit communautaire au sujet de la libre circulation et donc de la bonne application de la circulaire 2004\/38. Ce qui &eacute;tait demand&eacute; par la Commission. La France aurait aussi fourni un calendrier pr&eacute;cis pour l&rsquo;adoption de ces modifications d&rsquo;ici avril 2011, ceci est apparu comme un d&eacute;lai tout &agrave; fait raisonnable &agrave; la Commission. De ce fait, aucune proc&eacute;dure d&rsquo;infraction ne sera lanc&eacute;e contre la France &agrave; ce sujet. Rien par contre n&rsquo;est fix&eacute; par rapport &agrave; une &eacute;ventuelle proc&eacute;dure ayant pour objet un comportement discriminatoire de l&rsquo;Etat fran&ccedil;ais envers les Roms. Comme nous le savons tous et comme a le voulu rappeler le repr&eacute;sentant de la Commission, une telle proc&eacute;dure est tr&egrave;s d&eacute;licate et peu envisageable &agrave; moins d&rsquo;avoir la possibilit&eacute; de constituer un dossier avec des preuves &laquo; en b&eacute;ton &raquo;. Autrement, la Commission ne se risquerait jamais &agrave; une telle proc&eacute;dure.<\/div>\n<div style=\"text-align: justify;\">b\/ La Commission devrait rendre publique les conclusions de son analyse sur la situation fran&ccedil;aise (et non pas sur la plainte) pour la fin de l&rsquo;ann&eacute;e. Nous avons pris cette occasion pour donner &agrave; M Ballester une copie de l&rsquo;ARF (fond&eacute; sur la menace &agrave; l&rsquo;ordre public pour vol en r&eacute;union dans une d&eacute;ch&egrave;terie) du 20 octobre concernant un citoyen roumain lui interdisant l&rsquo;acc&egrave;s au territoire fran&ccedil;ais pour une dur&eacute;e de un an. Il nous a confirm&eacute; que cela est ill&eacute;gal, que la Commission n&rsquo;est pas dupe de<\/div>\n<div style=\"text-align: justify;\">&nbsp;<\/div>\n<div style=\"text-align: justify;\">&nbsp;<\/div>\n<div style=\"text-align: justify;\">ce point de vu mais que cela, pour le moment, ne changera rien &agrave; la d&eacute;cision de la Commission de ne pas poursuivre la France.<\/div>\n<div style=\"text-align: justify;\">c\/ M Ballester nous a confirm&eacute; que la Commission a re&ccedil;u et analys&eacute; la plainte envoy&eacute; par le GISTI, en &eacute;tant lui-m&ecirc;me charg&eacute; de cette analyse.<\/div>\n<div style=\"text-align: justify;\">d\/ M Ballester nous a confirm&eacute; qu&rsquo;un rendez-vous avec Romeurope est &agrave; l&rsquo;ordre du jour &agrave; la Commission. Celui-ci  ne sera pas avec Mme Reding mais avec Mme Belinda Pyke, responsable, entre autre, pour les actions contre la discrimination, ainsi qui avec des experts sur la libre circulation et M Ballester m&ecirc;me.<\/div>\n<div style=\"text-align: justify;\">A cette occasion nous avons aussi pu &eacute;changer avec des associations d&rsquo;Italie, d&rsquo;Espagne, du Royaume Uni sur la situation dans ces pays ainsi que sur leurs projets.<\/div>\n<div style=\"text-align: justify;\">3\/ Par ailleurs, Romeurope a pu participer (gr&acirc;ce &agrave; l&rsquo;invitation de la d&eacute;put&eacute;e europ&eacute;enne Marie-Christine Vergiat, group Front de Gauche &ndash; GUE\/NGL) le 30 novembre &agrave; l&rsquo;audition publique sur la &laquo; Strat&eacute;gie europ&eacute;enne sur l&rsquo;inclusion des Roms &raquo; en Commission LIBE du Parlement europ&eacute;en.  A cette occasion nous avons pu exprimer, devant des repr&eacute;sentants du Parlement europ&eacute;en, de la Commission europ&eacute;enne et du Conseil de l&rsquo;Europe, nos craintes sur la situation des Roms en France. Nous avons confirm&eacute; que les expulsions continuent comme pendant l&rsquo;&eacute;t&eacute; et que personne (parlementaires et soci&eacute;t&eacute; civile organis&eacute;e) n&rsquo;a connaissance des garanties envoy&eacute; par le gouvernement fran&ccedil;ais &agrave; la Commission.<\/div>\n<div style=\"text-align: justify;\">&nbsp;<\/div>\n<div style=\"text-align: justify;\">4\/ Le 9 d&eacute;cembre le Collectif Romeurope a donc eu le rendez-vous pr&eacute;vu avec les fonctionnaires europ&eacute;ens. Plus pr&eacute;cis&eacute;ment nous avons rencontr&eacute; deux personnes de la Direction g&eacute;n&eacute;rale Emploi, Unit&eacute; anti discrimination et deux personnes appartenant &agrave; la DG Justice, Unit&eacute; droits fondamentaux (parmi ces derniers M Ballester).<\/div>\n<div style=\"text-align: justify;\">Claudia Charles du GISTI a &eacute;galement particip&eacute; &agrave; cette rencontre. Elle a &eacute;t&eacute; l&rsquo;occasion pour repr&eacute;ciser la situation actuelle en France. En particulier, nous avons alert&eacute; la Commission sur le manque total de communication au niveau national concernant les garanties que la France a fournies &agrave; la CE le 15 octobre et gr&acirc;ce auxquelles la proc&eacute;dure d&rsquo;infraction a &eacute;t&eacute; suspendue (voir abandonn&eacute;e). Par contre les amendements dont nous avons connaissance ne pr&eacute;voient pas l&rsquo;introduction dans la l&eacute;gislation fran&ccedil;aise des garanties pr&eacute;vues par la directive 2004\/38. Au contraire ces amendements sont en contradiction avec le droit communautaire.<\/div>\n<div style=\"text-align: justify;\">Nous avons donc incit&eacute; la CE &agrave; rester vigilante, particuli&egrave;rement quand auront lieu les discussions &agrave; l&rsquo;Assembl&eacute;e nationale (janvier 2011) de ces amendements approuv&eacute;s par le Senat le 12 octobre 2010. Nous avons aussi eu la possibilit&eacute; d&rsquo;alerter sur le fait que les pratiques administratives restent les m&ecirc;mes, voir qu&rsquo;elles empirent. Les fonctionnaires pr&eacute;sents nous ont sugg&eacute;r&eacute; de continuer &agrave; recueillir ces preuves et de les envoyer au moment venu.<\/div>\n<div style=\"text-align: justify;\">Les fonctionnaires appartenant &agrave; la DG Emploi, anti discrimination ont tenu &agrave; nous dire que les discriminations concernant le droit des communautaires &agrave; la libre circulation ne rentrent pas dans leur champs de comp&eacute;tences mais restent dans celui de la DG Justice.<\/div>\n<div style=\"text-align: justify;\">Nous n&rsquo;avons donc pas eu des r&eacute;sultats imm&eacute;diats mais il faut consid&eacute;rer positive cette ouverture d&rsquo;un lien direct avec les fonctionnaires europ&eacute;ens charg&eacute;s du dossier.<\/div>\n<div style=\"text-align: justify;\">&nbsp;<\/div>\n<div style=\"text-align: justify;\">&nbsp;<\/div>\n<div style=\"text-align: justify;\">&nbsp;<\/div>\n<div style=\"text-align: justify;\">A la mi-d&eacute;cembre le GISTI a re&ccedil;u une r&eacute;ponse officielle de la part de Mme Reding concernant la plainte (voir pi&egrave;ce jointe, merci de ne pas diffuser plus largement pour le moment).<\/div>\n<div style=\"text-align: justify;\">&nbsp;<\/div>\n<div style=\"text-align: justify;\">5\/ La derni&egrave;re &eacute;tape en date relative &agrave; la pr&eacute;sence de Romeurope aupr&egrave;s des institutions et des r&eacute;unions au sujet de Roms au niveau europ&eacute;en, a &eacute;t&eacute; notre participation lundi 13 d&eacute;cembre &agrave; la quatri&egrave;me r&eacute;union de la Plateforme europ&eacute;enne pour l&rsquo;inclusion des Roms. L&rsquo;id&eacute;e de cette Plateforme est n&eacute;e lors du premier Sommet sur les Roms en 2008. Les r&eacute;unions de la plateforme sont d&eacute;cid&eacute;es et conduites par l&rsquo;Etat Membre en charge de la Pr&eacute;sidence du Conseil. La premi&egrave;re r&eacute;union s&rsquo;est tenue &agrave; Prague en 2009. Cette quatri&egrave;me r&eacute;union avait comme sujet principal &laquo; les enfants &raquo;. Une premi&egrave;re &eacute;bauche d&rsquo;un rapport contenant des recommandations pour la Commission europ&eacute;enne et les Etats membres &agrave; &eacute;t&eacute; pr&eacute;sent&eacute;e et discut&eacute;e (un exemplaire en anglais est disponible aupr&egrave;s de la coordination).<\/div>\n<div style=\"text-align: justify;\">&nbsp;<\/div>\n<div style=\"text-align: justify;\">Parmi les recommandations, les suivantes m&eacute;ritent une attention et un suivi particulier :<\/div>\n<div style=\"text-align: justify;\">&nbsp;<\/div>\n<div style=\"text-align: justify;\">a\/ Cette Plateforme  recommande &agrave;  la Commission europ&eacute;enne de demander explicitement  aux Etats membres la mise en place d&rsquo;une strat&eacute;gie nationale pour l&rsquo;inclusion des Roms au sein du &laquo; Programme national de r&eacute;forme &raquo; que chaque Etat membres doit pr&eacute;voir dans la mise en place de la  Strat&eacute;gie Europe 2020 (pour sortir de la crise et pr&eacute;parer l&rsquo;&eacute;conomie de l&rsquo;UE pour la d&eacute;cennie &agrave; venir).<\/div>\n<div style=\"text-align: justify;\">&nbsp;<\/div>\n<div style=\"text-align: justify;\">b\/ La d&eacute;finition d&rsquo;un cadre pr&eacute;cis et de lignes directrices de la part de la CE pour favoriser le recueil de donn&eacute;es sur base ethniques  afin de cerner mieux les probl&egrave;mes (voir Rapport de la D&eacute;cade pour l&rsquo;inclusion des Roms et de l&rsquo;Open Society Institute : No data NO Progress &ndash;<\/div>\n<div style=\"text-align: justify;\">http:\/\/www.soros.org\/initiatives\/roma\/articles_publications\/publications\/no-data-no-progress-20100628 ).<\/div>\n<div style=\"text-align: justify;\">Ce dernier point n&rsquo;a pas &eacute;t&eacute; &agrave; mon avis assez d&eacute;velopp&eacute; mais il n&rsquo;a pas non plus soulev&eacute; de pol&eacute;miques. Cette recommandation se compl&egrave;te avec la n&eacute;cessit&eacute; de cr&eacute;er des indicateurs et des benchmarks sur le bien &ecirc;tre des enfants qui tiennent compte de leur point de vue.<\/div>\n<div style=\"text-align: justify;\">&nbsp;<\/div>\n<div style=\"text-align: justify;\">c\/ Par contre une autre recommandation a soulev&eacute; beaucoup de pol&eacute;miques, surtout de la part des association Roms ainsi que de la D&eacute;cade (www.romadecade.org ) ; il s&rsquo;agit de la pr&eacute;vision de rendre obligatoire le suivi des deux ans de pr&eacute;scolarisation avant le d&eacute;but de l&rsquo;&eacute;cole &eacute;l&eacute;mentaire. Ainsi que d&rsquo;autres points li&eacute;s &agrave; l&rsquo;&acirc;ge 0-3 ans. Les commentaires critiques soulignaient la n&eacute;cessit&eacute; d&rsquo;&ecirc;tre r&eacute;aliste (par rapport au ressenti des familles et surtout des m&egrave;res Roms et les possibilit&eacute;s concr&egrave;tes) et d&rsquo;insister d&eacute;j&agrave; pour que ce qui est pr&eacute;vu par les lois actuelles (et non respect&eacute; dans certains Etats Membres) soit mis en place.<\/div>\n<div style=\"text-align: justify;\">&nbsp;<\/div>\n<div style=\"text-align: justify;\">d\/ Une autre recommandation a &eacute;t&eacute; celle de d&eacute;velopper des services pour la communaut&eacute; (r&eacute;alis&eacute; par des Roms ou non). Ont &eacute;t&eacute; mentionn&eacute;s les &laquo; m&eacute;diateurs &raquo;. Le d&eacute;bat a converg&eacute; vers l&rsquo;importance de d&eacute;velopper rapidement des services &laquo; passerelle &raquo; pour faciliter le respect des droits pour les  Roms et leur inscription dans le droit commun. L&rsquo;id&eacute;e consiste &agrave; cr&eacute;er des services sp&eacute;cifiques sur la base du mot d&rsquo;ordre europ&eacute;en &laquo; ciblage explicite mais pas exclusif &raquo; de cette population. En m&ecirc;me temps l&rsquo;accent a &eacute;t&eacute; pos&eacute; sur le r&ocirc;le envisageable des femmes et des jeunes filles de la communaut&eacute; pour d&eacute;velopper des services pour l&rsquo;enfance.<\/div>\n<div style=\"text-align: justify;\">&nbsp;<\/div>\n<div style=\"text-align: justify;\">La Plateforme a la t&acirc;che d&rsquo;int&eacute;grer les diff&eacute;rentes propositions recueillies lors de cette rencontre dans le projet de Rapport pour ensuite le rediffuser aux participants et &agrave; la Commission.<\/div>\n<div style=\"text-align: justify;\">&nbsp;<\/div>\n<div style=\"text-align: justify;\">Le Collectif Romeurope continu &agrave; poursuivre une activit&eacute; de plaidoyer au niveau europ&eacute;en, comme au niveau national, pour le respect des droits fondamentaux des populations roms.<\/div>\n<div style=\"text-align: justify;\">&nbsp;<\/div>\n<div style=\"text-align: justify;\">&nbsp;<\/div>\n","protected":false},"excerpt":{"rendered":"<p> Apr\u00e8s le scandale de l&rsquo;\u00e9t\u00e9 on lira le compte-rendu des diverses contacts du collectif  Romeurope  avec les instances europ\u00e9ennes.  <\/p>\n","protected":false},"author":1,"featured_media":0,"comment_status":"closed","ping_status":"closed","sticky":false,"template":"","format":"standard","meta":{"footnotes":""},"categories":[18],"tags":[58],"class_list":["post-858","post","type-post","status-publish","format-standard","hentry","category-migrants-roms","tag-europe"],"_links":{"self":[{"href":"https:\/\/archives.rencontrestsiganes.org\/index.php\/wp-json\/wp\/v2\/posts\/858","targetHints":{"allow":["GET"]}}],"collection":[{"href":"https:\/\/archives.rencontrestsiganes.org\/index.php\/wp-json\/wp\/v2\/posts"}],"about":[{"href":"https:\/\/archives.rencontrestsiganes.org\/index.php\/wp-json\/wp\/v2\/types\/post"}],"author":[{"embeddable":true,"href":"https:\/\/archives.rencontrestsiganes.org\/index.php\/wp-json\/wp\/v2\/users\/1"}],"replies":[{"embeddable":true,"href":"https:\/\/archives.rencontrestsiganes.org\/index.php\/wp-json\/wp\/v2\/comments?post=858"}],"version-history":[{"count":0,"href":"https:\/\/archives.rencontrestsiganes.org\/index.php\/wp-json\/wp\/v2\/posts\/858\/revisions"}],"wp:attachment":[{"href":"https:\/\/archives.rencontrestsiganes.org\/index.php\/wp-json\/wp\/v2\/media?parent=858"}],"wp:term":[{"taxonomy":"category","embeddable":true,"href":"https:\/\/archives.rencontrestsiganes.org\/index.php\/wp-json\/wp\/v2\/categories?post=858"},{"taxonomy":"post_tag","embeddable":true,"href":"https:\/\/archives.rencontrestsiganes.org\/index.php\/wp-json\/wp\/v2\/tags?post=858"}],"curies":[{"name":"wp","href":"https:\/\/api.w.org\/{rel}","templated":true}]}}