{"id":853,"date":"2010-12-08T11:11:07","date_gmt":"2010-12-08T11:11:07","guid":{"rendered":"http:\/\/rt.boullier.fr\/?p=853"},"modified":"2010-12-08T11:11:07","modified_gmt":"2010-12-08T11:11:07","slug":"art853","status":"publish","type":"post","link":"https:\/\/archives.rencontrestsiganes.org\/index.php\/2010\/12\/08\/art853\/","title":{"rendered":"Roms : Les associations contre l&rsquo;Etat Fran\u00e7ais"},"content":{"rendered":"<p style=\"text-align: left;\">AFP<\/p>\n<div>25\/11\/2010 |<\/div>\n<div><\/div>\n<div style=\"text-align: justify;\">Plusieurs associations ont contest\u00e9 aujourd&rsquo;hui la politique de la France \u00e0 l&rsquo;\u00e9gard des Roms. Il l&rsquo;a juge discriminatoire et d\u00e9non\u00e7ent les conditions des reconduites \u00e0 la fronti\u00e8re et les difficult\u00e9s d&rsquo;acc\u00e8s \u00e0 l&#8217;emploi ainsi qu&rsquo;\u00e0 l&rsquo;\u00e9ducation et \u00e0 la sant\u00e9, lors d&rsquo;une conf\u00e9rence de presse au si\u00e8ge du CCFD-Terre Solidaire.<\/div>\n<div style=\"text-align: justify;\"><\/div>\n<div style=\"text-align: justify;\">L&rsquo;association rom de Roumanie Romani CRISS, qui vient d&rsquo;enqu\u00eater dans les camps de roms en France, juge que les reconduites volontaires \u00e0 la fronti\u00e8re \u00ab\u00a0ne sont pas si volontaires que \u00e7a\u00a0\u00bb. \u00ab\u00a0On commence par d\u00e9truire leurs camps et ensuite on les menace d&#8217;emprisonnement, alors ils signent pour partir mais on peut difficilement parler de rapatriement volontaire\u00a0\u00bb, a estim\u00e9 Marian Mandache, charg\u00e9 des droits de l&rsquo;homme au sein de Romani CRISS.<\/div>\n<div style=\"text-align: justify;\"><\/div>\n<div style=\"text-align: justify;\">Il d\u00e9plore que depuis fin juillet, la politique fran\u00e7aise soit \u00ab\u00a0devenue r\u00e9pressive, sp\u00e9cialement \u00e0 l&rsquo;\u00e9gard d&rsquo;un groupe ethnique, les Roms.<\/div>\n<div style=\"text-align: justify;\"><\/div>\n<div style=\"text-align: justify;\">Romeurope, collectif d&rsquo;associations fran\u00e7aises de d\u00e9fense des Roms, souligne de son c\u00f4t\u00e9 que le plus souvent, les OQTF (obligation de quitter le territoire fran\u00e7ais) ne sont pas conformes \u00e0 la l\u00e9gislation.<\/div>\n<div style=\"text-align: justify;\"><\/div>\n<div style=\"text-align: justify;\">Ces documents doivent \u00eatre individualis\u00e9s avec des pr\u00e9cisions sur le cas des expulsables (date de l&rsquo;arriv\u00e9e en France, conditions de logements, de travail, situation de famille..): or, le plus souvent, ils sont pr\u00e9par\u00e9s \u00e0 l&rsquo;avance et ne comportent que le nom de la personne concern\u00e9e et des motifs tr\u00e8s g\u00e9n\u00e9raux.<\/div>\n<div style=\"text-align: justify;\"><\/div>\n<div style=\"text-align: justify;\">Romeurope et le Gisti (Groupe d&rsquo;information et de soutien des immigr\u00e9s) ont transmis \u00e0 la Commission europ\u00e9enne un dossier de quelque 200 plaintes sur ce point pr\u00e9cis d&rsquo;OQTF non conformes au droit.<\/div>\n<div style=\"text-align: justify;\"><\/div>\n<div style=\"text-align: justify;\">Romani CRISS d\u00e9plore aussi les difficult\u00e9s des Roms \u00e0 trouver du travail: \u00ab\u00a0ils cherchent des emplois peu qualifi\u00e9s et on leur demande leurs dipl\u00f4mes\u00a0\u00bb, dit Marian Mandache.<\/div>\n<div style=\"text-align: justify;\"><\/div>\n<div style=\"text-align: justify;\">En outre ils subissent les effets du r\u00e9gime europ\u00e9en transitoire, qui concerne la Roumanie et la Bulgarie, pr\u00e9voyant notamment que leur embauche est plus r\u00e9glement\u00e9e que celles des autres ressortissants europ\u00e9ens. \u00ab\u00a0La France a le droit de maintenir ce r\u00e9gime transitoire \u00e0 leur \u00e9gard mais elle n&rsquo;en a pas l&rsquo;obligation\u00a0\u00bb, dit-il en soulignant que l&rsquo;Espagne a supprim\u00e9 ces dispositions.<\/div>\n<div style=\"text-align: justify;\"><\/div>\n<div style=\"text-align: justify;\">Les associations notent aussi les difficult\u00e9s de scolarisation des enfants alors que \u00ab\u00a0le droit \u00e0 l&rsquo;\u00e9ducation est garanti par le droit international (convention de l&rsquo;ONU sur les enfants) ind\u00e9pendamment du statut des parents, qu&rsquo;il soit l\u00e9gal ou pas\u00a0\u00bb.<\/div>\n<div style=\"text-align: justify;\"><\/div>\n<div style=\"text-align: justify;\">Plus globalement, Romeurope estime que la France n&rsquo;a pas \u00e0 reporter sur la Roumanie le probl\u00e8me des Roms, ni \u00e0 s&rsquo;en remettre aux d\u00e9cisions europ\u00e9ennes sur le sujet. C&rsquo;est \u00e0 elle de s&rsquo;occuper de l&rsquo;int\u00e9gration des Roms qui se trouvent sur son territoire (15.000 environ).<\/div>\n<div style=\"text-align: justify;\"><\/div>\n<div style=\"text-align: justify;\">En discriminant les Roms, \u00ab\u00a0on les prive du r\u00eave europ\u00e9en\u00a0\u00bb, d\u00e9plore Marian Mandache. \u00ab\u00a0La France, il y a plus de deux si\u00e8cles, a montr\u00e9 l&rsquo;exemple en abolissant le tiers \u00e9tat et aujourd&rsquo;hui elle contribue \u00e0 en reconstituer un\u00a0\u00bb, d\u00e9plore-t-il.<\/div>\n<div style=\"text-align: justify;\"><\/div>\n<div style=\"text-align: justify;\"><\/div>\n","protected":false},"excerpt":{"rendered":"<p>Apr\u00e8s  d&rsquo;autres le CCFD et Romani CRISIS mettent en cause la politique fran\u00e7aise \u00e0 l&rsquo;\u00e9gard des Rroms <\/p>\n","protected":false},"author":1,"featured_media":0,"comment_status":"closed","ping_status":"closed","sticky":false,"template":"","format":"standard","meta":{"footnotes":""},"categories":[18],"tags":[],"class_list":["post-853","post","type-post","status-publish","format-standard","hentry","category-migrants-roms"],"_links":{"self":[{"href":"https:\/\/archives.rencontrestsiganes.org\/index.php\/wp-json\/wp\/v2\/posts\/853","targetHints":{"allow":["GET"]}}],"collection":[{"href":"https:\/\/archives.rencontrestsiganes.org\/index.php\/wp-json\/wp\/v2\/posts"}],"about":[{"href":"https:\/\/archives.rencontrestsiganes.org\/index.php\/wp-json\/wp\/v2\/types\/post"}],"author":[{"embeddable":true,"href":"https:\/\/archives.rencontrestsiganes.org\/index.php\/wp-json\/wp\/v2\/users\/1"}],"replies":[{"embeddable":true,"href":"https:\/\/archives.rencontrestsiganes.org\/index.php\/wp-json\/wp\/v2\/comments?post=853"}],"version-history":[{"count":0,"href":"https:\/\/archives.rencontrestsiganes.org\/index.php\/wp-json\/wp\/v2\/posts\/853\/revisions"}],"wp:attachment":[{"href":"https:\/\/archives.rencontrestsiganes.org\/index.php\/wp-json\/wp\/v2\/media?parent=853"}],"wp:term":[{"taxonomy":"category","embeddable":true,"href":"https:\/\/archives.rencontrestsiganes.org\/index.php\/wp-json\/wp\/v2\/categories?post=853"},{"taxonomy":"post_tag","embeddable":true,"href":"https:\/\/archives.rencontrestsiganes.org\/index.php\/wp-json\/wp\/v2\/tags?post=853"}],"curies":[{"name":"wp","href":"https:\/\/api.w.org\/{rel}","templated":true}]}}