{"id":842,"date":"2010-11-13T10:52:08","date_gmt":"2010-11-13T09:52:08","guid":{"rendered":"http:\/\/rt.boullier.fr\/?p=842"},"modified":"2010-11-13T10:52:08","modified_gmt":"2010-11-13T09:52:08","slug":"art842","status":"publish","type":"post","link":"https:\/\/archives.rencontrestsiganes.org\/index.php\/2010\/11\/13\/art842\/","title":{"rendered":"Plainte contre un maire pour propos raciste"},"content":{"rendered":"<div style=\"text-align: center;\"><strong>CITATION DIRECTE <\/strong><\/div>\n<div style=\"text-align: center;\"><strong>DEVANT LE TRIBUNAL CORRECTIONNEL D&rsquo;AVIGNON<\/strong><\/div>\n<div style=\"text-align: center;\">&nbsp;<\/div>\n<div style=\"text-align: center;\"><strong>L&rsquo;AN DEUX MILLE DIX <\/strong><\/div>\n<div>ET LE<\/div>\n<div>&nbsp;<\/div>\n<div>A la requ&ecirc;te de :<\/div>\n<div>&nbsp;<\/div>\n<div>La FEDERATION DE VAUCLUSE DU MOUVEMENT CONTRE LE RACISME ET POUR L&rsquo;AMITIE ENTRE LES PEUPLES, Association de la loi de 1901 enregistr&eacute;e &agrave; la Pr&eacute;fecture d&rsquo;Avignon sous le num&eacute;ro 5577, ayant son si&egrave;ge social sis 26 rue des Teinturiers, 84000 AVIGNON, agissant par son Pr&eacute;sident en exercice domicili&eacute; &egrave;s qualit&eacute;s audit si&egrave;ge, ladite Association &eacute;lit express&eacute;ment domicile, pour les besoins de la proc&eacute;dure, &agrave; son si&egrave;ge social, 26 rue des teinturiers, 84000 AVIGNON<\/div>\n<div>&nbsp;<\/div>\n<div>Ayant pour Avocat Ma&icirc;tre Emmanuel URIEN, Avocat au Barreau de Marseille, demeurant 54, Cours Pierre Puget, 13006 Marseille (T&eacute;l&eacute;phone : 04.91.54.12.25- T&eacute;l&eacute;copie : 04.91.54.12.26).<\/div>\n<div>&nbsp;<\/div>\n<div>CONTRE :<\/div>\n<div>&nbsp;<\/div>\n<div>Monsieur Roger PELLENC, Maire de Pertuis (84120), demeurant et domicili&eacute; Quartier Notre Dame des Anges, Route de Villelaure, 84120  PERTUIS<\/div>\n<div>&nbsp;<\/div>\n<div>J&rsquo;ai<\/div>\n<div>&nbsp;<\/div>\n<div>&nbsp;<\/div>\n<div>DONNE CITATION A :<\/div>\n<div>&nbsp;<\/div>\n<div>Monsieur Roger PELLENC, Maire de Pertuis, demeurant et domicili&eacute; Maire de Pertuis (84120), demeurant et domicili&eacute; Quartier Notre Dame des Anges, Route de Villelaure, 84120  PERTUIS<\/div>\n<div>&nbsp;<\/div>\n<div>En pr&eacute;sence de Monsieur le Procureur de la R&eacute;publique<\/div>\n<div>&nbsp;<\/div>\n<div>A COMPARAITRE LE :<\/div>\n<div>&nbsp;<\/div>\n<div>devant la  chambre du Tribunal correctionnel d&rsquo;Avignon 2 Boulevard Limbert, Avignon (84078).<\/div>\n<div>&nbsp;<\/div>\n<div>&nbsp;<\/div>\n<div>TRES IMPORTANT<\/div>\n<div>&nbsp;<\/div>\n<div>Vous &ecirc;tes tenu de vous pr&eacute;senter &agrave; cette audience seul ou assist&eacute; d&rsquo;un Avocat qui peut dans certains cas vous repr&eacute;senter.<\/div>\n<div>&nbsp;<\/div>\n<div>Si vous estimez &ecirc;tre dans l&rsquo;impossibilit&eacute; de vous pr&eacute;senter, vous devez adresser une lettre au Pr&eacute;sident du Tribunal, pour expliquer les raisons qui vous emp&ecirc;cheront de venir &agrave; l&rsquo;audience.<\/div>\n<div>&nbsp;<\/div>\n<div>Vous joindrez &agrave; votre lettre toutes pi&egrave;ces justificatives.<\/div>\n<div>&nbsp;<\/div>\n<div>Si vos raisons sont admises par le Tribunal une nouvelle citation vous sera adress&eacute;e.<\/div>\n<div>&nbsp;<\/div>\n<div>Dans le cas contraire votre affaire sera jug&eacute;e.<\/div>\n<div>&nbsp;<\/div>\n<div>Vous devez rappeler dans votre lettre la date et l&rsquo;heure de l&rsquo;audience &agrave; laquelle vous &ecirc;tes convoqu&eacute; (ainsi que le num&eacute;ro de la Chambre indiqu&eacute;e ci-dessus).<\/div>\n<div>&nbsp;<\/div>\n<div>Si vous d&eacute;sirez le concours d&rsquo;un Avocat, vous pouvez soit faire assurer &agrave; vos frais votre d&eacute;fense par un Avocat que vous aurez choisi, soit demander au B&acirc;tonnier de l&rsquo;Ordre des Avocats ou au Pr&eacute;sident du Tribunal, la d&eacute;signation d&rsquo;Office d&rsquo;un d&eacute;fenseur.<\/div>\n<div>&nbsp;<\/div>\n<div>&nbsp;<\/div>\n<div>&nbsp;<\/div>\n<div>&nbsp;<\/div>\n<div>&nbsp;<\/div>\n<div>&nbsp;<\/div>\n<div>&nbsp;<\/div>\n<div>&nbsp;<\/div>\n","protected":false},"excerpt":{"rendered":"<p>La Ligue des Droits de l&rsquo;Homme et la MRAP ont chacun engag\u00e9 une proc\u00e9dure  judiciaire contre le maire de PERTUIS  \u00e0 la suite des proposs qu&rsquo;il a tenu dans une \u00e9mission de TF1 en juillet dernier.  <\/p>\n","protected":false},"author":1,"featured_media":0,"comment_status":"closed","ping_status":"closed","sticky":false,"template":"","format":"standard","meta":{"footnotes":""},"categories":[3],"tags":[],"class_list":["post-842","post","type-post","status-publish","format-standard","hentry","category-fabrique-du-droit"],"_links":{"self":[{"href":"https:\/\/archives.rencontrestsiganes.org\/index.php\/wp-json\/wp\/v2\/posts\/842","targetHints":{"allow":["GET"]}}],"collection":[{"href":"https:\/\/archives.rencontrestsiganes.org\/index.php\/wp-json\/wp\/v2\/posts"}],"about":[{"href":"https:\/\/archives.rencontrestsiganes.org\/index.php\/wp-json\/wp\/v2\/types\/post"}],"author":[{"embeddable":true,"href":"https:\/\/archives.rencontrestsiganes.org\/index.php\/wp-json\/wp\/v2\/users\/1"}],"replies":[{"embeddable":true,"href":"https:\/\/archives.rencontrestsiganes.org\/index.php\/wp-json\/wp\/v2\/comments?post=842"}],"version-history":[{"count":0,"href":"https:\/\/archives.rencontrestsiganes.org\/index.php\/wp-json\/wp\/v2\/posts\/842\/revisions"}],"wp:attachment":[{"href":"https:\/\/archives.rencontrestsiganes.org\/index.php\/wp-json\/wp\/v2\/media?parent=842"}],"wp:term":[{"taxonomy":"category","embeddable":true,"href":"https:\/\/archives.rencontrestsiganes.org\/index.php\/wp-json\/wp\/v2\/categories?post=842"},{"taxonomy":"post_tag","embeddable":true,"href":"https:\/\/archives.rencontrestsiganes.org\/index.php\/wp-json\/wp\/v2\/tags?post=842"}],"curies":[{"name":"wp","href":"https:\/\/api.w.org\/{rel}","templated":true}]}}