{"id":807,"date":"2010-08-24T08:48:12","date_gmt":"2010-08-24T08:48:12","guid":{"rendered":"http:\/\/rt.boullier.fr\/?p=807"},"modified":"2010-08-24T08:48:12","modified_gmt":"2010-08-24T08:48:12","slug":"art807","status":"publish","type":"post","link":"https:\/\/archives.rencontrestsiganes.org\/index.php\/2010\/08\/24\/art807\/","title":{"rendered":"A Aix-en-Provence des familles de roms expuls\u00e9es sous les yeux de l&rsquo;Ev\u00eaque"},"content":{"rendered":"<h3 style=\"text-align: center;\">Rappel des faits<\/h3>\n<div>\u00a0En bordure de l&rsquo;autoroute \u00e0 proximit\u00e9 de la fondation Vassarely quelques familles Roms campent dans une tr\u00e8s grande\u00a0 pr\u00e9carit\u00e9 depuis plusieurs ann\u00e9es .<\/div>\n<div><\/div>\n<div>A la demande de madame le Maire d&rsquo;Aix en Provence, l&rsquo;Etat (la direction des routes) propri\u00e9taire du terrain engage une proc\u00e9dure d&rsquo;expulsion.\u00a0Dans un premier temps Le Tribunal rejette la plainte qui est imm\u00e9diatement suivie d&rsquo;une nouvelle proc\u00e9dure de la part de la mairie d&rsquo;Aix pour trouble \u00e0 l&rsquo;ordre public.\u00a0Curieusement, le magistrat retient cette nouvelle plainte et refuse d&rsquo;entendre la plaidoirie de l&rsquo;avocat des Roms ma\u00eetre Claudie Hubert ? Plus curieusement encore\u00a0 le tribunal justifie l&rsquo;expulsion consid\u00e9rant que l&rsquo;aire d &lsquo;accueil des Gens du voyage du R\u00e9altor qui dispose de l&rsquo;eau et de l&rsquo; \u00e9lectricit\u00e9 doit accueillir ces famille. Le gestionnaire de ce terrain, ALOTRA, a pourtant pr\u00e9ciser que ce terrain n&rsquo;est accessible qu&rsquo;aux Gens du voyage titulaires d&rsquo;un carnet de circulation. Ce n&rsquo;est bien s\u00fbr pas le cas des Roms roumains.<\/div>\n<div><\/div>\n<div>Comment dans ces conditions faire confiance \u00e0 la justice qui, dans la circonstance semble appliquer \u00e0 la lettre les d\u00e9cisions du\u00a0 chef de l&rsquo;Etat au m\u00e9pris du droit le plus \u00e9l\u00e9mentaire ?<\/div>\n<div><\/div>\n<h3>Aix : l&rsquo;archev\u00eaque soutient les Roms<\/h3>\n<div>Publi\u00e9 le samedi 21 ao\u00fbt 2010 \u00e0 17H17<\/div>\n<div><\/div>\n<div>Monseigneur Dufour a \u00e9t\u00e9 le t\u00e9moin de la destruction du camp d&rsquo;Aix. Il \u00e9voque une politique \u00ab\u00a0s\u00e9curitaire\u00a0\u00bb et en appelle au respect<\/div>\n<div>En poste \u00e0 Aix depuis un an, l&rsquo;archev\u00eaque pr\u00f4ne \u00ab\u00a0un amour pr\u00e9f\u00e9rentiel pour les plus pauvres\u00a0\u00bb.<\/div>\n<div>\n<figure id=\"attachment_10641\" aria-describedby=\"caption-attachment-10641\" style=\"width: 300px\" class=\"wp-caption aligncenter\"><a href=\"https:\/\/archives.rencontrestsiganes.org\/wp-content\/uploads\/jpg_expulsion_aix_.jpg\"><img loading=\"lazy\" decoding=\"async\" class=\"size-medium wp-image-10641\" src=\"https:\/\/archives.rencontrestsiganes.org\/wp-content\/uploads\/jpg_expulsion_aix_-300x192.jpg\" alt=\"expulsion_aix_.jpg\" width=\"300\" height=\"192\" \/><\/a><figcaption id=\"caption-attachment-10641\" class=\"wp-caption-text\"><center><em>Photo Serge Mercier<\/em><\/center><\/figcaption><\/figure>\n<p><strong><em>Vous \u00e9tiez jeudi soir parmi les Roms, traverse de la Vierge Noire, quand la police est arriv\u00e9e. Par quel hasard ?<\/em><\/strong><\/p>\n<\/div>\n<div><\/div>\n<div>J&rsquo;ai demand\u00e9 \u00e0 rencontrer dans ce dioc\u00e8se les plus pauvres, ceux qui vivent en marge de notre soci\u00e9t\u00e9. Le diacre Bernard Robin, l&rsquo;un de mes plus proches collaborateurs, devait me conduire aupr\u00e8s des Roms depuis quelque temps, sans conna\u00eetre \u00e0 l&rsquo;\u00e9poque les discours s\u00e9curitaires de l&rsquo;\u00e9t\u00e9. C&rsquo;est une mission normale de rencontrer ceux que l&rsquo;on voit mendier \u00e0 la sortie des \u00e9glises.<\/div>\n<div><\/div>\n<div><em><strong>Comment s&rsquo;est d\u00e9roul\u00e9e la rencontre ?<\/strong><\/em><\/div>\n<div><\/div>\n<div>Ils sont chr\u00e9tiens orthodoxes -ils auraient \u00e9t\u00e9 musulmans, cela n&rsquo;aurait rien chang\u00e9-, et la proximit\u00e9 d&rsquo;une m\u00eame foi rend le dialogue plus facile. Nous avons \u00e9voqu\u00e9 leur situation. Comme cette jeune fille qui a eu son bac en Roumanie, a \u00e9tudi\u00e9 pendant 9 ans le Fran\u00e7ais, qui vit ici depuis 8 ans. \u00c9coutons, mettons-nous \u00e0 leur place: s&rsquo;il y a possibilit\u00e9 pour une famille d&rsquo;un avenir meilleur dans un autre pays, elle y emm\u00e8ne ses enfants.<\/div>\n<div><\/div>\n<div><strong><em>Comptez-vous voir aussi les Roms install\u00e9s \u00e0 l&rsquo;Arbois ?<\/em><\/strong><\/div>\n<div><\/div>\n<div>C&rsquo;\u00e9tait organis\u00e9 ce jeudi mais je suis rest\u00e9 plus longtemps que pr\u00e9vu. C&rsquo;est une des orientations de mon dioc\u00e8se: un amour pr\u00e9f\u00e9rentiel pour les plus pauvres. Cela fait partie de la foi chr\u00e9tienne. Je reprendrai la parabole du bon Samaritain: nous faire proche d&rsquo;eux, plut\u00f4t que de les \u00e9loigner de nous. On ne peut accepter qu&rsquo;il n&rsquo;y ait pas de respect. Il faut leur offrir des conditions minimales de vie \u00e0 nos portes. Ils sont une interrogation pour notre confort.<\/div>\n<div><\/div>\n<div><strong><em>Au-del\u00e0 du message chr\u00e9tien, avez-vous une marge d&rsquo;action ?<\/em><\/strong><\/div>\n<div><\/div>\n<div>Il faut un travail de raison. Le coeur ne suffit pas. S&rsquo;ils ont commis en France des d\u00e9lits, ils doivent \u00eatre jug\u00e9s. Mais cela est une minorit\u00e9! Nous ferons tout ce que permet la loi fran\u00e7aise. Il s&rsquo;agit de citoyens europ\u00e9ens, il doit y avoir possibilit\u00e9 de leur permettre de travailler (ndlr; l&rsquo;int\u00e9gration europ\u00e9enne de la Roumanie n&rsquo;autorise pour l&rsquo;instant que l&rsquo;exercice de m\u00e9tiers \u00ab\u00a0en tension\u00a0\u00bb). Ils sont pr\u00eats \u00e0 faire des travaux que le Fran\u00e7ais de souche ne veut pas faire. Il faut scolariser les enfants et Bernard Robin avec le Secours catholique projetait cette alphab\u00e9tisation. Il faut travailler \u00e0 leur int\u00e9gration, tenir compte de ces familles qui sont l\u00e0 depuis 8 ans. Je ferai entendre ma voix. L&rsquo;archev\u00eaque doit \u00eatre le recours dans un arbitrage, la goutte d&rsquo;huile dans le conflit.<\/div>\n<div><\/div>\n<div><strong><em>Certains de vos paroissiens peuvent aussi \u00e9prouver cette peur des Roms&#8230;<\/em><\/strong><\/div>\n<div><\/div>\n<div>A chaque visite paroissiale, je rencontre les gens du voyage et les Roms. Cela permet \u00e0 mes paroissiens qui ne les connaissaient pas de les d\u00e9couvrir. C&rsquo;est un travail patient, s&rsquo;apprivoiser les uns les autres. A l&rsquo;origine du rejet, il y a la peur. Je demande le respect, le dialogue. Il existe aujourd&rsquo;hui des discours inadmissibles: nul ne peut \u00eatre d\u00e9chu de son humanit\u00e9. Ce discours id\u00e9ologique est inacceptable. Comme s&rsquo;il y avait des populations inf\u00e9rieures&#8230;<\/div>\n<div><\/div>\n<div><em>Propos recueillis par Carole BARLETTA<\/em><\/div>\n<div><\/div>\n<div><\/div>\n","protected":false},"excerpt":{"rendered":"<p>Cette expulsion  est mise en &#339;uvre \u00e0 la suite d&rsquo;une d\u00e9cision de justice parfaitement scandaleuse<\/p>\n","protected":false},"author":1,"featured_media":0,"comment_status":"closed","ping_status":"closed","sticky":false,"template":"","format":"standard","meta":{"footnotes":""},"categories":[8],"tags":[60],"class_list":["post-807","post","type-post","status-publish","format-standard","hentry","category-discriminations-racisme","tag-expulsions"],"_links":{"self":[{"href":"https:\/\/archives.rencontrestsiganes.org\/index.php\/wp-json\/wp\/v2\/posts\/807","targetHints":{"allow":["GET"]}}],"collection":[{"href":"https:\/\/archives.rencontrestsiganes.org\/index.php\/wp-json\/wp\/v2\/posts"}],"about":[{"href":"https:\/\/archives.rencontrestsiganes.org\/index.php\/wp-json\/wp\/v2\/types\/post"}],"author":[{"embeddable":true,"href":"https:\/\/archives.rencontrestsiganes.org\/index.php\/wp-json\/wp\/v2\/users\/1"}],"replies":[{"embeddable":true,"href":"https:\/\/archives.rencontrestsiganes.org\/index.php\/wp-json\/wp\/v2\/comments?post=807"}],"version-history":[{"count":0,"href":"https:\/\/archives.rencontrestsiganes.org\/index.php\/wp-json\/wp\/v2\/posts\/807\/revisions"}],"wp:attachment":[{"href":"https:\/\/archives.rencontrestsiganes.org\/index.php\/wp-json\/wp\/v2\/media?parent=807"}],"wp:term":[{"taxonomy":"category","embeddable":true,"href":"https:\/\/archives.rencontrestsiganes.org\/index.php\/wp-json\/wp\/v2\/categories?post=807"},{"taxonomy":"post_tag","embeddable":true,"href":"https:\/\/archives.rencontrestsiganes.org\/index.php\/wp-json\/wp\/v2\/tags?post=807"}],"curies":[{"name":"wp","href":"https:\/\/api.w.org\/{rel}","templated":true}]}}