{"id":803,"date":"2010-07-23T15:58:05","date_gmt":"2010-07-23T15:58:05","guid":{"rendered":"http:\/\/rt.boullier.fr\/?p=803"},"modified":"2010-07-23T15:58:05","modified_gmt":"2010-07-23T15:58:05","slug":"art803","status":"publish","type":"post","link":"https:\/\/archives.rencontrestsiganes.org\/index.php\/2010\/07\/23\/art803\/","title":{"rendered":"Pour le Pr\u00e9sident :  La solution, les expulsions !"},"content":{"rendered":"<div><\/div>\n<div><\/div>\n<div style=\"text-align: center;\"><strong>GENS DU VOYAGE ET ROMS :<\/strong><\/div>\n<div style=\"text-align: center;\"><strong>LA DANGEROSITE D\u2019UNE POSTURE ETHNIQUE ET REPRESSIVE<\/strong><\/div>\n<div style=\"text-align: center;\"><strong>\u00a0<\/strong><\/div>\n<div>Les \u00e9v\u00e9nements dramatiques r\u00e9cents survenus \u00e0 St-Aignan (Loir-et-Cher), o\u00f9 un jeune homme est d\u00e9c\u00e9d\u00e9 au cours d&rsquo;une op\u00e9ration de gendarmerie, donnent lieu aujourd&rsquo;hui \u00e0 une odieuse stigmatisation de l&rsquo;ensemble des gens du voyage et des Roms de la part du Pr\u00e9sident de la R\u00e9publique qui les \u00e9rige en boucs-\u00e9missaires des difficult\u00e9s rencontr\u00e9es en mati\u00e8re de s\u00e9curit\u00e9 par le gouvernement.<\/div>\n<div><\/div>\n<div>En annon\u00e7ant la tenue d&rsquo;une r\u00e9union d&rsquo;opportunit\u00e9 le 28 juillet, le chef de l\u2019Etat entretient une confusion entre gens du voyage et Roms, renfor\u00e7ant l\u2019inutile et dangereuse ethnicisation du d\u00e9bat, qui nous entra\u00eene bien loin de l\u2019id\u00e9al r\u00e9publicain.<\/div>\n<div><\/div>\n<div>Concernant les gens du voyage, la logique d\u2019expulsion ne saurait \u00eatre mise en avant sans faire \u00e9cho aux carences des dispositifs d\u2019accueil impos\u00e9s par la loi. Le r\u00f4le de substitution des pr\u00e9fets pour pallier l\u2019inertie des communes ou \u00e9tablissement publics de coop\u00e9ration intercommunale n\u2019est que tr\u00e8s rarement mobilis\u00e9. C\u2019est de la responsabilit\u00e9 de l\u2019Etat.<\/div>\n<div><\/div>\n<div>Rappelons que les gens du voyage sont citoyens fran\u00e7ais et toujours soumis \u00e0 une l\u00e9gislation d\u2019exception, jug\u00e9e discriminatoire pas la Halde, qui en fait une population contr\u00f4l\u00e9e comme aucune autre.<\/div>\n<div><\/div>\n<div>La situation des Gens du voyage appelle des r\u00e9ponses publiques concert\u00e9es et volontaristes, plut\u00f4t que des annonces dont on discerne mal qui elles concernent et les effets positifs qu\u2019elles pourraient produire, au vu des pratiques d\u00e9j\u00e0 en cours. Les Roms roumains et bulgares sont citoyens de l\u2019Union europ\u00e9enne et jouissent naturellement d\u2019une parfaite libert\u00e9 de circulation, dans un r\u00e9gime transitoire discutable.<\/div>\n<div><\/div>\n<div>On imagine par contre ais\u00e9ment que l\u00e9gislation d\u2019exception, stigmatisation et amalgame font le jeu de tensions et de rejets dont personne n\u2019a ni envie ni besoin.<\/div>\n<div><\/div>\n<div>Pourtant, partout en France, la d\u00e9marche de concertation de gens du voyage et le courage politique de municipalit\u00e9s donnent \u00e0 voir l\u2019\u00e9vidente possibilit\u00e9 du \u00ab vivre ensemble \u00bb.<\/div>\n<div><\/div>\n<div>Dimanche dernier, un hommage appuy\u00e9 d\u2019Hubert Falco aux Tsiganes intern\u00e9s en France entre 1939 et 1946, a affirm\u00e9 la place des gens du voyage dans l\u2019histoire fran\u00e7aise. Cette reconnaissance a \u00e9t\u00e9 v\u00e9cue comme une avanc\u00e9e significative vers la reconnaissance d\u2019une pleine citoyennet\u00e9. Espoir vite d\u00e9\u00e7u par une communication du chef de l\u2019Etat qui rappellera sans aucun doute aux historiens de nombreuses manifestations de politiques d\u2019exclusion et d\u2019oppression.<\/div>\n<div><\/div>\n<div>L&rsquo;ANGVC, l\u2019ASNIT et Action Grand Passage, l\u2019UFAT et la FNASAT \u2013 Gens du voyage d\u00e9noncent avec fermet\u00e9 une approche ethnicisante et stigmatisante dont elles redoutent les cons\u00e9quences \u00e0 la fois sur les familles et sur l&rsquo;\u00e9volution des politiques publiques qui seront mises en \u0153uvre.<\/div>\n<div><\/div>\n<div>Contacts :<\/div>\n<div>Association Nationale des Gens du Voyage Catholiques (ANGVC) : Alice Januel, 06.20.67.62.90.<\/div>\n<div>Union Fran\u00e7aise des associations Tsiganes (UFAT) : Fernand Delage, 06.31.45.24.92.<\/div>\n<div>Association Sociale Nationale Internationale Tsiganes (ASNIT) : D\u00e9sir\u00e9 Vermeersch, 06.07.74.60.21.<\/div>\n<div>FNASAT \u2013 Gens du voyage, Laurent El Ghozi, 06.14.87.27.33 \/ 01.40.35.00.04.<\/div>\n<div><\/div>\n<div><\/div>\n<div style=\"text-align: center;\"><strong>COMMUNIQUE ROMEUROPE FNASAT <\/strong><\/div>\n<div><\/div>\n<div>Roms : N&rsquo;inversons pas les responsabilit\u00e9s !<\/div>\n<div><\/div>\n<div>Le Collectif Romeurope exprime ses plus vives inqui\u00e9tudes suite aux d\u00e9clarations du Pr\u00e9sident de la R\u00e9publique apr\u00e8s les \u00e9v\u00e9nements dramatiques intervenus \u00e0 Saint Aignan (Loir-et-Cher) et d\u00e9nonce l\u2019amalgame fait entre les Gens du voyage et les Roms et la stigmatisation de ces deux populations.<\/div>\n<div><\/div>\n<div>Alors que le Gens du voyage sont des fran\u00e7ais qui ont la particularit\u00e9 de vivre en caravane et d&rsquo;\u00eatre itin\u00e9rants toute ou partie de l\u2019ann\u00e9e, les quelques 15 000 Roms pr\u00e9sents en France sont essentiellement venus de Roumanie et de Bulgarie, citoyens europ\u00e9ens b\u00e9n\u00e9ficiant de la libert\u00e9 de circulation en France.<\/div>\n<div><\/div>\n<div>Mais le Gouvernement fran\u00e7ais a impos\u00e9, au moment de l&rsquo;entr\u00e9e en 2007 de la Roumanie et de la Bulgarie au sein de l&rsquo;Union europ\u00e9enne, des mesures transitoires qui excluent en pratique les ressortissants de ces deux pays du march\u00e9 de l&#8217;emploi et des prestations sociales. Ne pouvant travailler l\u00e9galement ni avoir des ressources r\u00e9guli\u00e8res, ils sont contraints de vivre dans de v\u00e9ritables bidonvilles ou abris pr\u00e9caires.<\/div>\n<div><\/div>\n<div>Depuis le d\u00e9but de l&rsquo;\u00e9t\u00e9, les expulsions de familles Roms de leurs lieux de vie se multiplient partout en France, derni\u00e8rement \u00e0 Saint Denis ou encore \u00e0 Dunkerque, avec pour seules alternatives une nouvelle errance ou une aide au retour au pays d&rsquo;origine. Ces \u00e9loignements \u00ab volontaires \u00bb aident \u00e0 gonfler les statistiques du Minist\u00e8re de l&rsquo;Immigration artificiellement car nombre de ces \u00ab expuls\u00e9s \u00bb peuvent \u2013 fort heureusement- revenir en France dans les semaines qui suivent. Ces familles sont ainsi, en fait, seulement d\u00e9plac\u00e9es d&rsquo;une commune \u00e0 une autre, dans une pr\u00e9carit\u00e9 croissante.<\/div>\n<div><\/div>\n<div>Abroger ces mesures transitoires pour ces citoyens europ\u00e9ens et leur permettre un libre acc\u00e8s \u00e0 l&#8217;emploi, mobiliser les dispositifs existants de droit commun pour les accompagner dans leurs projets de vie, et mettre en \u0153uvre le droit \u00e0 un habitat digne pour tous par la construction massive de logements accessibles pour r\u00e9pondre \u00e0 la crise du logement, seraient une meilleure r\u00e9ponse que d&rsquo;en faire les boucs \u00e9missaires d&rsquo;une politique s\u00e9curitaire inefficace.<\/div>\n<div><\/div>\n<div>Qu\u2019il s\u2019agisse des Gens du voyage ou des Roms, il est urgent que le gouvernement cesse de confondre des situations et des actes avec les origines des personnes concern\u00e9es.<\/div>\n<div><\/div>\n<div><\/div>\n<div><\/div>\n<div style=\"text-align: center;\"><strong>Communiqu\u00e9 LDH<\/strong><\/div>\n<div><\/div>\n<div>Paris, le 21 juillet 2010<\/div>\n<div><\/div>\n<div>Roms\/Gens du voyage : boucs \u00e9missaires des carences de l&rsquo;Etat<\/div>\n<div><\/div>\n<div>Suite aux violences intervenues \u00e0 Saint-Aignan (Loir-et-Cher), et au lieu de r\u00e9affirmer la n\u00e9cessaire primaut\u00e9 de la justice pour instruire ce dramatique fait divers et les inexcusables d\u00e9gradations qui s&rsquo;en sont suivies, le pr\u00e9sident de la R\u00e9publique a choisi la stigmatisation raciste des populations Roms et Gens du voyage par des amalgames inacceptables, en annon\u00e7ant l&rsquo;expulsion, cibl\u00e9e ethniquement, de tous les campements en situation irr\u00e9guli\u00e8re. De telles annonces, si elles \u00e9taient suivies d&rsquo;effet, ne feraient qu&rsquo;envenimer les choses en renfor\u00e7ant des pr\u00e9jug\u00e9s s\u00e9culaires.<\/div>\n<div><\/div>\n<div>\u00a0Plus de dix ans apr\u00e8s l&rsquo;adoption d&rsquo;une loi imposant aux communes la r\u00e9alisation d&rsquo;aires d&rsquo;accueil et de stationnement pour les Gens du voyage, \u00e0 peine la moiti\u00e9 des places pr\u00e9vues sur toute la France sont aujourd&rsquo;hui ouvertes. Les personnes vivant en caravane sont contraintes de s&rsquo;installer l\u00e0 o\u00f9 elles le peuvent, faute de possibilit\u00e9s r\u00e9guli\u00e8res. Les premiers responsables de cette situation tendue sont ceux des maires qui ne respectent pas leurs obligations l\u00e9gales, sans que les pr\u00e9fets ne les y contraignent, comme la loi le pr\u00e9voit. L&rsquo;injustice serait patente de sanctionner aveuglement les victimes de ces carences de l&rsquo;Etat et des collectivit\u00e9s territoriales, sans offrir de perspectives d&rsquo;accueil.<\/div>\n<div><\/div>\n<div>A la diff\u00e9rence de tous les autres fran\u00e7ais, une loi discriminatoire de 1969 impose toujours aux personnes vivant en caravane un contr\u00f4le policier r\u00e9gulier, avec l&rsquo;obligation de carnets de circulation \u00e0 faire viser tous les trois mois au commissariat ou en gendarmerie. Ainsi sous surveillance constante, avec une libert\u00e9 de circulation en France sous contrainte, incapables de s&rsquo;arr\u00eater l\u00e0 o\u00f9 ils le souhaitent, exclus en pratique du droit de vote du fait d&rsquo;un d\u00e9lai d\u00e9rogatoire de trois ans pour s&rsquo;inscrire, ces \u00ab Gens du voyage \u00bb peuvent l\u00e9gitimement \u00eatre d\u00e9fiants envers des pouvoirs publics qui les traitent en citoyens de seconde classe.<\/div>\n<div><\/div>\n<div>L&rsquo;amalgame avec les Roms pr\u00e9sents en France qui sont essentiellement venus de Roumanie et de Bulgarie, confirme l&rsquo;ethnicisation de l&rsquo;action publique du gouvernement. Ces ressortissants europ\u00e9ens, libres de circuler au sein de tous les pays de l&rsquo;Union, sont frapp\u00e9s, du fait de la d\u00e9cision du gouvernement fran\u00e7ais, de mesures transitoires qui les excluent en pratique du march\u00e9 de l&#8217;emploi. Faute de pouvoir travailler l\u00e9galement et d&rsquo;avoir des ressources r\u00e9guli\u00e8res, ils ne peuvent louer un appartement. Des bidonvilles sont ainsi r\u00e9apparus aux p\u00e9riph\u00e9ries des grandes villes, t\u00e9moignant du manque criant de logements en France particuli\u00e8rement ceux accessibles aux plus faibles revenus. Expulser ces personnes des terrains qu&rsquo;elles occupent sans solution alternative ne fait que d\u00e9placer le probl\u00e8me et accro\u00eetre la pr\u00e9carit\u00e9. L\u00e0 encore, les Roms ne sauraient \u00eatre les victimes de l&rsquo;incurie de l&rsquo;Etat, qui refuse d&rsquo;imposer aux communes leur obligation l\u00e9gale de r\u00e9aliser 20 % de logements sociaux et les h\u00e9bergements d&rsquo;urgence n\u00e9cessaires sur leur territoire.<\/div>\n<div><\/div>\n<div>Les rapports officiels se succ\u00e8dent pour d\u00e9noncer la situation des Roms et des Gens du voyage en France (CNCDH 2008, Halde 2009, Ecri \/Commissaire aux droits de l&rsquo;Homme du Conseil de l&rsquo;Europe 2010&#8230;). Plut\u00f4t que d&rsquo;en faire des boucs \u00e9missaires et d&rsquo;exacerber les passions, le gouvernement se devrait de suivre enfin les recommandations qui lui sont faites pour affirmer l&rsquo;\u00e9galit\u00e9 des droits.<\/div>\n","protected":false},"excerpt":{"rendered":"<p>La r\u00e9union pr\u00e9vue le 28 juillet a l&rsquo;Elys\u00e9e  soul\u00e8ve l&rsquo;inqui\u00e9tude et ne fait qu&rsquo;attiser  notre col\u00e8re. On lira ci dessous les premiers communiqu\u00e9s des associations. <\/p>\n","protected":false},"author":1,"featured_media":0,"comment_status":"closed","ping_status":"closed","sticky":false,"template":"","format":"standard","meta":{"footnotes":""},"categories":[30,8],"tags":[98],"class_list":["post-803","post","type-post","status-publish","format-standard","hentry","category-communiques-interpellations","category-discriminations-racisme","tag-sarkozy"],"_links":{"self":[{"href":"https:\/\/archives.rencontrestsiganes.org\/index.php\/wp-json\/wp\/v2\/posts\/803","targetHints":{"allow":["GET"]}}],"collection":[{"href":"https:\/\/archives.rencontrestsiganes.org\/index.php\/wp-json\/wp\/v2\/posts"}],"about":[{"href":"https:\/\/archives.rencontrestsiganes.org\/index.php\/wp-json\/wp\/v2\/types\/post"}],"author":[{"embeddable":true,"href":"https:\/\/archives.rencontrestsiganes.org\/index.php\/wp-json\/wp\/v2\/users\/1"}],"replies":[{"embeddable":true,"href":"https:\/\/archives.rencontrestsiganes.org\/index.php\/wp-json\/wp\/v2\/comments?post=803"}],"version-history":[{"count":0,"href":"https:\/\/archives.rencontrestsiganes.org\/index.php\/wp-json\/wp\/v2\/posts\/803\/revisions"}],"wp:attachment":[{"href":"https:\/\/archives.rencontrestsiganes.org\/index.php\/wp-json\/wp\/v2\/media?parent=803"}],"wp:term":[{"taxonomy":"category","embeddable":true,"href":"https:\/\/archives.rencontrestsiganes.org\/index.php\/wp-json\/wp\/v2\/categories?post=803"},{"taxonomy":"post_tag","embeddable":true,"href":"https:\/\/archives.rencontrestsiganes.org\/index.php\/wp-json\/wp\/v2\/tags?post=803"}],"curies":[{"name":"wp","href":"https:\/\/api.w.org\/{rel}","templated":true}]}}