{"id":779,"date":"2010-06-05T17:29:33","date_gmt":"2010-06-05T16:29:33","guid":{"rendered":"http:\/\/rt.boullier.fr\/?p=779"},"modified":"2010-06-05T17:29:33","modified_gmt":"2010-06-05T16:29:33","slug":"art779","status":"publish","type":"post","link":"https:\/\/archives.rencontrestsiganes.org\/index.php\/2010\/06\/05\/art779\/","title":{"rendered":"Les S\u00e9nateurs suppriment la HALDE"},"content":{"rendered":"<div style=\"text-align: center;\">&nbsp;<\/div>\n<div style=\"text-align: center;\">&nbsp;<\/div>\n<div style=\"text-align: center;\">&nbsp;<\/div>\n<div style=\"text-align: center;\"><strong> <\/strong><\/div>\n<div><strong>&nbsp;<\/strong><\/div>\n<div><strong> <\/strong><\/div>\n<div><strong>&nbsp;<\/strong><\/div>\n<div><strong> <\/strong><\/div>\n<div><strong>&nbsp;<\/strong><\/div>\n<div style=\"text-align: center;\"><strong>Suppression annonc&eacute;e de la Haute Autorit&eacute; de lutte contre les discriminations et pour l&rsquo;&eacute;galit&eacute;<\/strong><\/div>\n<div>&nbsp;<\/div>\n<div>&nbsp;<\/div>\n<div>&nbsp;<\/div>\n<div><strong>Vers un recul inacceptable des garanties pour les victimes de discriminations<\/strong><\/div>\n<div><strong>&nbsp;<\/strong><\/div>\n<div>&nbsp;<\/div>\n<div>&nbsp;<\/div>\n<div>La Commission des lois du S&eacute;nat a adopt&eacute; le  mercredi 19 mai 2010, une s&eacute;rie d&rsquo;amendements modifiant le texte &eacute;labor&eacute; par le Gouvernement sur les projets de loi relatifs au D&eacute;fenseur des droits. L&rsquo;adoption de ce texte en l&rsquo;&eacute;tat les 3 et 4 juin prochains conduirait inexorablement &agrave; la disparition de la HALDE comme Autorit&eacute; administrative ind&eacute;pendante et, surtout, &agrave; une r&eacute;gression de la protection des victimes de discriminations.<\/div>\n<div>&nbsp;<\/div>\n<div>&nbsp;<\/div>\n<div>&nbsp;<\/div>\n<div>Depuis 2005,  la France a su se doter d&rsquo;un organisme  sp&eacute;cialis&eacute;, coll&eacute;gial et ind&eacute;pendant dans la lutte contre les discriminations, la HALDE, qui a largement d&eacute;montr&eacute; son utilit&eacute; et a acquis une notori&eacute;t&eacute; dans la population &ndash; mais aussi au niveau international &#8211; gr&acirc;ce &agrave; son expertise incontest&eacute;e, &agrave; ses actions aupr&egrave;s des tribunaux comme aupr&egrave;s des entreprises ou des administrations et &agrave; ses prises de position toujours juridiquement fond&eacute;es et souvent courageuses.<\/div>\n<div>&nbsp;<\/div>\n<div>&nbsp;<\/div>\n<div>&nbsp;<\/div>\n<div>Le projet de cr&eacute;ation d&rsquo;un D&eacute;fenseur des droits aux comp&eacute;tences &eacute;largies, englobant la lutte contre les discriminations et la promotion de l&rsquo;&eacute;galit&eacute;, fait craindre la disparition de son ind&eacute;pendance pourtant essentielle et la diminution de son autorit&eacute;, gage de son efficacit&eacute;.<\/div>\n<div>&nbsp;<\/div>\n<div>&nbsp;<\/div>\n<div>&nbsp;<\/div>\n<div>Surtout, cette absorption entra&icirc;nerait une perte de rep&egrave;re pour les victimes qui savent pouvoir obtenir aujourd&rsquo;hui aupr&egrave;s de la HALDE, organisme connu et respect&eacute;, l&rsquo;accompagnement dont elles ont besoin dans la lutte in&eacute;gale qui les opposent &agrave; ceux qui les discriminent dans l&rsquo;acc&egrave;s &agrave; un logement, &agrave; un emploi, &agrave; la sant&eacute; ou dans leur vie professionnelle.<\/div>\n<div>&nbsp;<\/div>\n<div>&nbsp;<\/div>\n<div>&nbsp;<\/div>\n<div>La lutte contre les discriminations et la promotion de l&rsquo;&eacute;galit&eacute;, pour lesquelles il reste beaucoup &agrave; faire, doivent relever d&rsquo;une autorit&eacute; sp&eacute;cialis&eacute;e et bien identifi&eacute;e  En diluer les attributions sp&eacute;cifiques dans un ensemble aux contours encore impr&eacute;cis et aux pouvoirs r&eacute;duits reviendrait &agrave; en diminuer consid&eacute;rablement le dynamisme et l&rsquo;efficacit&eacute;, reconnus et appr&eacute;ci&eacute;s par le monde associatif et syndical et nuirait &agrave; la coh&eacute;rence et &agrave; la force que n&eacute;cessite la lutte contre les discriminations dans notre pays.<\/div>\n<div>&nbsp;<\/div>\n<div>&nbsp;<\/div>\n<div>&nbsp;<\/div>\n<div>Nous voulons croire que telle n&rsquo;est pas la volont&eacute; des pouvoirs publics ni du Parlement auxquels nous adressons ce message d&rsquo;alerte et de vigilance, assur&eacute;s qu&rsquo;il sera entendu afin d&rsquo;&eacute;viter toute r&eacute;gression de la protection des libert&eacute;s et tout recul d&eacute;mocratique<\/div>\n<div>&nbsp;<\/div>\n<div>&nbsp;<\/div>\n<div>&nbsp;<\/div>\n<div>Comme l&rsquo;a rappel&eacute; la CNCDH, le D&eacute;fenseur des droits devrait au contraire s&rsquo;inscrire dans l&rsquo;architecture institutionnelle comme un garant de l&rsquo;ind&eacute;pendance des diverses autorit&eacute;s ind&eacute;pendantes &oelig;uvrant dans le champ des droits de l&rsquo;homme et d&rsquo;une meilleure interaction et compl&eacute;mentarit&eacute; entre elles en assurant un dialogue permanent et des rencontres r&eacute;guli&egrave;res. Il devrait &ecirc;tre, en tant que primus inter pares, le moteur de la synergie cr&eacute;&eacute;e par cet ensemble d&rsquo;autorit&eacute;s sp&eacute;cialis&eacute;es &oelig;uvrant chacune dans son domaine de comp&eacute;tence avec sa logique propre &agrave; la d&eacute;fense des droits.<\/div>\n<div>&nbsp;<\/div>\n<div>&nbsp;<\/div>\n<div>&nbsp;<\/div>\n<div>&nbsp;<\/div>\n<div>&nbsp;<\/div>\n<div>&nbsp;<\/div>\n<div>&nbsp;<\/div>\n<div>Arnaud de BROCA<\/div>\n<div>&nbsp;<\/div>\n<div>Secr&eacute;taire g&eacute;n&eacute;ral de la FNATH, association des accident&eacute;s de la vie<\/div>\n<div>&nbsp;<\/div>\n<div>Membre du comit&eacute; consultatif de la HALDE<\/div>\n<div>&nbsp;<\/div>\n<div>&nbsp;<\/div>\n<div>&nbsp;<\/div>\n<div>Catherine TEULE<\/div>\n<div>&nbsp;<\/div>\n<div>Membre du Comit&eacute; central de la LDH<\/div>\n<div>&nbsp;<\/div>\n<div>Vice-pr&eacute;sidente de l&rsquo;Association europ&eacute;enne de d&eacute;fense des droits de l&rsquo;Homme<\/div>\n<div>&nbsp;<\/div>\n<div>Membre du Comit&eacute; consultatif de la HALDE<\/div>\n<div>&nbsp;<\/div>\n<div>&nbsp;<\/div>\n<div>&nbsp;<\/div>\n<div>R&eacute;gis de GOUTTES<\/div>\n<div>&nbsp;<\/div>\n<div>Magistrat<\/div>\n<div>&nbsp;<\/div>\n<div>Membre de la CNCDH<\/div>\n<div>&nbsp;<\/div>\n<div>Membre du Comit&eacute; Consultatif de la HALDE<\/div>\n<div>&nbsp;<\/div>\n<div>&nbsp;<\/div>\n<div>&nbsp;<\/div>\n<div>Marie-Th&eacute;r&egrave;se LANQUETIN<\/div>\n<div>&nbsp;<\/div>\n<div>Chercheur Universit&eacute; Paris Ouest Nanterre<\/div>\n<div>&nbsp;<\/div>\n<div>Pr&eacute;sidente du Comit&eacute; consultatif de la HALDE<\/div>\n<div>&nbsp;<\/div>\n<div>&nbsp;<\/div>\n<div>&nbsp;<\/div>\n<div>Jacqueline  LAUFER<\/div>\n<div>&nbsp;<\/div>\n<div>Professeur &eacute;m&eacute;rite &agrave; HEC<\/div>\n<div>&nbsp;<\/div>\n<div>Membre du Comit&eacute; consultatif de la HALDE<\/div>\n<div>&nbsp;<\/div>\n<div>&nbsp;<\/div>\n<div>&nbsp;<\/div>\n<div>Marie-Line BRUGIDOU<\/div>\n<div>&nbsp;<\/div>\n<div>CFE-CGC<\/div>\n<div>&nbsp;<\/div>\n<div>Membre du Comit&eacute; consultatif de la HALDE<\/div>\n<div>&nbsp;<\/div>\n<div>&nbsp;<\/div>\n<div>&nbsp;<\/div>\n<div>Catherine TRIPON<\/div>\n<div>&nbsp;<\/div>\n<div>Porte-parole de l&rsquo;AUTRE CERCLE<\/div>\n<div>&nbsp;<\/div>\n<div>Membre du Comit&eacute; consultatif de la HALDE<\/div>\n<div>&nbsp;<\/div>\n<div>&nbsp;<\/div>\n<div>&nbsp;<\/div>\n<div>Samuel THOMAS<\/div>\n<div>&nbsp;<\/div>\n<div>Vice-pr&eacute;sident de SOS Racisme<\/div>\n<div>&nbsp;<\/div>\n<div>Membre du Comit&eacute; consultatif de la HALDE<\/div>\n<div>&nbsp;<\/div>\n<div>&nbsp;<\/div>\n<div>&nbsp;<\/div>\n<div>Nathalie FERRE<\/div>\n<div>&nbsp;<\/div>\n<div>Enseignante chercheuse Universit&eacute; Paris XIII<\/div>\n<div>&nbsp;<\/div>\n<div>Ancienne pr&eacute;sidente du GISTI<\/div>\n<div>&nbsp;<\/div>\n<div>Membre du Comit&eacute; consultatif de la HALDE<\/div>\n<div>&nbsp;<\/div>\n<div>&nbsp;<\/div>\n<div>&nbsp;<\/div>\n<div>Anne DEBET<\/div>\n<div>&nbsp;<\/div>\n<div>Professeur de droit &agrave; l&rsquo;Universit&eacute; Paris XII Cr&eacute;teil<\/div>\n<div>&nbsp;<\/div>\n<div>Ancien membre de la CNIL<\/div>\n<div>&nbsp;<\/div>\n<div>Membre du Comit&eacute; consultatif de la HALDE<\/div>\n<div>&nbsp;<\/div>\n<div>&nbsp;<\/div>\n<div>&nbsp;<\/div>\n<div>Carole  DA SILVA<\/div>\n<div>&nbsp;<\/div>\n<div>Fondatrice de l&rsquo;AFIP<\/div>\n<div>&nbsp;<\/div>\n<div>Membre du Comit&eacute; consultatif de la HALDE<\/div>\n<div>&nbsp;<\/div>\n<div>&nbsp;<\/div>\n<div>&nbsp;<\/div>\n<div>Khalid HAMDANI<\/div>\n<div>&nbsp;<\/div>\n<div>Directeur de l&rsquo;Institut Ethique Diversit&eacute;<\/div>\n<div>&nbsp;<\/div>\n<div>Membre du Comit&eacute; consultatif de la HALDE<\/div>\n<div>&nbsp;<\/div>\n<div>&nbsp;<\/div>\n<div>&nbsp;<\/div>\n<div>En particulier, les Roms et les Gens du voyage et toutes les associations qui les repr&eacute;sentent et\/ou travaillent avec eux, ont &eacute;t&eacute; profond&eacute;ment sensibles &agrave; ses d&eacute;lib&eacute;rations et recommandations, soulignant toutes les discriminations dont ils sont quotidiennement victimes et rappelant l&rsquo;exigence du m&ecirc;me droit pour tous. Ils ne comprendraient pas de voir leurs espoirs d&rsquo;une vie meilleure dispara&icirc;tre avec elle.<\/div>\n<div>&nbsp;<\/div>\n<div>&nbsp;<\/div>\n<div>&nbsp;<\/div>\n<div>Docteur Laurent EL GHOZI<\/div>\n<div>&nbsp;<\/div>\n<div>Pr&eacute;sident de la FNASAT-Gens du Voyage,<\/div>\n<div>&nbsp;<\/div>\n<div>Membre du Comit&eacute; Consultatif de la HALDE<\/div>\n<div>&nbsp;<\/div>\n<div>&nbsp;<\/div>\n<div>&nbsp;<\/div>\n","protected":false},"excerpt":{"rendered":"<p>La disparition programm\u00e9e de cette institution est une  nouvelle atteinte  aux droits  de chacun de nous et tout particuli\u00e8rement des plus discrimin\u00e9s.    <\/p>\n","protected":false},"author":1,"featured_media":0,"comment_status":"closed","ping_status":"closed","sticky":false,"template":"","format":"standard","meta":{"footnotes":""},"categories":[8],"tags":[],"class_list":["post-779","post","type-post","status-publish","format-standard","hentry","category-discriminations-racisme"],"_links":{"self":[{"href":"https:\/\/archives.rencontrestsiganes.org\/index.php\/wp-json\/wp\/v2\/posts\/779","targetHints":{"allow":["GET"]}}],"collection":[{"href":"https:\/\/archives.rencontrestsiganes.org\/index.php\/wp-json\/wp\/v2\/posts"}],"about":[{"href":"https:\/\/archives.rencontrestsiganes.org\/index.php\/wp-json\/wp\/v2\/types\/post"}],"author":[{"embeddable":true,"href":"https:\/\/archives.rencontrestsiganes.org\/index.php\/wp-json\/wp\/v2\/users\/1"}],"replies":[{"embeddable":true,"href":"https:\/\/archives.rencontrestsiganes.org\/index.php\/wp-json\/wp\/v2\/comments?post=779"}],"version-history":[{"count":0,"href":"https:\/\/archives.rencontrestsiganes.org\/index.php\/wp-json\/wp\/v2\/posts\/779\/revisions"}],"wp:attachment":[{"href":"https:\/\/archives.rencontrestsiganes.org\/index.php\/wp-json\/wp\/v2\/media?parent=779"}],"wp:term":[{"taxonomy":"category","embeddable":true,"href":"https:\/\/archives.rencontrestsiganes.org\/index.php\/wp-json\/wp\/v2\/categories?post=779"},{"taxonomy":"post_tag","embeddable":true,"href":"https:\/\/archives.rencontrestsiganes.org\/index.php\/wp-json\/wp\/v2\/tags?post=779"}],"curies":[{"name":"wp","href":"https:\/\/api.w.org\/{rel}","templated":true}]}}