{"id":773,"date":"2010-05-14T11:52:42","date_gmt":"2010-05-14T11:52:42","guid":{"rendered":"http:\/\/rt.boullier.fr\/?p=773"},"modified":"2010-05-14T11:52:42","modified_gmt":"2010-05-14T11:52:42","slug":"art773","status":"publish","type":"post","link":"https:\/\/archives.rencontrestsiganes.org\/index.php\/2010\/05\/14\/art773\/","title":{"rendered":"Une nouvelle condamnation de la France"},"content":{"rendered":"<div>\u00a0Comme on pourra le voir dans la d\u00e9cision ci-jointe en date du 19 octobre 2009, le Conseil de l&rsquo;Europe a, une fois de plus, condamn\u00e9 la France. Malheureusement une telle d\u00e9cision ne s&rsquo;impose pas encore aujourd&rsquo;hui\u00a0 aux pays condamn\u00e9s. Seule la Cour Europ\u00e9enne des Droits de l&rsquo;homme peut imposer ses d\u00e9cisions.<\/div>\n<div><\/div>\n<div>EXTRAITS&#8230;.<\/div>\n<div>\u00a0<em>Le comit\u00e9 conclut : &#8211; \u00e0 l&rsquo;unanimit\u00e9 qu&rsquo;il y a violation de l&rsquo;article 31\u00a71 de la Charte r\u00e9vis\u00e9e:<br \/>\n<\/em><\/div>\n<div><em>a) En raison de la cr\u00e9ation insuffisante d&rsquo;aires d&rsquo;accueil<br \/>\n<\/em><\/div>\n<div><em>b) En raison des mauvaises conditions de vie des gens du voyage s\u00e9dentaris\u00e9s.<br \/>\n<\/em><\/div>\n<div><em>c) en raison\u00a0 de l&rsquo;acc\u00e8s insuffisant au logement des gens du voyage s\u00e9dentaris\u00e9s.<br \/>\n<\/em><\/div>\n<div><em><br \/>\n<\/em><\/div>\n<div><em>&#8211; A l&rsquo;unanimit\u00e9, qu&rsquo;il y a violation de l&rsquo;article 31\u00a72 de la Charte r\u00e9vis\u00e9e en raison de la proc\u00e9dure d&rsquo;expulsion et des autres sanctions;<br \/>\n<\/em><\/div>\n<div><em><br \/>\n<\/em><\/div>\n<div><em>Par 12 voix contre 2 qu&rsquo;il y a violation de l&rsquo;article 16 de l&rsquo;article E\u00a0combin\u00e9 avec l&rsquo;article 16 de la Charte r\u00e9vis\u00e9e;<br \/>\n<\/em><\/div>\n<div><em>A l&rsquo;unanimit\u00e9 , qu&rsquo;il y a violation de l&rsquo;article 30 de la Charte r\u00e9vis\u00e9e.<br \/>\n<\/em><\/div>\n<div><em>\u00a0 <\/em><\/div>\n","protected":false},"excerpt":{"rendered":"<p> C&rsquo;est sur une plainte du Centre Europ\u00e9en du droit des Roms que le Conseil de l&rsquo;Europe a condamn\u00e9 la France pour sa politique  \u00e0 l&rsquo;\u00e9gard des \u00a0\u00bb gens du voyage \u00ab\u00a0<\/p>\n","protected":false},"author":1,"featured_media":0,"comment_status":"closed","ping_status":"closed","sticky":false,"template":"","format":"standard","meta":{"footnotes":""},"categories":[4,8],"tags":[],"class_list":["post-773","post","type-post","status-publish","format-standard","hentry","category-rub39","category-discriminations-racisme"],"_links":{"self":[{"href":"https:\/\/archives.rencontrestsiganes.org\/index.php\/wp-json\/wp\/v2\/posts\/773","targetHints":{"allow":["GET"]}}],"collection":[{"href":"https:\/\/archives.rencontrestsiganes.org\/index.php\/wp-json\/wp\/v2\/posts"}],"about":[{"href":"https:\/\/archives.rencontrestsiganes.org\/index.php\/wp-json\/wp\/v2\/types\/post"}],"author":[{"embeddable":true,"href":"https:\/\/archives.rencontrestsiganes.org\/index.php\/wp-json\/wp\/v2\/users\/1"}],"replies":[{"embeddable":true,"href":"https:\/\/archives.rencontrestsiganes.org\/index.php\/wp-json\/wp\/v2\/comments?post=773"}],"version-history":[{"count":0,"href":"https:\/\/archives.rencontrestsiganes.org\/index.php\/wp-json\/wp\/v2\/posts\/773\/revisions"}],"wp:attachment":[{"href":"https:\/\/archives.rencontrestsiganes.org\/index.php\/wp-json\/wp\/v2\/media?parent=773"}],"wp:term":[{"taxonomy":"category","embeddable":true,"href":"https:\/\/archives.rencontrestsiganes.org\/index.php\/wp-json\/wp\/v2\/categories?post=773"},{"taxonomy":"post_tag","embeddable":true,"href":"https:\/\/archives.rencontrestsiganes.org\/index.php\/wp-json\/wp\/v2\/tags?post=773"}],"curies":[{"name":"wp","href":"https:\/\/api.w.org\/{rel}","templated":true}]}}