{"id":758,"date":"2010-02-27T15:32:29","date_gmt":"2010-02-27T14:32:29","guid":{"rendered":"http:\/\/rt.boullier.fr\/?p=758"},"modified":"2010-02-27T15:32:29","modified_gmt":"2010-02-27T14:32:29","slug":"art758","status":"publish","type":"post","link":"https:\/\/archives.rencontrestsiganes.org\/index.php\/2010\/02\/27\/art758\/","title":{"rendered":"Un nouvel incendie qui tourne au drame"},"content":{"rendered":"<pre>\n  <meta content=\"\" name=\"Titre\" \/><meta content=\"\" name=\"Mots cl&eacute;s\" \/><meta content=\"text\/html; charset=utf-8\" http-equiv=\"Content-Type\" \/><meta content=\"Word.Document\" name=\"ProgId\" \/><meta content=\"Microsoft Word 11\" name=\"Generator\" \/><meta content=\"Microsoft Word 11\" name=\"Originator\" \/><link href=\"file:\/\/localhost\/Users\/fourest\/Library\/Caches\/TemporaryItems\/msoclip1\/01\/clip_filelist.xml\" rel=\"File-List\" \/><!--[if gte mso 9]><xml>\n<o:DocumentProperties>\n<o:Template>Normal<\/o:Template>\n<o:Revision>0<\/o:Revision>\n<o:TotalTime>0<\/o:TotalTime>\n<o:Pages>1<\/o:Pages>\n<o:Words>551<\/o:Words>\n<o:Characters>3141<\/o:Characters>\n<o:Lines>26<\/o:Lines>\n<o:Paragraphs>6<\/o:Paragraphs>\n<o:CharactersWithSpaces>3857<\/o:CharactersWithSpaces>\n<o:Version>11.515<\/o:Version>\n<\/o:DocumentProperties>\n<o:OfficeDocumentSettings>\n<o:AllowPNG \/>\n<\/o:OfficeDocumentSettings>\n<\/xml><![endif]--><!--[if gte mso 9]><xml>\n<w:WordDocument>\n<w:Zoom>0<\/w:Zoom>\n<w:DoNotShowRevisions \/>\n<w:DoNotPrintRevisions \/>\n<w:HyphenationZone>21<\/w:HyphenationZone>\n<w:DisplayHorizontalDrawingGridEvery>0<\/w:DisplayHorizontalDrawingGridEvery>\n<w:DisplayVerticalDrawingGridEvery>0<\/w:DisplayVerticalDrawingGridEvery>\n<w:UseMarginsForDrawingGridOrigin \/>\n<\/w:WordDocument>\n<\/xml><![endif]--> <style type=\"text\/css\"> <!--\n \/* Font Definitions *\/\n@font-face\n\t{font-family:\"Times New Roman\";\n\tpanose-1:0 2 2 6 3 5 4 5 2 3;\n\tmso-font-charset:0;\n\tmso-generic-font-family:auto;\n\tmso-font-pitch:variable;\n\tmso-font-signature:50331648 0 0 0 1 0;}\n@font-face\n\t{font-family:Arial;\n\tpanose-1:0 2 11 6 4 2 2 2 2 2;\n\tmso-font-charset:0;\n\tmso-generic-font-family:auto;\n\tmso-font-pitch:variable;\n\tmso-font-signature:50331648 0 0 0 1 0;}\n@font-face\n\t{font-family:Verdana;\n\tpanose-1:0 2 11 6 4 3 5 4 4 2;\n\tmso-font-charset:0;\n\tmso-generic-font-family:auto;\n\tmso-font-pitch:variable;\n\tmso-font-signature:50331648 0 0 0 1 0;}\n@font-face\n\t{font-family:Calibri;\n\tmso-font-alt:\"Times New Roman\";\n\tmso-font-charset:0;\n\tmso-generic-font-family:swiss;\n\tmso-font-pitch:variable;\n\tmso-font-signature:-1610611985 1073750139 0 0 159 0;}\n \/* Style Definitions *\/\np.MsoNormal, li.MsoNormal, div.MsoNormal\n\t{mso-style-parent:\"\";\n\tmargin-top:0cm;\n\tmargin-right:0cm;\n\tmargin-bottom:10.0pt;\n\tmargin-left:0cm;\n\tline-height:115%;\n\tmso-pagination:widow-orphan;\n\tfont-size:11.0pt;\n\tfont-family:Calibri;\n\tmso-fareast-language:EN-US;}\ntable.MsoNormalTable\n\t{mso-style-parent:\"\";\n\tfont-size:10.0pt;\n\tfont-family:\"Times New Roman\";}\n@page Section1\n\t{size:595.3pt 841.9pt;\n\tmargin:70.85pt 70.85pt 70.85pt 70.85pt;\n\tmso-header-margin:35.4pt;\n\tmso-footer-margin:35.4pt;\n\tmso-paper-source:0;}\ndiv.Section1\n\t{page:Section1;}\n--> <\/style> <!--StartFragment--><span style=\"font-family: Arial\"><span style=\"font-size: 14pt; text-transform: uppercase\">Communiqu&eacute; - <\/span><span style=\"font-size: 14pt\">ROMEUROPE Val-de-Marne<\/span><\/span><span style=\"font-size: 12pt; font-family: 'Times New Roman'\"><o:p><\/o:p><\/span>\n\n<span style=\"font-family: Arial\"><!--[if !supportEmptyParas]--><!--[endif]--><\/span><span style=\"font-size: 12pt; font-family: 'Times New Roman'\"><o:p><\/o:p><\/span><\/pre>\n<p><span style=\"font-family: Arial\"><span style=\"font-size: 13.5pt\">Hier soir, sur le terrain des familles roms d&rsquo;Orly (Val de Marne), un enfant est mort brul&eacute; et sa petite soeur est entre la vie et la mort.<\/span><\/span><span style=\"font-size: 12pt; font-family: &quot;Times New Roman&quot;\"><o:p><\/o:p><\/span><\/p>\n<p class=\"MsoNormal\" style=\"margin-bottom: 0pt; line-height: normal; text-align: justify\"><span style=\"font-size: 13.5pt; font-family: Arial\">Dans les habitations pr&eacute;caires, le feu a pris dans une des cabanes, vers 20h30. Les pompiers n&rsquo;ont pas r&eacute;ussi &agrave; &eacute;teindre le feu &agrave; temps.<\/span><span style=\"font-size: 12pt; font-family: &quot;Times New Roman&quot;\"><o:p><\/o:p><\/span><\/p>\n<p class=\"MsoNormal\" style=\"margin-bottom: 0pt; line-height: normal; text-align: left\"><span style=\"font-size: 13.5pt; font-family: Arial\">St&eacute;fan, 3 ans, est mort brul&eacute;; sa petite soeur, Francesca 15 mois est entre la vie et la mort &agrave; l&rsquo;hopital Trousseau.<\/span><span style=\"font-size: 12pt; font-family: &quot;Times New Roman&quot;\"><o:p><\/o:p><\/span><\/p>\n<p class=\"MsoNormal\" style=\"margin-bottom: 0pt; line-height: normal; text-align: justify\"><span style=\"font-size: 13.5pt; font-family: Arial\">Francesca est n&eacute;e sur le terrain d&rsquo;Orly. <\/span><span style=\"font-size: 12pt; font-family: &quot;Times New Roman&quot;\"><o:p><\/o:p><\/span><\/p>\n<p class=\"MsoNormal\" style=\"margin-bottom: 0pt; line-height: normal; text-align: justify\"><span style=\"font-size: 13.5pt; font-family: Arial\">Les parents sont hospitalis&eacute;s pour br&ucirc;lures &agrave; Villeneuve Saint Georges.<\/span><span style=\"font-size: 12pt; font-family: &quot;Times New Roman&quot;\"><o:p><\/o:p><\/span><\/p>\n<p class=\"MsoNormal\" style=\"margin-bottom: 0pt; line-height: normal; text-align: justify\"><span style=\"font-size: 13.5pt; font-family: Arial\">St&eacute;fan ne sera pas &agrave; l&rsquo;&eacute;cole maternelle qu&rsquo;il fr&eacute;quente depuis&nbsp; le mois de septembre.<\/span><span style=\"font-size: 12pt; font-family: &quot;Times New Roman&quot;\"><o:p><\/o:p><\/span><\/p>\n<p class=\"MsoNormal\" style=\"margin-bottom: 0pt; line-height: normal; text-align: justify\"><span style=\"font-size: 13.5pt; font-family: Arial\">Ses parents si fiers de le voir apprendre le fran&ccedil;ais n&rsquo;iront pas le chercher comme chaque soir.<\/span><span style=\"font-size: 12pt; font-family: &quot;Times New Roman&quot;\"><o:p><\/o:p><\/span><\/p>\n<p class=\"MsoNormal\" style=\"margin-bottom: 0pt; line-height: normal; text-align: justify\"><span style=\"font-size: 13.5pt; font-family: Arial\">Deux habitations ont brul&eacute;. <\/span><span style=\"font-size: 12pt; font-family: &quot;Times New Roman&quot;\"><o:p><\/o:p><\/span><\/p>\n<p class=\"MsoNormal\" style=\"margin-bottom: 0pt; line-height: normal; text-align: justify\"><span style=\"font-size: 13.5pt; font-family: Arial\">La police fait une enqu&ecirc;te, mais il semble&nbsp; que l&rsquo;incendie soit&nbsp;accidentel.<\/span><span style=\"font-size: 12pt; font-family: &quot;Times New Roman&quot;\"><o:p><\/o:p><\/span><\/p>\n<p class=\"MsoNormal\" style=\"margin-bottom: 0pt; line-height: normal; text-align: justify\"><span style=\"font-size: 12pt; font-family: &quot;Times New Roman&quot;\">&nbsp;<o:p><\/o:p><\/span><span style=\"font-size: 13.5pt; font-family: Arial\">Nous sommes all&eacute;s voir les familles hier soir.&nbsp;Vingt personnes&nbsp;sont h&eacute;berg&eacute;es dans les vestiaires du gymnase de l&rsquo;&eacute;cole, en attendant une autre solution d&rsquo;h&eacute;bergement et une rencontre, demand&eacute;e par la municipalit&eacute; avec les services de l&rsquo;Etat.<o:p><\/o:p><\/span><\/p>\n<p class=\"MsoNormal\" style=\"margin-bottom: 0pt; line-height: normal; text-align: justify\"><span style=\"font-size: 13.5pt; font-family: Arial\">Notre collectif conna&icirc;t bien ces familles; nous les accompagnerons tout au long de ces discussions.<o:p><\/o:p><\/span><\/p>\n<p class=\"MsoNormal\" style=\"margin-bottom: 0pt; line-height: normal; text-align: justify\"><span style=\"font-size: 13.5pt; font-family: Arial\"><!--[if !supportEmptyParas]-->&nbsp;<!--[endif]--><o:p><\/o:p><\/span><span style=\"font-size: 13.5pt; font-family: Arial\">Depuis septembre 2008, ces familles install&eacute;es &agrave; Orly apr&egrave;s de multiples expulsions, essayaient de construire des perspectives d&rsquo;avenir.<o:p><\/o:p><\/span><\/p>\n<p class=\"MsoNormal\" style=\"margin-bottom: 0pt; line-height: normal; text-align: justify\"><span style=\"font-size: 13.5pt; font-family: Arial\">&nbsp;<o:p><\/o:p><\/span><span style=\"font-size: 13.5pt; font-family: Arial\">C&rsquo;est l&rsquo;horreur qui s&rsquo;est install&eacute;e, et un chagrin immense&#8230;<o:p><\/o:p><\/span><\/p>\n<p class=\"MsoNormal\" style=\"margin-bottom: 0pt; line-height: normal; text-align: justify\"><span style=\"font-size: 13.5pt; font-family: Arial\">&nbsp;<o:p><\/o:p><\/span><span style=\"font-size: 13.5pt; font-family: Arial\">On se demande toujours comment se fait-il que malgr&eacute; ces drames r&eacute;guliers,(Bobigny, Lyon, &#8230;) &nbsp;les pouvoirs publics continuent d&rsquo;expulser ces familles sans les reloger&#8230; les maintenant dans une pr&eacute;carit&eacute; dangereuse et indigne.<o:p><\/o:p><\/span><\/p>\n<p class=\"MsoNormal\" style=\"margin-bottom: 0pt; line-height: normal; text-align: justify\"><span style=\"font-size: 13.5pt; font-family: Arial\">&nbsp;<o:p><\/o:p><\/span><span style=\"font-size: 13.5pt; font-family: Arial\">En novembre 2009, la France comme beaucoup de pays ont c&eacute;l&eacute;br&eacute; le 20&egrave;me anniversaire de la Convention internationale des droits de l&rsquo;enfant.<o:p><\/o:p><\/span><\/p>\n<p class=\"MsoNormal\" style=\"margin-bottom: 0pt; line-height: normal; text-align: justify\"><span style=\"font-size: 13.5pt; font-family: Arial\"><!--[if !supportEmptyParas]-->&nbsp;<!--[endif]--><o:p><\/o:p><\/span><span style=\"font-size: 13.5pt; font-family: Arial\">Il est de la responsabilit&eacute; de la pr&eacute;fecture d&rsquo;organiser d&rsquo;urgence une r&eacute;union, associant les familles roms et les associations, afin de trouver des solutions de relogement durables pour toutes les personnes qui vivent dans des conditions d&rsquo;habitat indignes sur le Val-de-Marne.<o:p><\/o:p><\/span><\/p>\n<p class=\"MsoNormal\" style=\"text-align: justify\"><!--[if !supportEmptyParas]-->&nbsp;<!--[endif]--><o:p><\/o:p><\/p>\n<p class=\"MsoNormal\" style=\"text-align: justify\"><span style=\"color: black; font-family: Verdana\">Orly, lundi 8 f&eacute;vrier 2010<o:p><\/o:p><\/span><\/p>\n<p class=\"MsoNormal\" style=\"text-align: justify\"><span style=\"color: black; font-family: Verdana\"><!--[if !supportEmptyParas]-->&nbsp;<!--[endif]--><o:p><\/o:p><\/span><\/p>\n<p class=\"MsoNormal\" style=\"text-align: justify\"><!--[if !supportEmptyParas]--><!--[if !supportEmptyParas]--><!--[if !supportEmptyParas]--><span style=\"color: black; font-family: Verdana\">Communiqu&eacute; de presse<o:p><\/o:p><\/span><\/p>\n<p class=\"MsoNormal\" style=\"text-align: justify\"><span style=\"color: black; font-family: Verdana\"><!--[if !supportEmptyParas]-->&nbsp;<!--[endif]--><o:p><\/o:p><\/span><\/p>\n<p class=\"MsoNormal\" style=\"text-align: justify\"><span style=\"color: black; font-family: Verdana\"><!--[if !supportEmptyParas]-->&nbsp;<!--[endif]--><\/span><span style=\"color: black; font-family: Verdana\">Apr&egrave;s le drame d&rsquo;Orly, une solution humaine doit &ecirc;tre trouv&eacute;e<\/span><span style=\"color: black; font-family: Verdana\">.<o:p><\/o:p><\/span><\/p>\n<p class=\"MsoNormal\" style=\"text-align: justify\"><span style=\"text-transform: uppercase; color: black; font-family: Verdana\"><!--[if !supportEmptyParas]-->&nbsp;<!--[endif]--><o:p><\/o:p><\/span><span style=\"color: black; font-family: Verdana\"><!--[if !supportEmptyParas]--> <\/span><span style=\"color: black; font-family: Verdana\"><!--[if !supportEmptyParas]--><\/span><span style=\"color: black; font-family: Verdana\">Dimanche 7 f&eacute;vrier &agrave; 20H un incendie s&rsquo;est d&eacute;clar&eacute; dans deux des habitations de fortune du campement des familles roms, voie du Bouvray &agrave; Orly. Malgr&eacute; l&rsquo;intervention des parents puis des pompiers, un petit gar&ccedil;on de 3 ans est d&eacute;c&eacute;d&eacute;, et sa petite soeur de 15 mois a &eacute;t&eacute; hospitalis&eacute;e dans un &eacute;tat grave. <o:p><\/o:p><\/span><\/p>\n<p class=\"MsoNormal\" style=\"text-align: justify\"><span style=\"color: black; font-family: Verdana\">Madame JANODET, Maire d&rsquo;Orly, son adjoint Paul FAROUZ, et les services de la ville se sont aussit&ocirc;t rendus sur place. Mme JANODET a exprim&eacute; son &eacute;motion et sa compassion aux parents. Elle a imm&eacute;diatement r&eacute;quisitionn&eacute; un &eacute;quipement public pour accueillir et h&eacute;berger ces familles dans l&rsquo;urgence.<o:p><\/o:p><\/span><\/p>\n<p class=\"MsoNormal\" style=\"text-align: justify\"><span style=\"color: black; font-family: Verdana\"><!--[if !supportEmptyParas]-->&nbsp;<!--[endif]--><o:p><\/o:p><\/span><span style=\"color: black; font-family: Verdana\">Depuis juillet 2008, 6 familles originaires de Roumanie ont dress&eacute; un campement de fortune sur un terrain de la ville. Estimant notamment que les conditions de s&eacute;curit&eacute; pour ces familles n&rsquo;&eacute;taient pas assur&eacute;es, la municipalit&eacute; a engag&eacute; une proc&eacute;dure en justice.<o:p><\/o:p><\/span><\/p>\n<p class=\"MsoNormal\" style=\"text-align: justify\"><span style=\"color: black; font-family: Verdana\"><!--[if !supportEmptyParas]-->&nbsp;<!--[endif]--><o:p><\/o:p><\/span><span style=\"color: black; font-family: Verdana\">Sans attendre les r&eacute;ponses des tribunaux, les services de la ville ont assur&eacute; &agrave; ces personnes<span>&nbsp; <\/span>un suivi sanitaire et social<span>&nbsp; <\/span>portant sur diff&eacute;rents aspects&nbsp;: sant&eacute;, enseignement, emploi&hellip;<o:p><\/o:p><\/span><\/p>\n<p class=\"MsoNormal\" style=\"text-align: justify\"><span style=\"color: black; font-family: Verdana\"><!--[if !supportEmptyParas]-->&nbsp;<!--[endif]--><o:p><\/o:p><\/span><span style=\"color: black; font-family: Verdana\">Le 15 d&eacute;cembre 2009 Madame la Maire a saisi Monsieur le Pr&eacute;fet du Val de Marne pour organiser une table ronde int&eacute;grant tous les partenaires concern&eacute;s, afin de trouver une solution p&eacute;renne &agrave; la situation de ces familles.<o:p><\/o:p><\/span><\/p>\n<p class=\"MsoNormal\" style=\"text-align: justify\"><span style=\"color: black; font-family: Verdana\"><!--[if !supportEmptyParas]-->&nbsp;<!--[endif]--><o:p><\/o:p><\/span><span style=\"color: black; font-family: Verdana\">Elle a rappel&eacute; sa demande au secr&eacute;taire g&eacute;n&eacute;ral de la pr&eacute;fecture, le 28 janvier, lors d&rsquo;une r&eacute;union de travail.<o:p><\/o:p><\/span><\/p>\n<p class=\"MsoNormal\" style=\"text-align: justify\"><span style=\"color: black; font-family: Verdana\"><!--[if !supportEmptyParas]-->&nbsp;<!--[endif]--><o:p><\/o:p><\/span><span style=\"color: black; font-family: Verdana\">Apr&egrave;s cet incendie dramatique, et tout en assurant le suivi de ces familles, la ville d&rsquo;Orly demande que les services de l&rsquo;Etat prennent leurs responsabilit&eacute;s, en concertation avec les associations et la municipalit&eacute;, pour qu&rsquo;une solution humaine soit enfin trouv&eacute;e.<o:p><\/o:p><\/span><!--[if !supportEmptyParas]--><!--[if !supportEmptyParas]--><!--[if !supportEmptyParas]--><\/p>\n","protected":false},"excerpt":{"rendered":"<p>deux enfants sont morts   \u00e0 ORLY   dans le bidonville. Une fois de plus les diverses autorit\u00e9s se disent incomp\u00e9tentes  et se renvoient la responsabilit\u00e9 du drame .   <\/p>\n","protected":false},"author":1,"featured_media":0,"comment_status":"closed","ping_status":"closed","sticky":false,"template":"","format":"standard","meta":{"footnotes":""},"categories":[14,18],"tags":[74],"class_list":["post-758","post","type-post","status-publish","format-standard","hentry","category-habitat-subi","category-migrants-roms","tag-incendie"],"_links":{"self":[{"href":"https:\/\/archives.rencontrestsiganes.org\/index.php\/wp-json\/wp\/v2\/posts\/758","targetHints":{"allow":["GET"]}}],"collection":[{"href":"https:\/\/archives.rencontrestsiganes.org\/index.php\/wp-json\/wp\/v2\/posts"}],"about":[{"href":"https:\/\/archives.rencontrestsiganes.org\/index.php\/wp-json\/wp\/v2\/types\/post"}],"author":[{"embeddable":true,"href":"https:\/\/archives.rencontrestsiganes.org\/index.php\/wp-json\/wp\/v2\/users\/1"}],"replies":[{"embeddable":true,"href":"https:\/\/archives.rencontrestsiganes.org\/index.php\/wp-json\/wp\/v2\/comments?post=758"}],"version-history":[{"count":0,"href":"https:\/\/archives.rencontrestsiganes.org\/index.php\/wp-json\/wp\/v2\/posts\/758\/revisions"}],"wp:attachment":[{"href":"https:\/\/archives.rencontrestsiganes.org\/index.php\/wp-json\/wp\/v2\/media?parent=758"}],"wp:term":[{"taxonomy":"category","embeddable":true,"href":"https:\/\/archives.rencontrestsiganes.org\/index.php\/wp-json\/wp\/v2\/categories?post=758"},{"taxonomy":"post_tag","embeddable":true,"href":"https:\/\/archives.rencontrestsiganes.org\/index.php\/wp-json\/wp\/v2\/tags?post=758"}],"curies":[{"name":"wp","href":"https:\/\/api.w.org\/{rel}","templated":true}]}}