{"id":735,"date":"2009-12-30T12:02:22","date_gmt":"2009-12-30T12:02:22","guid":{"rendered":"http:\/\/rt.boullier.fr\/?p=735"},"modified":"2009-12-30T12:02:22","modified_gmt":"2009-12-30T12:02:22","slug":"art735","status":"publish","type":"post","link":"https:\/\/archives.rencontrestsiganes.org\/index.php\/2009\/12\/30\/art735\/","title":{"rendered":"Appel des Eurod\u00e9put\u00e9s"},"content":{"rendered":"<p>Appel des Elu(e)s Eurod\u00e9put\u00e9s EUROPE ECOLOGIE<\/p>\n<p>{{ {{{Pour une politique d\u2019accueil et d\u2019acc\u00e8s aux droits des Rroms d\u2019Europe de l\u2019Est install\u00e9s en France}}} }}<\/p>\n<p>23 November 2009 par Catherine Gr\u00e8ze<\/p>\n<p>Nous, \u00e9lu-e-s, dans la diversit\u00e9 de nos mandats, dans la pluralit\u00e9 de nos appartenances politiques, avons \u00e9t\u00e9, \u00e0 des niveaux divers, confront\u00e9s au d\u00e9fi que repr\u00e9sente l\u2019installation de Rroms d\u2019Europe de l\u2019Est sur nos territoires.<\/p>\n<p>Face \u00e0 la d\u00e9tresse humaine v\u00e9cue par les Rroms nous refusons l\u2019inaction et l\u2019indiff\u00e9rence, qui nous sont pr\u00e9sent\u00e9es comme autant de fatalit\u00e9s. Nous refusons qu\u2019une telle indignit\u00e9 soit faite \u00e0 l\u2019\u00eatre humain et avons d\u00e9cid\u00e9 de ne plus en \u00eatre spectateurs. Attach\u00e9s \u00e0 la construction Europ\u00e9enne nous ne pouvons la concevoir sans un d\u00e9veloppement de tous ses territoires, de toutes ses populations et sans une volont\u00e9 politique affirm\u00e9e de lutter contre les discriminations. En Roumanie, en Bulgarie, dans les pays d\u2019Ex-Yougoslavie comme ici, en France, les Rroms sont victimes de ces discriminations. Notre exp\u00e9rience nous montre qu\u2019\u00e0 toutes les \u00e9chelles, de la commune \u00e0 l\u2019Union Europ\u00e9enne, nous pouvons contribuer \u00e0 des avanc\u00e9es concr\u00e8tes dans le sens d\u2019un accueil digne sur nos territoires, qui peuvent \u00eatre coupl\u00e9es \u00e0 des actions de coop\u00e9ration d\u00e9centralis\u00e9e visant \u00e0 am\u00e9liorer les conditions de vie dans les r\u00e9gions d\u2019origine.<\/p>\n<p>A notre niveau, avec nos moyens, nous agissons ou nous engageons \u00e0 agir. Ces actions, bien souvent, nous avons d\u00fb les inventer, les improviser, avec une exp\u00e9rience limit\u00e9e de nos services, dans une grande solitude, sans assurance d\u2019avoir les moyens de les mener et bien trop souvent sans le soutien de l\u2019Etat. Aussi nous souhaitons promouvoir aujourd\u2019hui, en s\u2019associant au sein d\u2019un collectif d\u2019\u00e9lus, un partage et une mutualisation de ces exp\u00e9riences locales qui d\u00e9montrent chacune \u00e0 leur mani\u00e8re qu\u2019une politique alternative aux expulsions sans relogement est possible. A l\u2019Etat d\u2019en prendre \u00e9galement sa part.<\/p>\n<p>Citoyens de l\u2019Union Europ\u00e9enne et pourtant priv\u00e9s du droit au travail par l\u2019instauration en France de dispositions li\u00e9es au r\u00e9gime transitoire, les Rroms Bulgares et Roumains ne peuvent pas s\u2019int\u00e9grer par le travail. Cette situation, contraire \u00e0 l\u2019id\u00e9e europ\u00e9enne, est g\u00e9n\u00e9ratrice d\u2019injustices mais alimente \u00e9galement l\u2019irr\u00e9gularit\u00e9 de leur pr\u00e9sence en France et, par voie de cons\u00e9quence, leur mis\u00e8re. Si les trait\u00e9s d\u2019adh\u00e9sion autorisent temporairement que des limitations soient pos\u00e9es \u00e0 leur acc\u00e8s au march\u00e9 de l\u2019emploi, il appartient \u00e0 l\u2019Etat d\u2019y mettre fin. La volont\u00e9 politique doit y \u00eatre. Elle y sera si, ensemble, nous agissons dans ce sens. C\u2019est pourquoi nous demandons \u00e0 l\u2019Etat la fin du r\u00e9gime transitoire qui prive les Roumains et Bulgares de l\u2019acc\u00e8s au travail et fait d\u2019eux des europ\u00e9ens de seconde zone.<\/p>\n","protected":false},"excerpt":{"rendered":"<p>L&rsquo;appel des D\u00e9put\u00e9s Europ\u00e9ens Ecologistes en faveur des Rroms est un timide espoir  qui doit \u00eatre salu\u00e9 <\/p>\n","protected":false},"author":1,"featured_media":0,"comment_status":"closed","ping_status":"closed","sticky":false,"template":"","format":"standard","meta":{"footnotes":""},"categories":[18,24],"tags":[58],"class_list":["post-735","post","type-post","status-publish","format-standard","hentry","category-migrants-roms","category-scolarisationsantetravail","tag-europe"],"_links":{"self":[{"href":"https:\/\/archives.rencontrestsiganes.org\/index.php\/wp-json\/wp\/v2\/posts\/735","targetHints":{"allow":["GET"]}}],"collection":[{"href":"https:\/\/archives.rencontrestsiganes.org\/index.php\/wp-json\/wp\/v2\/posts"}],"about":[{"href":"https:\/\/archives.rencontrestsiganes.org\/index.php\/wp-json\/wp\/v2\/types\/post"}],"author":[{"embeddable":true,"href":"https:\/\/archives.rencontrestsiganes.org\/index.php\/wp-json\/wp\/v2\/users\/1"}],"replies":[{"embeddable":true,"href":"https:\/\/archives.rencontrestsiganes.org\/index.php\/wp-json\/wp\/v2\/comments?post=735"}],"version-history":[{"count":0,"href":"https:\/\/archives.rencontrestsiganes.org\/index.php\/wp-json\/wp\/v2\/posts\/735\/revisions"}],"wp:attachment":[{"href":"https:\/\/archives.rencontrestsiganes.org\/index.php\/wp-json\/wp\/v2\/media?parent=735"}],"wp:term":[{"taxonomy":"category","embeddable":true,"href":"https:\/\/archives.rencontrestsiganes.org\/index.php\/wp-json\/wp\/v2\/categories?post=735"},{"taxonomy":"post_tag","embeddable":true,"href":"https:\/\/archives.rencontrestsiganes.org\/index.php\/wp-json\/wp\/v2\/tags?post=735"}],"curies":[{"name":"wp","href":"https:\/\/api.w.org\/{rel}","templated":true}]}}