{"id":730,"date":"2009-12-30T12:02:40","date_gmt":"2009-12-30T11:02:40","guid":{"rendered":"http:\/\/rt.boullier.fr\/?p=730"},"modified":"2009-12-30T12:02:40","modified_gmt":"2009-12-30T11:02:40","slug":"art730","status":"publish","type":"post","link":"https:\/\/archives.rencontrestsiganes.org\/index.php\/2009\/12\/30\/art730\/","title":{"rendered":"AREAT : droit de r\u00e9ponse"},"content":{"rendered":"<p> { C&rsquo;est bien volontier que nous donnons au service social de l&rsquo;AREAT  la possibilit\u00e9 de s&rsquo;exprimer sur notre site . Nous publions \u00e9galement la r\u00e9ponse que nous lui avont faite.  Cela n&rsquo;enl\u00e8ve rien aux critiques que nous formulons  depuis de plusieurs ann\u00e9es sur les  modalit\u00e9s de gestion de cet organsime et surtout sur l&rsquo;absence de transparence de sa gestion . On lira  \u00e9galement  sur le m\u00eame sujet et curieusement dans les m\u00eames termes la r\u00e9ponse faite \u00e0 l&rsquo;ANGVC par la soci\u00e9t\u00e9 GDV}<\/p>\n<p>{{Areat a \u00e9crit :}}<\/p>\n<p> Monsieur le Pr\u00e9sident,<\/p>\n<p>Suite \u00e0 vos commentaires habituels concernant notre Association, il semble utile de vous pr\u00e9ciser quelques informations g\u00e9n\u00e9rales.<\/p>\n<p> Contrairement \u00e0 vos dires :<\/p>\n<p> &#8211;         les modes de gestion comme les tarifs appliqu\u00e9s sur les aires d&rsquo;accueil publiques sont d\u00e9finis par les r\u00e8glements int\u00e9rieurs municipaux ou communautaires et non pas par les gestionnaires.<\/p>\n<p> &#8211;         leurs clauses vot\u00e9es par les \u00e9lus font aussi l&rsquo;objet de contr\u00f4les de l\u00e9galit\u00e9 des Pouvoirs Publics et sont impos\u00e9es par les Collectivit\u00e9s Locales aux usagers et aux gestionnaires qui engagent alors leur responsabilit\u00e9 sur le cahier des charges.<\/p>\n<p> &#8211;         l&rsquo;AREAT n&rsquo;exige rien des Voyageurs qui depuis de nombreuses ann\u00e9es sollicitent nos services sociaux pour r\u00e9pondre \u00e0 diff\u00e9rents besoins. Pour indication quelques 1200 familles sont domicili\u00e9es administrativement sur nos diff\u00e9rentes antennes sociales sur PACA \u00e0 la satisfaction de tous.<\/p>\n<p> &#8211;         l&rsquo;AREAT ne d\u00e9tient pas de fichier d&rsquo;ind\u00e9sirables comme vous l&rsquo;indiquez,<\/p>\n<p> &#8211;         l&rsquo;aire d&rsquo;accueil municipale d&rsquo;Antibes fonctionne bien selon les t\u00e9moignages des Pouvoirs Publics et des caravaniers qui souhaitent y stationner.<\/p>\n<p>Concernant le drame survenu en Avignon qui a co\u00fbt\u00e9 la vie \u00e0 une enfant, cette famille que nous connaissons bien pour \u00eatre domicili\u00e9e sur nos services depuis plus de 10 ans et dont nous avons partag\u00e9 le deuil, venait de la ville d&rsquo;Arles apr\u00e8s avoir stationn\u00e9 sur le Gard et ne s&rsquo;est pas pr\u00e9sent\u00e9e sur le terrain d&rsquo;accueil d&rsquo;Avignon dont elle n&rsquo;a pas \u00e9t\u00e9 expuls\u00e9e comme vous le dites.<\/p>\n<p>Nous sommes ainsi toujours \u00e9tonn\u00e9s de vos informations et interpr\u00e9tations fallacieuses et diffamatoires en ne comprenant pas les int\u00e9r\u00eats qui vous guident.<\/p>\n<p>Vous remerciant de bien vouloir porter ces informations sur votre site.<\/p>\n<p> Le Service Social AREAT sur PACA<\/p>\n<p>&#8212;&#8212;&#8212;&#8212;&#8212;&#8212;&#8212;&#8212;&#8212;&#8212;&#8212;&#8212;&#8212;&#8212;&#8212;&#8212;&#8212;&#8212;&#8212;&#8212;&#8212;&#8212;&#8212;&#8212;&#8212;&#8212;&#8212;&#8212;&#8212;<\/p>\n<p>R\u00e9ponse de Rencontres Tsiganes <\/p>\n<p>Nous prenons acte de votre courrier du 17\/12 \/2009 que nous ne manquerons pas de publier  sur notre site internet dans les prochains jours .<\/p>\n<p>Toutefois nous nous \u00e9tonnons que la dite r\u00e9ponse soit sign\u00e9e du \u00ab\u00a0service social de l&rsquo;AREAT en PACA\u00a0\u00bb .   Nous n&rsquo;avons \u00e0 ce jour  en effet  aucune remarque \u00e0 faire sur ce service en particulier et sur son personnel.  Les observations  que nous avons formul\u00e9es et que nous confirmons avec d&rsquo;autres, portent d&rsquo;une part sur le mode de gestion des  aires d&rsquo;accueil   et sur l&rsquo;opacit\u00e9 des relations entre une association r\u00e9gionale \u00e0 caract\u00e8re social agissant au service  de la  communaut\u00e9 des gens du voyage et  b\u00e9n\u00e9ficiant \u00e0 ce titre de subventions publiques et d&rsquo;autre part, une soci\u00e9t\u00e9 de droit priv\u00e9 \u00e0 but lucratif  d\u00e9nomm\u00e9e GDV dont l&rsquo;activit\u00e9 semble \u00e9troitement confondue avec celle de  l&rsquo;association .<br \/>\nPour couper court \u00e0 toute pol\u00e9mique  et \u00e9viter dor\u00e9navant que vous vous estimiez  diffam\u00e9s, nous vous sugg\u00e9rons, comme c&rsquo;est la r\u00e8gle, de faire un effort de transparence en rendant publique les \u00e9l\u00e9ments suivants  :<\/p>\n<p>1\u00b0Quelle est la composition du conseil d&rsquo;administration de l&rsquo;AREAT et  quelles sont ses sources de financement ?<\/p>\n<p>2\u00b0 Quelles sont les personnes qui en assurent la direction et la gestion ?<\/p>\n<p>3\u00b0 Quelle  est le statut, le si\u00e8ge social et l&rsquo;objet  de la soci\u00e9t\u00e9 de droit priv\u00e9  GDV et quelles sont ses missions?<\/p>\n<p>4\u00b0 Quelle est la composition de son  personnel de direction ?<\/p>\n<p>5\u00b0 Lors des r\u00e9ponses \u00e0 des appels d&rsquo;offre publics pour \u00e9tudes ou gestion des aires d&rsquo;accueil  quelles est  la r\u00e9partition des t\u00e2ches et des responsabilit\u00e9s entre l&rsquo;AREAT et GDV ?<\/p>\n<p>6\u00b0 Qui  repr\u00e9sente l&rsquo;AREAT dans les commissions consultatives d\u00e9partementales  dont l&rsquo;association est membre ?<\/p>\n<p>Des r\u00e9ponses claires \u00e0 ces questions permettraient \u00e0 l&rsquo;avenir  d&rsquo;\u00e9viter toute confusion et de bien  partager les responsabilit\u00e9s des uns et des autres. Cela  nous \u00e9viterait  notamment de mettre en cause des personnes  qui, nous le savons, tentent  d&rsquo;accomplir leur mission avec rigueur et professionnalisme.<br \/>\nNous ne doutons pas que vous aurez soins de r\u00e9pondre  \u00e0 ces interrogations  justifi\u00e9es mettant ainsi fin \u00e0 toute information  de notre part que vous jugerez   fallacieuse .<\/p>\n<p>le pr\u00e9sident de Rencontres Tsiganes : Alain FOUREST<\/p>\n","protected":false},"excerpt":{"rendered":"<p>A lire:   la r\u00e9action de l&rsquo;AREAT et notre r\u00e9ponse <\/p>\n","protected":false},"author":1,"featured_media":0,"comment_status":"closed","ping_status":"closed","sticky":false,"template":"","format":"standard","meta":{"footnotes":""},"categories":[29],"tags":[],"class_list":["post-730","post","type-post","status-publish","format-standard","hentry","category-aires-daccueil"],"_links":{"self":[{"href":"https:\/\/archives.rencontrestsiganes.org\/index.php\/wp-json\/wp\/v2\/posts\/730","targetHints":{"allow":["GET"]}}],"collection":[{"href":"https:\/\/archives.rencontrestsiganes.org\/index.php\/wp-json\/wp\/v2\/posts"}],"about":[{"href":"https:\/\/archives.rencontrestsiganes.org\/index.php\/wp-json\/wp\/v2\/types\/post"}],"author":[{"embeddable":true,"href":"https:\/\/archives.rencontrestsiganes.org\/index.php\/wp-json\/wp\/v2\/users\/1"}],"replies":[{"embeddable":true,"href":"https:\/\/archives.rencontrestsiganes.org\/index.php\/wp-json\/wp\/v2\/comments?post=730"}],"version-history":[{"count":0,"href":"https:\/\/archives.rencontrestsiganes.org\/index.php\/wp-json\/wp\/v2\/posts\/730\/revisions"}],"wp:attachment":[{"href":"https:\/\/archives.rencontrestsiganes.org\/index.php\/wp-json\/wp\/v2\/media?parent=730"}],"wp:term":[{"taxonomy":"category","embeddable":true,"href":"https:\/\/archives.rencontrestsiganes.org\/index.php\/wp-json\/wp\/v2\/categories?post=730"},{"taxonomy":"post_tag","embeddable":true,"href":"https:\/\/archives.rencontrestsiganes.org\/index.php\/wp-json\/wp\/v2\/tags?post=730"}],"curies":[{"name":"wp","href":"https:\/\/api.w.org\/{rel}","templated":true}]}}