{"id":697,"date":"2009-10-04T11:38:36","date_gmt":"2009-10-04T11:38:36","guid":{"rendered":"http:\/\/rt.boullier.fr\/?p=697"},"modified":"2009-10-04T11:38:36","modified_gmt":"2009-10-04T11:38:36","slug":"art697","status":"publish","type":"post","link":"https:\/\/archives.rencontrestsiganes.org\/index.php\/2009\/10\/04\/art697\/","title":{"rendered":"2010, une ann\u00e9e pour ne pas oublier"},"content":{"rendered":"<p>Rencontres Tsiganes participera \u00e0 ce projet qui devrait tenter de mieux faire conna\u00eetre aux gadg\u00e9s l&rsquo;histoire du peuple tsigane et en particulier la mani\u00e8re dont ils ont \u00e9t\u00e9 trait\u00e9s par l&rsquo;Etat fran\u00e7ais pendant la derni\u00e8re guerre.<\/p>\n<p>On fournira r\u00e9guli\u00e8rement les \u00e9l\u00e9ments de ce programme ambitieux. Dans l&rsquo;imm\u00e9diat des informations de grande qualit\u00e9 sont regroup\u00e9es sur les site internet d\u00e9di\u00e9 qu&rsquo;il faut absolument visiter.<\/p>\n<p>http:\/\/www.memoires-tsiganes1939-1946.fr\/<\/p>\n<p>{{ {{{Les Tsiganes et le M\u00e9morial des Milles}}} }}<\/p>\n<p>Les objectifs<\/p>\n<p>Voil\u00e0 d\u00e9j\u00e0 trois ans, qu\u2019\u00e0 la suite d\u2019une rencontre avec Alain CHOURAQUI et, gr\u00e2ce \u00e0 lui, nous avons \u00e9t\u00e9 partie prenante des diverses manifestations organis\u00e9es aux Milles. Les principaux intervenants lors des c\u00e9r\u00e9monies du souvenir ont, pour la plupart, mentionn\u00e9 le g\u00e9nocide des tsiganes. Lors d\u2019une r\u00e9union avec Alain CHOURAQUI il nous avait expliqu\u00e9 les principaux objectifs du projet. Au-del\u00e0 de la partie historique il s\u2019agit aussi de d\u00e9velopper un programme d\u2019animation aupr\u00e8s du public et en particulier des jeunes afin de les sensibiliser contre toutes forme d\u2019exclusion et de racisme.<\/p>\n<p>A ce jour si la pr\u00e9sence du passage de Tsiganes dans le camp des Milles n\u2019est pas confirm\u00e9e, nous savons les conditions dans lesquelles, dans la r\u00e9gion et dans d\u2019autres lieux en France, des camps d\u2019internement pour les tsiganes ont \u00e9t\u00e9 construits et g\u00e9r\u00e9s par l\u2019Etat fran\u00e7ais. C\u2019est en particulier le camp de Saliers \u00e0 Arles.<\/p>\n<p>Le contexte actuel de rejet permanent de la communaut\u00e9 tsigane dans la r\u00e9gion, en France et en Europe, n\u2019est pas sans rappeler le contexte qui dans les ann\u00e9es trente, a conduit \u00e0 l\u2019extermination par les nazis dans les camps de concentration de plusieurs centaines de milliers de tsiganes.<\/p>\n<p>IL nous semble donc essentiel que l\u2019on s\u2019appuie sur l\u2019histoire et la m\u00e9moire de ces \u00e9v\u00e8nements afin de rappeler aux g\u00e9n\u00e9rations n\u00e9es apr\u00e8s la guerre les dangers que repr\u00e9sentent aujourd\u2019hui les comportements d\u2019une partie de la soci\u00e9t\u00e9 contemporaine vis-\u00e0-vis des Rroms tsiganes.<\/p>\n<p>Le r\u00f4le de Rencontres Tsiganes<\/p>\n<p>Depuis quelques ann\u00e9es, en relation directe avec des tsiganes, voyageurs ou s\u00e9dentaires, nous avons mesur\u00e9 les multiples formes d\u2019exclusion et de discrimination dont ils sont l\u2019objet \u00e0 travers l\u2019Europe. Nous avons aussi compris les difficult\u00e9s propres \u00e0 leur mode de vie qui faisaient obstacle \u00e0 un travail de m\u00e9moire pourtant indispensable. Nous avons parmi nos membres des personnes dont une partie de la famille garde directement le souvenir de cette p\u00e9riode sombre.<\/p>\n<p>Nous avons \u00e9galement rassembl\u00e9 divers documents, article de presse, vid\u00e9os, livres ou encore sites internet sur le sujet et nous sommes en contact avec des associations sp\u00e9cialis\u00e9es sur ce th\u00e8me. Nous participerons avec la FNASAT aux diverses manifestations organis\u00e9es en 2010 sur la m\u00e9moire.<\/p>\n<p>Par ailleurs nous prenons part \u00e0 de multiples manifestations pr\u00e9sentant les divers aspects de la culture tsigane et nous intervenons dans les coll\u00e8ges du D\u00e9partement avec l\u2019appui du Conseil g\u00e9n\u00e9ral des Bouches-du-Rh\u00f4ne.<\/p>\n<p>Rencontres Tsiganes se propose donc de fournir \u00e0 l\u2019\u00e9quipe de professionnels en charge du projet de M\u00e9morial les informations dont elle dispose et de participer avec l\u2019aide de ses membres b\u00e9n\u00e9voles au montage de ce programme.<\/p>\n<p>Marseille le 7\/09\/2009<\/p>\n","protected":false},"excerpt":{"rendered":"<p>A l&rsquo;initiative de la FNASAT  une r\u00e9union de travail a permis de pr\u00e9ciser les objectifs de \u00ab\u00a0l&rsquo;ann\u00e9e du souvenir\u00a0\u00bb <\/p>\n","protected":false},"author":1,"featured_media":0,"comment_status":"closed","ping_status":"closed","sticky":false,"template":"","format":"standard","meta":{"footnotes":""},"categories":[6,25],"tags":[78],"class_list":["post-697","post","type-post","status-publish","format-standard","hentry","category-devoir-de-memoire","category-sur-le-terrain","tag-les-milles"],"_links":{"self":[{"href":"https:\/\/archives.rencontrestsiganes.org\/index.php\/wp-json\/wp\/v2\/posts\/697","targetHints":{"allow":["GET"]}}],"collection":[{"href":"https:\/\/archives.rencontrestsiganes.org\/index.php\/wp-json\/wp\/v2\/posts"}],"about":[{"href":"https:\/\/archives.rencontrestsiganes.org\/index.php\/wp-json\/wp\/v2\/types\/post"}],"author":[{"embeddable":true,"href":"https:\/\/archives.rencontrestsiganes.org\/index.php\/wp-json\/wp\/v2\/users\/1"}],"replies":[{"embeddable":true,"href":"https:\/\/archives.rencontrestsiganes.org\/index.php\/wp-json\/wp\/v2\/comments?post=697"}],"version-history":[{"count":0,"href":"https:\/\/archives.rencontrestsiganes.org\/index.php\/wp-json\/wp\/v2\/posts\/697\/revisions"}],"wp:attachment":[{"href":"https:\/\/archives.rencontrestsiganes.org\/index.php\/wp-json\/wp\/v2\/media?parent=697"}],"wp:term":[{"taxonomy":"category","embeddable":true,"href":"https:\/\/archives.rencontrestsiganes.org\/index.php\/wp-json\/wp\/v2\/categories?post=697"},{"taxonomy":"post_tag","embeddable":true,"href":"https:\/\/archives.rencontrestsiganes.org\/index.php\/wp-json\/wp\/v2\/tags?post=697"}],"curies":[{"name":"wp","href":"https:\/\/api.w.org\/{rel}","templated":true}]}}