{"id":675,"date":"2009-08-26T14:35:35","date_gmt":"2009-08-26T13:35:35","guid":{"rendered":"http:\/\/rt.boullier.fr\/?p=675"},"modified":"2009-08-26T14:35:35","modified_gmt":"2009-08-26T13:35:35","slug":"art675","status":"publish","type":"post","link":"https:\/\/archives.rencontrestsiganes.org\/index.php\/2009\/08\/26\/art675\/","title":{"rendered":"CES GENS LA !"},"content":{"rendered":"<p>En cette fin d&#8217;\u00e9t\u00e9 chaud , nous empruntons \u00e0 l&#8217;\u00e9ditorialiste du journal \u00ab le Monde \u00bbl&#8217;analyse lucide que nous partageons pleinement.  <\/p>\n<p>{{ {{{<br \/>\n\u00ab\u00a0Ces gens-l\u00e0\u00a0\u00bb}}} }}<\/p>\n<p>LE MONDE | 17.08.09 | 15h08  &#8226;  <\/p>\n<p>L&rsquo;enqu\u00eate ouverte par le parquet de Cr\u00e9teil pour \u00ab\u00a0injures publiques \u00e0 caract\u00e8re racial\u00a0\u00bb dira si le pr\u00e9fet hors cadre Paul Girot de Langlade, 63 ans, a r\u00e9ellement tenu, \u00e0 Orly, le 31 juillet, les propos qui motivent la plainte d\u00e9pos\u00e9e le m\u00eame jour par une femme agent de s\u00e9curit\u00e9 \u00e0 l&rsquo;a\u00e9roport.<\/p>\n<p>Selon la plaignante, M. Girot de Langlade aurait lanc\u00e9 sur elle le contenu de ses poches apr\u00e8s qu&rsquo;elle lui eut demand\u00e9 de les vider, le portique de s\u00e9curit\u00e9 ayant sonn\u00e9. \u00ab\u00a0On est l\u00e0 o\u00f9 ? On se croirait en Afrique ici\u00a0\u00bb, se serait-il exclam\u00e9, avant de d\u00e9clarer : \u00ab\u00a0De toutes fa\u00e7ons, il n&rsquo;y a que des Noirs ici.\u00a0\u00bb<\/p>\n<p>L&rsquo;int\u00e9ress\u00e9 d\u00e9ment ces propos et d\u00e9nonce une \u00ab\u00a0manipulation\u00a0\u00bb. Il reconna\u00eet seulement s&rsquo;\u00eatre \u00e9nerv\u00e9. En 2002, M. Girot de Langlade, alors pr\u00e9fet du Vaucluse, avait d\u00e9clar\u00e9 publiquement son hostilit\u00e9 \u00e0 l&rsquo;\u00e9gard des gens du voyage : \u00ab\u00a0Je n&rsquo;ai pas de tendresse particuli\u00e8re pour ces gens-l\u00e0. Ils vivent \u00e0 nos crochets, de la rapine aussi, tout le monde le sait.\u00a0\u00bb<\/p>\n<p>Quatre ans plus tard, devenu pr\u00e9fet d&rsquo;Indre-et-Loire, il avait estim\u00e9 : \u00ab\u00a0Il y en a trop (des gens du voyage) sur le d\u00e9partement.\u00a0\u00bb Les plaintes d\u00e9pos\u00e9es contre lui n&rsquo;avaient pas abouti \u00e0 une condamnation pour des raisons juridiques.<\/p>\n<p>Il n&#8217;emp\u00eache : qu&rsquo;un haut repr\u00e9sentant de l&rsquo;Etat garant des valeurs de la R\u00e9publique et de la coh\u00e9sion sociale parle de \u00ab\u00a0ces gens-l\u00e0\u00a0\u00bb \u00e0 propos d&rsquo;une cat\u00e9gorie de la population, la stigmatisant au surplus en l&rsquo;estimant en surnombre, est tout simplement inacceptable. En 2007, le pr\u00e9fet Girot de Langlade avait d&rsquo;ailleurs \u00e9t\u00e9 plac\u00e9 \u00ab\u00a0hors cadre\u00a0\u00bb apr\u00e8s ces propos.<\/p>\n<p>Que le pouvoir actuel ait choisi un haut fonctionnaire ayant ce profil pour coordonner les Etats g\u00e9n\u00e9raux de l&rsquo;outre-mer, appara\u00eet au minimum comme une maladresse. L&#8217;empressement du ministre de l&rsquo;int\u00e9rieur, Brice Hortefeux, \u00e0 suspendre l&rsquo;int\u00e9ress\u00e9 de sa fonction apr\u00e8s l&rsquo;ouverture d&rsquo;une enqu\u00eate ne va d&rsquo;ailleurs pas sans hypocrisie : la mission du pr\u00e9fet \u00e9tait quasiment achev\u00e9e depuis la remise de son rapport, le 30 juillet.<\/p>\n<p>Reste le contexte dans lequel s&rsquo;inscrivent les propos pr\u00eat\u00e9s \u00e0 M. Girot de Langlade : celui d&rsquo;une France o\u00f9 avoir affaire \u00e0 un employ\u00e9 noir ne va pas de soi, o\u00f9 \u00eatre fran\u00e7ais mais non blanc de peau continue de poser question.<\/p>\n<p>Le 7 juin, le maire (PS) d&rsquo;Evry, Manuel Valls, n&rsquo;avait pas h\u00e9sit\u00e9 \u00e0 estimer qu&rsquo;il n&rsquo;y a pas assez \u00ab\u00a0de Blancs, de white, de blancos\u00a0\u00bb dans une brocante de sa ville. D\u00e9claration plus que probl\u00e9matique, l\u00e0 encore. L&rsquo;habillage sociologique qu&rsquo;a fourni apr\u00e8s coup M. Valls ne fait que masquer une confusion bien p\u00e9rilleuse et qui n&rsquo;est pas rare, entre le racial et le social.<\/p>\n<p>Article paru dans l&rsquo;\u00e9dition du 18.08.09<\/p>\n","protected":false},"excerpt":{"rendered":"<p>En cette fin d&#8217;\u00e9t\u00e9 chaud , nous empruntons \u00e0 l&#8217;\u00e9ditorialiste du journal \u00ab le Monde \u00bbl&#8217;analyse lucide que nous partageons pleinement. {{ {{{ \u00ab\u00a0Ces gens-l\u00e0\u00a0\u00bb}}} }} LE MONDE | 17.08.09 | 15h08 &#8226; L&rsquo;enqu\u00eate ouverte par le parquet de Cr\u00e9teil pour \u00ab\u00a0injures publiques \u00e0 caract\u00e8re racial\u00a0\u00bb dira si le pr\u00e9fet hors cadre Paul Girot de [&hellip;]<\/p>\n","protected":false},"author":1,"featured_media":0,"comment_status":"closed","ping_status":"closed","sticky":false,"template":"","format":"standard","meta":{"footnotes":""},"categories":[9,16],"tags":[],"class_list":["post-675","post","type-post","status-publish","format-standard","hentry","category-editos","category-rub82"],"_links":{"self":[{"href":"https:\/\/archives.rencontrestsiganes.org\/index.php\/wp-json\/wp\/v2\/posts\/675","targetHints":{"allow":["GET"]}}],"collection":[{"href":"https:\/\/archives.rencontrestsiganes.org\/index.php\/wp-json\/wp\/v2\/posts"}],"about":[{"href":"https:\/\/archives.rencontrestsiganes.org\/index.php\/wp-json\/wp\/v2\/types\/post"}],"author":[{"embeddable":true,"href":"https:\/\/archives.rencontrestsiganes.org\/index.php\/wp-json\/wp\/v2\/users\/1"}],"replies":[{"embeddable":true,"href":"https:\/\/archives.rencontrestsiganes.org\/index.php\/wp-json\/wp\/v2\/comments?post=675"}],"version-history":[{"count":0,"href":"https:\/\/archives.rencontrestsiganes.org\/index.php\/wp-json\/wp\/v2\/posts\/675\/revisions"}],"wp:attachment":[{"href":"https:\/\/archives.rencontrestsiganes.org\/index.php\/wp-json\/wp\/v2\/media?parent=675"}],"wp:term":[{"taxonomy":"category","embeddable":true,"href":"https:\/\/archives.rencontrestsiganes.org\/index.php\/wp-json\/wp\/v2\/categories?post=675"},{"taxonomy":"post_tag","embeddable":true,"href":"https:\/\/archives.rencontrestsiganes.org\/index.php\/wp-json\/wp\/v2\/tags?post=675"}],"curies":[{"name":"wp","href":"https:\/\/api.w.org\/{rel}","templated":true}]}}