{"id":674,"date":"2009-06-28T10:33:32","date_gmt":"2009-06-28T09:33:32","guid":{"rendered":"http:\/\/rt.boullier.fr\/?p=674"},"modified":"2009-06-28T10:33:32","modified_gmt":"2009-06-28T09:33:32","slug":"art674","status":"publish","type":"post","link":"https:\/\/archives.rencontrestsiganes.org\/index.php\/2009\/06\/28\/art674\/","title":{"rendered":"La peur de l&rsquo;autre"},"content":{"rendered":"<p>{{ {{{LA PEUR DE L&#8217;AUTRE}}} }}<\/p>\n<p>Depuis quelques semaines, dans le d\u00e9partement du VAR, des incidents parfois violents opposent des groupes importants de voyageurs aux maires de plusieurs communes qui, tout en \u00e9tant pas en r\u00e8gle avec la loi de juillet 2000 s&#8217;oppose par tout moyen au stationnement de ces groupes. Cette situation n&#8217;est h\u00e9las pas nouvelle et pas propre au d\u00e9partement du VAR comme le d\u00e9montre la revue de presse diffus\u00e9e r\u00e9guli\u00e8rement par la FNASAT. Par contre les propos des \u00e9lus varois et d&#8217;une partie de la population doivent nous inqui\u00e9ter davantage.   Quels que soient les arguments de droits avanc\u00e9s, les tsiganes, qu&#8217;ils soient voyageurs ou s\u00e9dentaires, sont syst\u00e9matiquement pr\u00e9sent\u00e9s comme des fauteurs de troubles qui ne respectent pas les lois de ce pays et encore moins la sacro-sainte propri\u00e9t\u00e9 d&#8217;autrui. Ils sont ainsi consid\u00e9r\u00e9s comme ind\u00e9sirables dans le d\u00e9partement et trait\u00e9s comme tels. On ne s&#8217;\u00e9tonnera pas alors que certains groupes de voyageurs, exasp\u00e9r\u00e9s par un tel rejet, manifestent en force pour faire valoir leurs droits.  L&#8217;engrenage de l&#8217;incompr\u00e9hension et de la violence est alors en route et la peur de l&#8217;autre trouve un terrain propice aux exc\u00e8s de langage et de comportement.<br \/>\nJusqu&#8217;\u00e0 ce jour, les repr\u00e9sentants de l&#8217;Etat dans le d\u00e9partement n&#8217;ont pas su ou pas voulu  faire entendre la voix de la raison et du dialogue  et encore moins du respect de la loi r\u00e9publicaine. <\/p>\n<p>Cette impasse lourde de menace ne saurait se circonscrire au Var, voir m\u00eame \u00e0 la France et nous ne pouvons que constater une stigmatisation croissante des communaut\u00e9s tsiganes \u00e0 travers l&#8217;Europe et les peurs qu&#8217;elles engendrent dans la population. Le proverbe nous dit que la peur est mauvaise conseill\u00e8re. Elle trop souvent la cons\u00e9quence d&#8217;une ignorance sur la  r\u00e9alit\u00e9 de la vie de ces familles, leur histoire, les valeurs et les traditions qu&#8217;elles pr\u00e9servent malgr\u00e9 les multiples obstacles. <\/p>\n<p>Certes beaucoup d&#8217;entre elles se refusent de voir dispara\u00eetre  un mode de vie ancestral  et r\u00e9sistent \u00e0 leur mani\u00e8re aux mesures d&#8217;assimilation qui leur sont  oppos\u00e9es par les institutions. La question qui nous est alors pos\u00e9e peut se r\u00e9sumer ainsi : peux-t-on \u00eatre \u00e0 la fois citoyen fran\u00e7ais et revendiquer une identit\u00e9 culturelle diff\u00e9rente de la majorit\u00e9 ? A ce jour on admettra que la r\u00e9ponse institutionnelle est majoritairement n\u00e9gative et que les divers discours qui se d\u00e9veloppent sur l&#8217;identit\u00e9 fran\u00e7aise ne laissent pas esp\u00e9rer une \u00e9volution positive. Le combat des \u00e9cologistes et des chercheurs pour pr\u00e9server la  diversit\u00e9 des esp\u00e8ces doit-elle si limiter au monde animal et v\u00e9g\u00e9tal ? Ce serait d\u00e9risoire ! La recherche d&#8217;uniformit\u00e9 dans le comportement et les modes de nos concitoyens est, \u00e0 n&#8217;en pas douter, une source d&#8217;appauvrissement collectif  et peut \u00eatre un signe du  d\u00e9clin d&#8217;une civilisation. <\/p>\n<p>Apprendre \u00e0 conna\u00eetre l&#8217;autre avec ses diff\u00e9rences en  acceptant de remettre en cause des pr\u00e9jug\u00e9s, n\u00e9gocier dans le respect des partenaires des accords \u00e0 m\u00eame de faciliter la cohabitation et des r\u00e8gles de vie acceptables par tous, ce sont l\u00e0 des perspectives indispensables et urgentes \u00e0 mettre en place si l&#8217;on veut \u00e9viter de revivre les dramatiques \u00e9v\u00e8nements du si\u00e8cle dernier et pr\u00e9parer un avenir plus souriant. <\/p>\n<p>Ne nous y trompons pas l&#8217;enjeu ce n&#8217;est pas l&#8217;avenir du peuple Tsigane et de sa diversit\u00e9 culturelle : Voil\u00e0 bient\u00f4t mille ans qu&#8217;\u00e0 travers le monde, ils ont su r\u00e9sister \u00e0 toutes les oppressions. L&#8217;enjeu c&#8217;est la capacit\u00e9 de nos soci\u00e9t\u00e9s \u00e0 admettre qu&#8217;une petite minorit\u00e9   d&#8217;hommes et de femmes puissent vivre au milieu de nous en bonne intelligence sans  dispara\u00eetre en abandonnant ce qui les unit depuis des si\u00e8cles.<br \/>\nMarseille le 23 juin 2009    Alain FOUREST <\/p>\n","protected":false},"excerpt":{"rendered":"<p>{{ {{{LA PEUR DE L&#8217;AUTRE}}} }} Depuis quelques semaines, dans le d\u00e9partement du VAR, des incidents parfois violents opposent des groupes importants de voyageurs aux maires de plusieurs communes qui, tout en \u00e9tant pas en r\u00e8gle avec la loi de juillet 2000 s&#8217;oppose par tout moyen au stationnement de ces groupes. Cette situation n&#8217;est h\u00e9las [&hellip;]<\/p>\n","protected":false},"author":1,"featured_media":0,"comment_status":"closed","ping_status":"closed","sticky":false,"template":"","format":"standard","meta":{"footnotes":""},"categories":[9,16],"tags":[],"class_list":["post-674","post","type-post","status-publish","format-standard","hentry","category-editos","category-rub82"],"_links":{"self":[{"href":"https:\/\/archives.rencontrestsiganes.org\/index.php\/wp-json\/wp\/v2\/posts\/674","targetHints":{"allow":["GET"]}}],"collection":[{"href":"https:\/\/archives.rencontrestsiganes.org\/index.php\/wp-json\/wp\/v2\/posts"}],"about":[{"href":"https:\/\/archives.rencontrestsiganes.org\/index.php\/wp-json\/wp\/v2\/types\/post"}],"author":[{"embeddable":true,"href":"https:\/\/archives.rencontrestsiganes.org\/index.php\/wp-json\/wp\/v2\/users\/1"}],"replies":[{"embeddable":true,"href":"https:\/\/archives.rencontrestsiganes.org\/index.php\/wp-json\/wp\/v2\/comments?post=674"}],"version-history":[{"count":0,"href":"https:\/\/archives.rencontrestsiganes.org\/index.php\/wp-json\/wp\/v2\/posts\/674\/revisions"}],"wp:attachment":[{"href":"https:\/\/archives.rencontrestsiganes.org\/index.php\/wp-json\/wp\/v2\/media?parent=674"}],"wp:term":[{"taxonomy":"category","embeddable":true,"href":"https:\/\/archives.rencontrestsiganes.org\/index.php\/wp-json\/wp\/v2\/categories?post=674"},{"taxonomy":"post_tag","embeddable":true,"href":"https:\/\/archives.rencontrestsiganes.org\/index.php\/wp-json\/wp\/v2\/tags?post=674"}],"curies":[{"name":"wp","href":"https:\/\/api.w.org\/{rel}","templated":true}]}}