{"id":665,"date":"2009-06-13T16:48:55","date_gmt":"2009-06-13T15:48:55","guid":{"rendered":"http:\/\/rt.boullier.fr\/?p=665"},"modified":"2009-06-13T16:48:55","modified_gmt":"2009-06-13T15:48:55","slug":"art665","status":"publish","type":"post","link":"https:\/\/archives.rencontrestsiganes.org\/index.php\/2009\/06\/13\/art665\/","title":{"rendered":"Les familles roms du r\u00e9altor en sursis"},"content":{"rendered":"<p> Le 4 juin la Cours d&rsquo;Appel  \u00e0 la demande de la mairie d&rsquo;Aix-en-Provence \u00e0 ordonn\u00e9 l&rsquo;expulsion d&rsquo;une  famille sur la seule parcelle appartenant \u00e0 la commune Or cette famille est d\u00e9j\u00e0 partie depuis plusieurs mois . Pour les autres install\u00e9es sur un terrain voisin appartenant \u00e0 l&rsquo;Etat c&rsquo;est le stand-by  pour l&rsquo;instant. Aucune proc\u00e9dure ne semble engag\u00e9e  contre elles . <\/p>\n<p>Par contre,  depuis huit jours, les enfants ne sont plus pris en charge par le bus scolaire pour se rendre \u00e0 l&rsquo;\u00e9cole. La lettre ci dessous envoy\u00e9e \u00e0 l&rsquo;adjoint au maire risque de ne pas trouver de r\u00e9ponse en raison de l&rsquo;annulation des \u00e9lections . La nouvelle ( ou l&rsquo;ancienne) \u00e9quipe municipale qui devrait \u00eatre \u00e9lue le 19 juillet va nous entendre \u00e0 nouveau !!  <\/p>\n<p>Marseille le 9\/06\/2009<\/p>\n<p>Monsieur Jean CHORRO<br \/>\nVice pr\u00e9sident de la CPA  <\/p>\n<p>{{Objet : transport scolaire des enfants  Rroms du R\u00e9altor}} <\/p>\n<p>Monsieur le Pr\u00e9sident <\/p>\n<p>Le 7 novembre dernier, \u00e0 la demande du MRAP agissant au nom d&#8217;un collectif d&#8217;associations (1),  vous aviez bien voulu accepter que les enfants domicili\u00e9s sur le plateau de l&#8217;Arbois et inscrits \u00e0 l&#8217;\u00e9cole des Milles puissent b\u00e9n\u00e9ficier du service de transport scolaire  qui relie le plateau de l&#8217;Arbois aux \u00e9coles. A notre grande satisfaction, cette autorisation a permis \u00e0 ces enfants  d&#8217;\u00eatre  scolaris\u00e9s  malgr\u00e9 les conditions de vie qu&#8217;ils supportent. <\/p>\n<p>Nous apprenons que, depuis quelques jours, ce service a \u00e9t\u00e9 interrompu et que ces enfants ne peuvent donc plus \u00eatre scolaris\u00e9s  dans des conditions normales.  C&#8217;est pour nos associations et tous les b\u00e9n\u00e9voles  qui depuis plusieurs ann\u00e9es tentent de venir en aide \u00e0 ces familles un grave \u00e9chec comme vous le comprendrez. <\/p>\n<p>On nous pr\u00e9cise que cette interruption serait due \u00e0 l&#8217;absence des certains parents \u00e0 l&#8217;arriv\u00e9e du bus en soir\u00e9e. Sans contester certaines absences nous pensons  que cela ne saurait conduire \u00e0 mettre en \u00e9chec cette initiative de scolarisation pour nous prioritaire et obligatoire. Nous sommes pr\u00eats \u00e0 intervenir \u00e0 nouveau avec insistance aupr\u00e8s des adultes pr\u00e9sents sur le terrain afin qu&#8217;ils soient sur place \u00e0 l&#8217;arriv\u00e9e du bus.  Les associations qui avec le MRAP  interviennent aupr\u00e8s de ces familles  souhaitent vivement que ce service soit r\u00e9tabli dans l&#8217;int\u00e9r\u00eat de tous.  Nous nous engageons \u00e0 tout mettre en &#339;uvre pour les conditions d&#8217;accueil  des enfants soient respect\u00e9es.  <\/p>\n<p>Dans l&#8217;attente, je vous prie d&#8217;agr\u00e9er Monsieur l&#8217;expression de nos sentiments respectueux . <\/p>\n<p>Le pr\u00e9sident<br \/>\nAlain FOUREST  <\/p>\n<p>(1) Sous la coordination du Secours Catholique : M\u00e9decins du Monde , la Croix Rouge, Emma\u00fcs, la Ligue des droits de l&#8217;Homme, le Secours Populaire, le Conseil Dioc\u00e9sain, la Pastorale des migrants , l&#8217;ASTI,  l&#8217;association Partage et Travail , la PMI d&#8217;Aix .       <\/p>\n","protected":false},"excerpt":{"rendered":"<p>La Cour d&rsquo;appel d&rsquo;Aix-en-Provence  a rendu un jugement de Salomon<\/p>\n","protected":false},"author":1,"featured_media":0,"comment_status":"closed","ping_status":"closed","sticky":false,"template":"","format":"standard","meta":{"footnotes":""},"categories":[8],"tags":[],"class_list":["post-665","post","type-post","status-publish","format-standard","hentry","category-discriminations-racisme"],"_links":{"self":[{"href":"https:\/\/archives.rencontrestsiganes.org\/index.php\/wp-json\/wp\/v2\/posts\/665","targetHints":{"allow":["GET"]}}],"collection":[{"href":"https:\/\/archives.rencontrestsiganes.org\/index.php\/wp-json\/wp\/v2\/posts"}],"about":[{"href":"https:\/\/archives.rencontrestsiganes.org\/index.php\/wp-json\/wp\/v2\/types\/post"}],"author":[{"embeddable":true,"href":"https:\/\/archives.rencontrestsiganes.org\/index.php\/wp-json\/wp\/v2\/users\/1"}],"replies":[{"embeddable":true,"href":"https:\/\/archives.rencontrestsiganes.org\/index.php\/wp-json\/wp\/v2\/comments?post=665"}],"version-history":[{"count":0,"href":"https:\/\/archives.rencontrestsiganes.org\/index.php\/wp-json\/wp\/v2\/posts\/665\/revisions"}],"wp:attachment":[{"href":"https:\/\/archives.rencontrestsiganes.org\/index.php\/wp-json\/wp\/v2\/media?parent=665"}],"wp:term":[{"taxonomy":"category","embeddable":true,"href":"https:\/\/archives.rencontrestsiganes.org\/index.php\/wp-json\/wp\/v2\/categories?post=665"},{"taxonomy":"post_tag","embeddable":true,"href":"https:\/\/archives.rencontrestsiganes.org\/index.php\/wp-json\/wp\/v2\/tags?post=665"}],"curies":[{"name":"wp","href":"https:\/\/api.w.org\/{rel}","templated":true}]}}