{"id":655,"date":"2009-05-20T19:35:52","date_gmt":"2009-05-20T19:35:52","guid":{"rendered":"http:\/\/rt.boullier.fr\/?p=655"},"modified":"2009-05-20T19:35:52","modified_gmt":"2009-05-20T19:35:52","slug":"art655","status":"publish","type":"post","link":"https:\/\/archives.rencontrestsiganes.org\/index.php\/2009\/05\/20\/art655\/","title":{"rendered":"Les \u00e9lections europ\u00e9ennes et les Roms"},"content":{"rendered":"<p>{{ {{{Collectif national droits de l\u2019Homme Romeurope :}}} }}<\/p>\n<p>Le Secours catholique et la Fondation Abb\u00e9 Pierre s\u2019associent aux associations membres de Romeurope pour signer ce courrier.<\/p>\n<p>Paris, le 16 mars 2009<br \/>\nMadame, Monsieur,<\/p>\n<p>Depuis 2007, suite au dernier \u00e9largissement \u00e0 27 pays, les Roms sont devenus la premi\u00e8re minorit\u00e9 de l\u2019Union Europ\u00e9enne, soit 6 millions de citoyens de l\u2019Union, pr\u00e9sents dans la plupart des pays membres : leur situation int\u00e9resse, au premier chef, les \u00e9lecteurs europ\u00e9ens et donc les candidats aux \u00e9lections europ\u00e9ennes.<\/p>\n<p>L\u2019accumulation de rapports, recommandations et r\u00e9solutions officielles t\u00e9moignent de l\u2019inapplication \u00e0 leur endroit des textes europ\u00e9ens et internationaux qui fondent l\u2019\u00e9galit\u00e9 des droits entre les citoyens de l\u2019Union. Pour ne citer que les plus r\u00e9cents \u00e9manant des institutions europ\u00e9ennes : le Parlement vient a rappel\u00e9 dans ses r\u00e9solutions du 11 mars 2009 et du 14 janvier 2009, faisant suite \u00e0 celles du 31 janvier 2008 et du 28 avril 2005, la n\u00e9cessit\u00e9 d\u2019une protection sp\u00e9cifique et d\u2019une strat\u00e9gie globale et int\u00e9gr\u00e9e de l&rsquo;Union en faveur des Roms. Le Conseil europ\u00e9en a invit\u00e9 de son c\u00f4t\u00e9 en d\u00e9cembre dernier la Commission et les Etats membres \u00e0 tenir compte de la situation des Roms dans la conception et la mise en \u0153uvre des politiques et d\u2019identifier des actions concr\u00e8tes pour 2009 et 2010.<\/p>\n<p>La r\u00e9alit\u00e9 est cependant toujours celle des pr\u00e9jug\u00e9s et discriminations dans l\u2019acc\u00e8s aux droits : obstacles \u00e0 l\u2019acc\u00e8s aux soins et \u00e0 l\u2019assurance maladie, s\u00e9gr\u00e9gation scolaire et refus d\u2019inscriptions \u00e0 l\u2019\u00e9cole, discriminations \u00e0 l\u2019embauche et fermeture du march\u00e9 du travail dans le cadre des mesures transitoires impos\u00e9es aux ressortissants de la Roumanie et de la Bulgarie notamment en France, conditions de logement indigne, expulsions r\u00e9p\u00e9t\u00e9es ou ghetto\u00efsation, politiques d\u2019\u00e9loignement du territoire et de retour forc\u00e9s dans leur pays d\u2019origine des Roms migrants de la part de certains pays d\u2019Europe de l\u2019Ouest\u2026<\/p>\n<p>Le Collectif National Droits de l\u2019Homme Romeurope \u2013 auquel s\u2019associent pour l\u2019occasion le Secours catholique et la Fondation Abb\u00e9 Pierre \u2013 repr\u00e9sente un r\u00e9seau d\u2019associations nationales, locales et de comit\u00e9s de soutien qui interviennent sur le terrain pour le respect des droits fondamentaux des Roms d\u2019Europe de l\u2019Est pr\u00e9sents sur le territoire fran\u00e7ais.<\/p>\n<p>Nous vous interrogeons donc, dans la perspective de votre candidature au Parlement europ\u00e9en, sur les actions que vous envisagez d\u2019impulser :<\/p>\n<p>Quels dispositifs sp\u00e9cifiques entendez vous promouvoir pour permettre un contr\u00f4le de la mise en \u0153uvre dans les Etats membres des r\u00e9solutions et recommandations \u00e9manant des institutions europ\u00e9ennes, qui invitent toutes \u00e0 des actions concr\u00e8tes pour lutter contre les discriminations sp\u00e9cifiques dont sont victimes les Roms ?<\/p>\n<p>Quelles mesures souhaitez-vous proposer pour acc\u00e9l\u00e9rer la mise en conformit\u00e9 des r\u00e9glementations et l\u00e9gislations nationales avec le droit communautaire dans diff\u00e9rents domaines, notamment lorsqu\u2019il s\u2019agit de dispositions qui vont \u00e0 l\u2019encontre des principes fondateurs de l\u2019Union tels que l\u2019\u00e9galit\u00e9 de traitement entre citoyens de l\u2019Union europ\u00e9enne et la libert\u00e9 de circulation des personnes ?<\/p>\n<p>Dans l\u2019attente de votre r\u00e9ponse et de votre engagement, nous vous prions de recevoir, Madame, Monsieur, l\u2019assurance de notre consid\u00e9ration distingu\u00e9e.<\/p>\n<p>Pour le Collectif National Droits de l\u2019Homme Romeurope,<\/p>\n<p>Didier BOTTON (01-40-35-00-04)<\/p>\n<p>{{ {{{Elections europ\u00e9ennes}}} }}<\/p>\n<p>La d\u00e9l\u00e9gation socialiste fran\u00e7aise s&rsquo;est concert\u00e9e afin de r\u00e9pondre au mieux \u00e0 votre courrier. Au sein de notre d\u00e9l\u00e9gation, c&rsquo;est la d\u00e9put\u00e9e Catherine Boursier, membre de la Commission des Libert\u00e9s publiques, qui a de plus pr\u00e8s suivi les questions li\u00e9es \u00e0 la place des Roms en Europe. Elle a donc r\u00e9dig\u00e9 le courrier ci-joint, \u00e0 l&rsquo;adresse de Monsieur Botton.<\/p>\n<p>Je me permets de souligner que moi-m\u00eame et l&rsquo;ensemble de la d\u00e9l\u00e9gation socialiste fran\u00e7aise partageons enti\u00e8rement la position de notre coll\u00e8gue Catherine Boursier, et que nous d\u00e9fendrons cette ligne au cours de la prochaine l\u00e9gislature.<\/p>\n<p>Monsieur Didier BOTTON<br \/>\nCollectif national Droits de l&rsquo;Homme<br \/>\nRomeurope<br \/>\nc\/o FNASAT Gens du Voyage<br \/>\n59, rue de l&rsquo;Ourcq<br \/>\n75 19 Paris<br \/>\nFRANCE<\/p>\n<p>Monsieur,<\/p>\n<p>Au nom de mes colistiers, je tiens \u00e0 vous remercier pour votre courrier du 16 mars denier concernant l&rsquo;action men\u00e9e au niveau europ\u00e9enne dans la d\u00e9fense des Roms. Sachez qu\u2019il a retenu toute notre attention, c&rsquo;est pourquoi je tiens \u00e0 vous informer des \u00e9l\u00e9ments suivants.<br \/>\nDerri\u00e8re la longue liste de bonnes intentions fr\u00e9quemment \u00e9nonc\u00e9e par les responsables tant europ\u00e9ens que nationaux, il existe une r\u00e9alit\u00e9 particuli\u00e8rement dramatique \u00e0 laquelle sont quotidiennement confront\u00e9s les Roms, et que vous soulignez \u00e0 juste titre. L&rsquo;Agence des droits fondamentaux de l&rsquo;UE, ainsi que le Conseil de l&rsquo;Europe (ECRI) et l&rsquo;Organisation pour la s\u00e9curit\u00e9 et la coop\u00e9ration en Europe (BIDDH) ont d&rsquo;ailleurs d\u00e9plor\u00e9 le 20 mars dernier une recrudescence des actes violents en direction de minorit\u00e9s telles que les Rom, du fait de la crise \u00e9conomique. Cette situation ne nous para\u00eet pas acceptable et m\u00e9rite que l&rsquo;on y r\u00e9ponde par des propositions ambitieuses mais r\u00e9alistes.<\/p>\n<p>Au cours de la pr\u00e9c\u00e9dente mandature, les Socialistes europ\u00e9ens se sont \u00e0 plusieurs reprises \u00e9mus des discriminations r\u00e9currentes dont sont victimes les Roms, notamment par l&rsquo;adoption d&rsquo;un rapport critique sur les mesures s\u00e9curitaires prises en Italie \u00e0 l&rsquo;encontre des Roms en 2008, en particulier des mineurs, ou par l&rsquo;adoption de r\u00e9solutions appelant les gouvernements \u00e0 adopter des mesures mettant fin aux discriminations constat\u00e9es dans certains pays europ\u00e9ens, ou encore r\u00e9cemment par l&rsquo;adoption du rapport de notre coll\u00e8gue socialiste hongroise Magda Kosane Kovacs sur la situation sociale des Roms et l&rsquo;am\u00e9lioration de leur acc\u00e8s au march\u00e9 du travail dans l&rsquo;UE, en f\u00e9vrier 2009, qui formule des propositions propices \u00e0 de r\u00e9elles avanc\u00e9es.<\/p>\n<p>Certes, des propositions existent, et la Commission europ\u00e9enne vient tout juste d&rsquo;en ajouter une suppl\u00e9mentaire, le 20 avril dernier, en proposant la cr\u00e9ation d&rsquo;un forum europ\u00e9en sur l&rsquo;int\u00e9gration, dans lequel la question des Roms est consid\u00e9r\u00e9 comme un imp\u00e9ratif majeur. Nous devrons nous montrer vigilants afin que ce \u00e9ni\u00e8me instrument ne serve que d&rsquo;alibi \u00e0 un succ\u00e9dan\u00e9 patent d&rsquo;actions.<\/p>\n<p>Nous refusons que les Roms deviennent les boucs \u00e9missaires de discours populistes. Aussi souhaitons-nous \u0153uvrer pour le d\u00e9veloppement de mesures concr\u00e8tes permettant de passer des paroles aux actes, en mati\u00e8re d&rsquo;acc\u00e8s des Roms \u00e0 l&rsquo;\u00e9ducation, \u00e0 l&#8217;emploi et \u00e0 la formation, au logement ou encore aux soins de sant\u00e9. Nous demanderons \u00e0 ce que la Commission europ\u00e9enne, gardienne des trait\u00e9s, s&rsquo;engage \u00e0 faire respecter les l\u00e9gislations europ\u00e9ennes visant \u00e0 lutter contre la x\u00e9nophobie et surtout nous r\u00e9clamerons des proc\u00e9dures de carence \u00e0 l&rsquo;encontre des Etats membres qui n&rsquo;appliquent pas la l\u00e9gislation europ\u00e9enne en mati\u00e8re de discrimination, notamment dans les cas de discriminations dont sont victimes les Roms. Nous voulons \u00e9galement promouvoir des l\u00e9gislations plus fortes qui permettront aux collectivit\u00e9s locales de mieux respecter le droit international en mati\u00e8re de droit au logement, ce qui permettra d&rsquo;am\u00e9liorer sensiblement le quotidien de tous.<\/p>\n<p>Restant \u00e0 votre disposition pour toutes les suggestions que vous souhaiteriez me transmettre afin de pr\u00e9ciser le projet que nous souhaitons d\u00e9velopper sur cette question essentielle, je vous prie de croire, Monsieur, en l\u2019expression de ma consid\u00e9ration distingu\u00e9e.<\/p>\n<p>Cordialement,<\/p>\n<p>Kader ARIF<br \/>\nD\u00e9put\u00e9 europ\u00e9en<\/p>\n","protected":false},"excerpt":{"rendered":"<p>Le collectif Romeurope interpelle les candidats  sur les positions  et leurs projets concernant les rroms. Deux premi\u00e8res r\u00e9ponses : le PS et le MODEM  <\/p>\n","protected":false},"author":1,"featured_media":0,"comment_status":"closed","ping_status":"closed","sticky":false,"template":"","format":"standard","meta":{"footnotes":""},"categories":[7],"tags":[58,93],"class_list":["post-655","post","type-post","status-publish","format-standard","hentry","category-diaspora","tag-europe","tag-romeurope"],"_links":{"self":[{"href":"https:\/\/archives.rencontrestsiganes.org\/index.php\/wp-json\/wp\/v2\/posts\/655","targetHints":{"allow":["GET"]}}],"collection":[{"href":"https:\/\/archives.rencontrestsiganes.org\/index.php\/wp-json\/wp\/v2\/posts"}],"about":[{"href":"https:\/\/archives.rencontrestsiganes.org\/index.php\/wp-json\/wp\/v2\/types\/post"}],"author":[{"embeddable":true,"href":"https:\/\/archives.rencontrestsiganes.org\/index.php\/wp-json\/wp\/v2\/users\/1"}],"replies":[{"embeddable":true,"href":"https:\/\/archives.rencontrestsiganes.org\/index.php\/wp-json\/wp\/v2\/comments?post=655"}],"version-history":[{"count":0,"href":"https:\/\/archives.rencontrestsiganes.org\/index.php\/wp-json\/wp\/v2\/posts\/655\/revisions"}],"wp:attachment":[{"href":"https:\/\/archives.rencontrestsiganes.org\/index.php\/wp-json\/wp\/v2\/media?parent=655"}],"wp:term":[{"taxonomy":"category","embeddable":true,"href":"https:\/\/archives.rencontrestsiganes.org\/index.php\/wp-json\/wp\/v2\/categories?post=655"},{"taxonomy":"post_tag","embeddable":true,"href":"https:\/\/archives.rencontrestsiganes.org\/index.php\/wp-json\/wp\/v2\/tags?post=655"}],"curies":[{"name":"wp","href":"https:\/\/api.w.org\/{rel}","templated":true}]}}