{"id":650,"date":"2009-04-18T15:59:37","date_gmt":"2009-04-18T15:59:37","guid":{"rendered":"http:\/\/rt.boullier.fr\/?p=650"},"modified":"2009-04-18T15:59:37","modified_gmt":"2009-04-18T15:59:37","slug":"art650","status":"publish","type":"post","link":"https:\/\/archives.rencontrestsiganes.org\/index.php\/2009\/04\/18\/art650\/","title":{"rendered":"Les Roms et les \u00e9lections europ\u00e9ennes"},"content":{"rendered":"<p>{{ {{{ {{{Collectif national droits de l\u2019Homme Romeurope :}}} }}} }}<\/p>\n<p>Le Secours catholique et la Fondation Abb\u00e9 Pierre s\u2019associent aux associations membres de Romeurope pour signer ce courrier.<\/p>\n<p>Paris, le 16 mars 2009<br \/>\nMadame, Monsieur,<\/p>\n<p>Depuis 2007, suite au dernier \u00e9largissement \u00e0 27 pays, les Roms sont devenus la premi\u00e8re minorit\u00e9 de l\u2019Union Europ\u00e9enne, soit 6 millions de citoyens de l\u2019Union, pr\u00e9sents dans la plupart des pays membres : leur situation int\u00e9resse, au premier chef, les \u00e9lecteurs europ\u00e9ens et donc les candidats aux \u00e9lections europ\u00e9ennes.<\/p>\n<p>L\u2019accumulation de rapports, recommandations et r\u00e9solutions officielles t\u00e9moignent de l\u2019inapplication \u00e0 leur endroit des textes europ\u00e9ens et internationaux qui fondent l\u2019\u00e9galit\u00e9 des droits entre les citoyens de l\u2019Union. Pour ne citer que les plus r\u00e9cents \u00e9manant des institutions europ\u00e9ennes : le Parlement vient a rappel\u00e9 dans ses r\u00e9solutions du 11 mars 2009 et du 14 janvier 2009, faisant suite \u00e0 celles du 31 janvier 2008 et du 28 avril 2005, la n\u00e9cessit\u00e9 d\u2019une protection sp\u00e9cifique et d\u2019une strat\u00e9gie globale et int\u00e9gr\u00e9e de l&rsquo;Union en faveur des Roms. Le Conseil europ\u00e9en a invit\u00e9 de son c\u00f4t\u00e9 en d\u00e9cembre dernier la Commission et les Etats membres \u00e0 tenir compte de la situation des Roms dans la conception et la mise en \u0153uvre des politiques et d\u2019identifier des actions concr\u00e8tes pour 2009 et 2010.<\/p>\n<p>La r\u00e9alit\u00e9 est cependant toujours celle des pr\u00e9jug\u00e9s et discriminations dans l\u2019acc\u00e8s aux droits : obstacles \u00e0 l\u2019acc\u00e8s aux soins et \u00e0 l\u2019assurance maladie, s\u00e9gr\u00e9gation scolaire et refus d\u2019inscriptions \u00e0 l\u2019\u00e9cole, discriminations \u00e0 l\u2019embauche et fermeture du march\u00e9 du travail dans le cadre des mesures transitoires impos\u00e9es aux ressortissants de la Roumanie et de la Bulgarie notamment en France, conditions de logement indigne, expulsions r\u00e9p\u00e9t\u00e9es ou ghetto\u00efsation, politiques d\u2019\u00e9loignement du territoire et de retour forc\u00e9s dans leur pays d\u2019origine des Roms migrants de la part de certains pays d\u2019Europe de l\u2019Ouest\u2026<\/p>\n<p>Le Collectif National Droits de l\u2019Homme Romeurope \u2013 auquel s\u2019associent pour l\u2019occasion le Secours catholique et la Fondation Abb\u00e9 Pierre \u2013 repr\u00e9sente un r\u00e9seau d\u2019associations nationales, locales et de comit\u00e9s de soutien qui interviennent sur le terrain pour le respect des droits fondamentaux des Roms d\u2019Europe de l\u2019Est pr\u00e9sents sur le territoire fran\u00e7ais.<\/p>\n<p>Nous vous interrogeons donc, dans la perspective de votre candidature au Parlement europ\u00e9en, sur les actions que vous envisagez d\u2019impulser :<\/p>\n<p>Quels dispositifs sp\u00e9cifiques entendez vous promouvoir pour permettre un contr\u00f4le de la mise en \u0153uvre dans les Etats membres des r\u00e9solutions et recommandations \u00e9manant des institutions europ\u00e9ennes, qui invitent toutes \u00e0 des actions concr\u00e8tes pour lutter contre les discriminations sp\u00e9cifiques dont sont victimes les Roms ?<\/p>\n<p>Quelles mesures souhaitez-vous proposer pour acc\u00e9l\u00e9rer la mise en conformit\u00e9 des r\u00e9glementations et l\u00e9gislations nationales avec le droit communautaire dans diff\u00e9rents domaines, notamment lorsqu\u2019il s\u2019agit de dispositions qui vont \u00e0 l\u2019encontre des principes fondateurs de l\u2019Union tels que l\u2019\u00e9galit\u00e9 de traitement entre citoyens de l\u2019Union europ\u00e9enne et la libert\u00e9 de circulation des personnes ?<\/p>\n<p>Dans l\u2019attente de votre r\u00e9ponse et de votre engagement, nous vous prions de recevoir, Madame, Monsieur, l\u2019assurance de notre consid\u00e9ration distingu\u00e9e.<\/p>\n<p>Pour le Collectif National Droits de l\u2019Homme Romeurope,<\/p>\n<p>Didier BOTTON (01-40-35-00-04)<\/p>\n","protected":false},"excerpt":{"rendered":"<p>Le collecif Romeurope interpelle les candidats aux \u00e9lections europ\u00e9ennes <\/p>\n","protected":false},"author":1,"featured_media":0,"comment_status":"closed","ping_status":"closed","sticky":false,"template":"","format":"standard","meta":{"footnotes":""},"categories":[7,8],"tags":[58],"class_list":["post-650","post","type-post","status-publish","format-standard","hentry","category-diaspora","category-discriminations-racisme","tag-europe"],"_links":{"self":[{"href":"https:\/\/archives.rencontrestsiganes.org\/index.php\/wp-json\/wp\/v2\/posts\/650","targetHints":{"allow":["GET"]}}],"collection":[{"href":"https:\/\/archives.rencontrestsiganes.org\/index.php\/wp-json\/wp\/v2\/posts"}],"about":[{"href":"https:\/\/archives.rencontrestsiganes.org\/index.php\/wp-json\/wp\/v2\/types\/post"}],"author":[{"embeddable":true,"href":"https:\/\/archives.rencontrestsiganes.org\/index.php\/wp-json\/wp\/v2\/users\/1"}],"replies":[{"embeddable":true,"href":"https:\/\/archives.rencontrestsiganes.org\/index.php\/wp-json\/wp\/v2\/comments?post=650"}],"version-history":[{"count":0,"href":"https:\/\/archives.rencontrestsiganes.org\/index.php\/wp-json\/wp\/v2\/posts\/650\/revisions"}],"wp:attachment":[{"href":"https:\/\/archives.rencontrestsiganes.org\/index.php\/wp-json\/wp\/v2\/media?parent=650"}],"wp:term":[{"taxonomy":"category","embeddable":true,"href":"https:\/\/archives.rencontrestsiganes.org\/index.php\/wp-json\/wp\/v2\/categories?post=650"},{"taxonomy":"post_tag","embeddable":true,"href":"https:\/\/archives.rencontrestsiganes.org\/index.php\/wp-json\/wp\/v2\/tags?post=650"}],"curies":[{"name":"wp","href":"https:\/\/api.w.org\/{rel}","templated":true}]}}