{"id":642,"date":"2009-03-25T18:40:43","date_gmt":"2009-03-25T18:40:43","guid":{"rendered":"http:\/\/rt.boullier.fr\/?p=642"},"modified":"2009-03-25T18:40:43","modified_gmt":"2009-03-25T18:40:43","slug":"art642","status":"publish","type":"post","link":"https:\/\/archives.rencontrestsiganes.org\/index.php\/2009\/03\/25\/art642\/","title":{"rendered":"A Aix-en-Provence, Madame le Maire est toujours intraitable"},"content":{"rendered":"<p>{{ {{{Les familles Rroms sur le plateau du R\u00e9altor \u00e0 Aix-en-provence :}}} }}<\/p>\n<p>{{{ {{Bilan et perspectives}} }}}<\/p>\n<p>Depuis 2004, plusieurs groupes de r\u00e9fugi\u00e9s Rroms originaires de l\u2019exYougolsavie (Serbie, ou Mont\u00e9n\u00e9gro) occupent un terrain vague \u00e0 proximit\u00e9 de la gare TGV d\u2019Aix-en-Provence, \u00e0 plus de 15 Km du centre de la ville, dans une zone \u00e9loign\u00e9e de toute habitation. Log\u00e9s dans de vielles caravanes ou des cabanons, ils ont d\u00e9j\u00e0 \u00e9t\u00e9 chass\u00e9s \u00e0 deux reprises par la police. Au printemps 2008, la mairie d\u2019Aix-en-Provence a engag\u00e9 une proc\u00e9dure d\u2019expulsion de ces familles. Dans une d\u00e9cision du 16 septembre 2008, le tribunal a d\u00e9bout\u00e9 la Mairie qui a engag\u00e9 un pourvoi en appel qui devrait aboutir dans les prochaines semaines.<\/p>\n<p>Depuis plus de quatre ans, les militants de l\u2019association Rencontres Tsiganes, avec l\u2018appui sur place de nombreux b\u00e9n\u00e9voles (MRAP, LDH, la Pastorale des migrants etc..) sont intervenus aupr\u00e8s de ces familles dans trois directions essentielles :<\/p>\n<p>1\u00b0 Soutenir mat\u00e9riellement ces familles afin de leur permettre de survivre : v\u00eatements, nourriture, soins d\u2019hygi\u00e8ne, pr\u00eats d\u2019une caravane, d\u00e9marches administratives, moyens de transport etc .. La priorit\u00e9 a \u00e9t\u00e9 donn\u00e9e \u00e0 la prise en charge des enfants mineurs et \u00e0 leur scolarisation.<br \/>\n2\u00b0 Mobiliser les structures associatives locales afin d\u2019\u00e9largir la solidarit\u00e9 et d\u2019assurer \u00e0 ces familles des conditions de vie moins mis\u00e9rables. A ce jour, se sont associ\u00e9s a cette d\u00e9marche : le Secours catholique, M\u00e9decins du Monde, l\u2019ADAP 13, les services de la PMI, des personnels de l\u2019\u00e9ducation nationale, et du Conseil G\u00e9n\u00e9ral. Une aide financi\u00e8re publique de 10 000\u20ac est g\u00e9r\u00e9e par le Secours Catholique. Chacun s\u2019est efforc\u00e9 de r\u00e9pondre aux besoins les plus urgents en fonction de ses comp\u00e9tences.<br \/>\n3\u00b0 Interpeller les pouvoirs publics afin de les informer de la situation et les contraindre \u00e0 prendre en compte la situation de ces familles vivant dans des conditions indignes d\u2019une soci\u00e9t\u00e9 d\u00e9velopp\u00e9e. Les services de l\u2019Etat nous ont fait savoir que, pour la plupart, ces familles ne sont ni expulsables ni r\u00e9gularisables et qu\u2019ainsi, elles ne peuvent pr\u00e9tendre \u00e0 aucun statut ni aucune aide publique.<\/p>\n<p>Les perspectives<\/p>\n<p>Devant une telle attitude et en raison de l\u2019absence de toute perspective s\u00e9rieuse d\u2019am\u00e9lioration de la situation de ces familles \u00e0 court ou moyen terme, L\u2019association Rencontres Tsiganes consid\u00e8re qu\u2019elle ne peut plus assumer la responsabilit\u00e9 de cette impasse collective.<\/p>\n<p>En effet, quel que soit l\u2019exceptionnel d\u00e9vouement des nombreux militants qui se sont mobilis\u00e9s depuis quatre ans, il convient d\u2019en mesurer les limites \u00e0 la fois mat\u00e9rielles et humaines. La relation de d\u00e9pendance qui s\u2019est parfois cr\u00e9\u00e9e avec certaines familles ne peut conduire qu\u2019\u00e0 de graves malentendus. La scolarisation des enfants demeure tr\u00e8s al\u00e9atoire compromettant ainsi leur \u00e9ventuelle insertion dans la soci\u00e9t\u00e9, L\u2019impossibilit\u00e9 pour ces familles d\u2019acc\u00e9der, d\u2019apr\u00e8s leur statut, \u00e0 des ressources stables les conduit \u00e0 la marginalit\u00e9 sinon la d\u00e9linquance.<br \/>\nNous consid\u00e9rons donc que le r\u00f4le des acteurs de la soci\u00e9t\u00e9 civile trouve l\u00e0 ses limites et que nous ne saurions, par nos interventions, justifier le silence et l\u2019inaction des pouvoirs publics. A l\u2019\u00e9vidence, les militants associatifs locaux demeureront attentifs aux attentes quotidiennes de ces familles, mais elles ne pourront poursuivre utilement leur fonction sans une coordination renforc\u00e9e autour d\u2019un projet pour l\u2019avenir de ces familles pris en compte par les autorit\u00e9s dont c\u2019est la responsabilit\u00e9.<\/p>\n<p>L\u2019association Rencontres Tsiganes poursuivra quant \u00e0 elle son action d\u2019information et de sensibilisation et d\u2019alerte pour que, \u00e0 Aix-en-Provence comme \u00e0 Marseille et dans la r\u00e9gion, les responsables gouvernementaux se d\u00e9cident enfin \u00e0 prendre s\u00e9rieusement en compte les directives europ\u00e9ennes concernant les conditions d\u2019accueil des Rroms dans le respect des diverses conventions relatives aux droits de l\u2019homme et aux droits de l\u2019enfant.<\/p>\n<p>Marseille le 13\/02\/2008<\/p>\n","protected":false},"excerpt":{"rendered":"<p>Le collectif d&rsquo;association qui soutient les familles rroms sur le terrain du R\u00e9altor dresse le bilan d&rsquo;une situation de plus en plus critique. <\/p>\n","protected":false},"author":1,"featured_media":0,"comment_status":"closed","ping_status":"closed","sticky":false,"template":"","format":"standard","meta":{"footnotes":""},"categories":[14,18,25],"tags":[37],"class_list":["post-642","post","type-post","status-publish","format-standard","hentry","category-habitat-subi","category-migrants-roms","category-sur-le-terrain","tag-aix"],"_links":{"self":[{"href":"https:\/\/archives.rencontrestsiganes.org\/index.php\/wp-json\/wp\/v2\/posts\/642","targetHints":{"allow":["GET"]}}],"collection":[{"href":"https:\/\/archives.rencontrestsiganes.org\/index.php\/wp-json\/wp\/v2\/posts"}],"about":[{"href":"https:\/\/archives.rencontrestsiganes.org\/index.php\/wp-json\/wp\/v2\/types\/post"}],"author":[{"embeddable":true,"href":"https:\/\/archives.rencontrestsiganes.org\/index.php\/wp-json\/wp\/v2\/users\/1"}],"replies":[{"embeddable":true,"href":"https:\/\/archives.rencontrestsiganes.org\/index.php\/wp-json\/wp\/v2\/comments?post=642"}],"version-history":[{"count":0,"href":"https:\/\/archives.rencontrestsiganes.org\/index.php\/wp-json\/wp\/v2\/posts\/642\/revisions"}],"wp:attachment":[{"href":"https:\/\/archives.rencontrestsiganes.org\/index.php\/wp-json\/wp\/v2\/media?parent=642"}],"wp:term":[{"taxonomy":"category","embeddable":true,"href":"https:\/\/archives.rencontrestsiganes.org\/index.php\/wp-json\/wp\/v2\/categories?post=642"},{"taxonomy":"post_tag","embeddable":true,"href":"https:\/\/archives.rencontrestsiganes.org\/index.php\/wp-json\/wp\/v2\/tags?post=642"}],"curies":[{"name":"wp","href":"https:\/\/api.w.org\/{rel}","templated":true}]}}