{"id":639,"date":"2009-03-25T14:49:29","date_gmt":"2009-03-25T13:49:29","guid":{"rendered":"http:\/\/rt.boullier.fr\/?p=639"},"modified":"2009-03-25T14:49:29","modified_gmt":"2009-03-25T13:49:29","slug":"art639","status":"publish","type":"post","link":"https:\/\/archives.rencontrestsiganes.org\/index.php\/2009\/03\/25\/art639\/","title":{"rendered":"IDENTITE,  DISCRIMINATION  etc&#8230;"},"content":{"rendered":"<p>{{{ {{Identit\u00e9, discrimination, diversit\u00e9 : suite}} }}}<\/p>\n<p>A plusieurs reprises, nous avons signal\u00e9,  combien le d\u00e9bat en France autour de la discrimination \u00e9tait  contestable et hypocrite. Ce d\u00e9bat est \u00e0 nouveau ouvert aujourd&#8217;hui \u00e0 l&#8217;initiative du Pr\u00e9sident de la R\u00e9publique qui, dans plusieurs discours, a condamn\u00e9 les discriminations dont font l&#8217;objet diverses cat\u00e9gories de  citoyens. Un  commissaire \u00e0 la diversit\u00e9 a \u00e9t\u00e9 nomm\u00e9. Monsieur Yazid SABEG a remis tout r\u00e9cemment son rapport au Pr\u00e9sident et intervient dans les m\u00e9dias pour proposer de nouvelles mesures de lutte contre les discriminations et, afin d&#8217;en permettre la mesure, d&#8217;autoriser le recueil de statistiques ethniques. Ces divers discours et propositions pleines de bonnes intentions viennent se rajouter \u00e0 d&#8217;autres qui depuis quelques ann\u00e9es d\u00e9j\u00e0 poursuivent le m\u00eame objectif. La cr\u00e9ation de la HALDE il y a 5 ans n&#8217;a manifestement pas suffi \u00e0 r\u00e9soudre le probl\u00e8me .  On peut donc s&#8217;interroger sur l&#8217;opportunit\u00e9 d&#8217;engager \u00e0 nouveau un tel d\u00e9bat aujourd&#8217;hui qui pourrait d\u00e9tourner l&#8217;attention des citoyens face \u00e0 l&#8217;incapacit\u00e9 du gouvernement \u00e0 apporter des r\u00e9ponses \u00e0 la crise \u00e9conomique, sociale et politique  que nous traversons.<\/p>\n<p>La diversit\u00e9 : nouvel opium du peuple ?  c&#8217;est le titre d&#8217;un r\u00e9cent \u00e9ditorial de Philippe Bernard dans le Monde. \u00ab La &#8216;diversit\u00e9&#8217; n&#8217;est pas un moyen d&#8217;instaurer l&#8217;\u00e9galit\u00e9, mais une m\u00e9thode de gestion de l&#8217;in\u00e9galit\u00e9 \u00bb   c&#8217;est ce qu&#8217;\u00e9crit Walter Benn Michaels dans un r\u00e9cent ouvrage intitul\u00e9 : \u00ab la diversit\u00e9 contre l&#8217;\u00e9galit\u00e9 \u00bb  Bref, le d\u00e9bat fait rage entre les partisans du mod\u00e8le fran\u00e7ais r\u00e9publicain \u00e9galitaire qui refuse toute distinction d&#8217;origine ou de religion entre les citoyens et ceux pour qui ce dogme ne fait que camoufler des discriminations bien r\u00e9elles et qui renforcent les in\u00e9galit\u00e9s de fait sinon de droit. <\/p>\n<p>Nous mesurons quotidiennement cette in\u00e9galit\u00e9 en  constatant les multiples obstacles qu&#8217;\u00e9prouvent  les \u00ab gens du voyage \u00bb pour faire valoir leurs droits de citoyen. Remarquons que cette d\u00e9nomination, consacr\u00e9e par la r\u00e9glementation et l&#8217;usage, est d\u00e9j\u00e0 une premi\u00e8re forme de discrimination. De qui parle-t-on  alors que nombre d&#8217;entre eux ne voyage plus ou n&#8217;ont m\u00eame jamais voyag\u00e9 ?  Hypocrisie encore lorsque, sous couvert de leur accorder des droits nouveaux, on les contraint \u00e0 remettre en cause leur mode de vie en les confinant dans des zones d&#8217;accueil qui leur sont exclusivement r\u00e9serv\u00e9es.   La communaut\u00e9 des gens du voyage qu&#8217;il faut oser appeler par leurs nom &#8216;Rroms-Tsiganes&#8217; caract\u00e9risant leurs origines et leur culture repr\u00e9sente  \u00e0 n&#8217;en pas douter le premier groupe de citoyens fran\u00e7ais qui cumulent toutes les formes de discrimination. Curieusement, dans les discours r\u00e9cents, aucun responsable ne semble avoir pris conscience de cette \u00e9vidence. Mieux encore, nos derni\u00e8res interventions aupr\u00e8s de la HALDE pour d\u00e9noncer les comportements odieux de certains responsables relay\u00e9s par les m\u00e9dias, sont sans r\u00e9sultats. On nous explique  que ces propos ou ces comportements ne peuvent \u00eatre consid\u00e9r\u00e9 comme une discrimination au sens de l&#8217;article 22-1 du code p\u00e9nal qui se d\u00e9finit comme une in\u00e9galit\u00e9 de traitement fond\u00e9 sur un crit\u00e8re prohib\u00e9 par la loi  comme l&#8217;origine, le sexe  le handicap etc&#8230;   Bravo !! on peut y aller \u00ab les gitans sont des d\u00e9linquants et des voleurs &#8230;&#8230; \u00bb<\/p>\n<p>D\u00e9bats hypocrites et  programmes d&#8217;action poudre-aux-yeux ne permettent pas de r\u00e9pondre \u00e0 la question primordiale que l&#8217;on r\u00e9sumera ainsi : Dans notre soci\u00e9t\u00e9 fond\u00e9e sur le respect de l&#8217;autre et l&#8217;\u00e9galit\u00e9 des droits, sommes nous pr\u00eats \u00e0 accepter la diversit\u00e9 c&#8217;est-\u00e0-dire la pr\u00e9sence d&#8217;hommes et des femmes, vivant \u00e0 nos c\u00f4t\u00e9s et pratiquant un mode de vie, une culture et des valeurs  qui ne sont pas exactement conformes aux n\u00f4tres ?<\/p>\n<p>Faisant \u00e9cho aux mouvements populaires survenus ces derni\u00e8res semaines aux Antilles, Patrick Chamoiseau,  \u00e9crivain et po\u00e8te antillais dit ceci : \u00ab  &#8216;La R\u00e9publique une et indivisible&#8217; est une obsolescence. &#8216;La R\u00e9publique unie&#8217; accueillant des peuples divers dans une dynamique de valeurs attractives est l&#8217;avenir . <\/p>\n<p>Souhaitons que cette pr\u00e9diction s&#8217;accomplisse et qu&#8217;elle parvienne aux oreilles de  chacun et en particulier de ceux qui nous gouvernent. <\/p>\n<p>A FOUREST   Marseille le 25\/03\/2009<\/p>\n","protected":false},"excerpt":{"rendered":"<p>{{{ {{Identit\u00e9, discrimination, diversit\u00e9 : suite}} }}} A plusieurs reprises, nous avons signal\u00e9, combien le d\u00e9bat en France autour de la discrimination \u00e9tait contestable et hypocrite. Ce d\u00e9bat est \u00e0 nouveau ouvert aujourd&#8217;hui \u00e0 l&#8217;initiative du Pr\u00e9sident de la R\u00e9publique qui, dans plusieurs discours, a condamn\u00e9 les discriminations dont font l&#8217;objet diverses cat\u00e9gories de citoyens. [&hellip;]<\/p>\n","protected":false},"author":1,"featured_media":0,"comment_status":"closed","ping_status":"closed","sticky":false,"template":"","format":"standard","meta":{"footnotes":""},"categories":[9,16],"tags":[],"class_list":["post-639","post","type-post","status-publish","format-standard","hentry","category-editos","category-rub82"],"_links":{"self":[{"href":"https:\/\/archives.rencontrestsiganes.org\/index.php\/wp-json\/wp\/v2\/posts\/639","targetHints":{"allow":["GET"]}}],"collection":[{"href":"https:\/\/archives.rencontrestsiganes.org\/index.php\/wp-json\/wp\/v2\/posts"}],"about":[{"href":"https:\/\/archives.rencontrestsiganes.org\/index.php\/wp-json\/wp\/v2\/types\/post"}],"author":[{"embeddable":true,"href":"https:\/\/archives.rencontrestsiganes.org\/index.php\/wp-json\/wp\/v2\/users\/1"}],"replies":[{"embeddable":true,"href":"https:\/\/archives.rencontrestsiganes.org\/index.php\/wp-json\/wp\/v2\/comments?post=639"}],"version-history":[{"count":0,"href":"https:\/\/archives.rencontrestsiganes.org\/index.php\/wp-json\/wp\/v2\/posts\/639\/revisions"}],"wp:attachment":[{"href":"https:\/\/archives.rencontrestsiganes.org\/index.php\/wp-json\/wp\/v2\/media?parent=639"}],"wp:term":[{"taxonomy":"category","embeddable":true,"href":"https:\/\/archives.rencontrestsiganes.org\/index.php\/wp-json\/wp\/v2\/categories?post=639"},{"taxonomy":"post_tag","embeddable":true,"href":"https:\/\/archives.rencontrestsiganes.org\/index.php\/wp-json\/wp\/v2\/tags?post=639"}],"curies":[{"name":"wp","href":"https:\/\/api.w.org\/{rel}","templated":true}]}}