{"id":638,"date":"2009-03-25T18:41:05","date_gmt":"2009-03-25T17:41:05","guid":{"rendered":"http:\/\/rt.boullier.fr\/?p=638"},"modified":"2009-03-25T18:41:05","modified_gmt":"2009-03-25T17:41:05","slug":"art638","status":"publish","type":"post","link":"https:\/\/archives.rencontrestsiganes.org\/index.php\/2009\/03\/25\/art638\/","title":{"rendered":"Du 1er au 11 avril un festival de qualit\u00e9"},"content":{"rendered":"<p>  Ce programme  conjugue en effet avec bonheur la diversit\u00e9 des productions artistiques des Rroms Tsiganes  d&rsquo;ici et d&rsquo;ailleurs avec des t\u00e9moignages et d\u00e9bats sur les conditions faites aujourd\u00a0\u00bbhui \u00e0 ce peuple europ\u00e9en trop m\u00e9connu et  trop souvent rejet\u00e9.<\/p>\n<p>On retiendra en particulier les dates et les moments suivants: <\/p>\n<p>{{le 1er avril \u00e0 l&rsquo;alcazar,  \u00e0 9 h30}}   la pr\u00e9sentation de la situation des rroms migrants \u00e0 marseille et aix-en-provence et l&rsquo;apr\u00e8s midi la conf\u00e9rence de Patrick William.<\/p>\n<p>{{Les 2,3 et 4 avril sous  chapiteau au J4,}} le  spectacle musical  {{K\u00e9saj Tchav\u00e9}}  une merveilleuse  troupe de jeunes artistes  venue des bidonvilles de Kermarch.<\/p>\n<p>{{Le 8 avril, \u00e0 l&rsquo;occasion de la journ\u00e9e internationale des Rroms}}   <\/p>\n<p>A Saint Menet sur le terrain d&rsquo;accueil des gens du voyage  de 10h \u00e0 16h  journ\u00e9e festive :  on est tous invit\u00e9 \u00e0 faire la connaissance de ces famlles et faire la f\u00eate avec les enfants et les familles. <\/p>\n<p>A 17h 30 au cabaret al\u00e9atoire \u00e0 la Belle de Mai : Rencontres d\u00e9bat: les femmes tsiganes avec claire Auzias  qui pr\u00e9sentera son livre  Cho&#339;ur de femmes tsiganes.      <\/p>\n<p>Pour plus d&rsquo;information et r\u00e9servation voir  : latcho-divano.com<\/p>\n","protected":false},"excerpt":{"rendered":"<p>Pour la deuxi\u00e8me ann\u00e9e, Laurence JANNER et son \u00e9quipe nous propose, \u00e0 Marseille un programme s\u00e9duisant et complet \u00e0 ne pas manquer&#8230;  <\/p>\n","protected":false},"author":1,"featured_media":0,"comment_status":"closed","ping_status":"closed","sticky":false,"template":"","format":"standard","meta":{"footnotes":""},"categories":[10],"tags":[77],"class_list":["post-638","post","type-post","status-publish","format-standard","hentry","category-festivals-et-manifestations","tag-latcho-divano"],"_links":{"self":[{"href":"https:\/\/archives.rencontrestsiganes.org\/index.php\/wp-json\/wp\/v2\/posts\/638","targetHints":{"allow":["GET"]}}],"collection":[{"href":"https:\/\/archives.rencontrestsiganes.org\/index.php\/wp-json\/wp\/v2\/posts"}],"about":[{"href":"https:\/\/archives.rencontrestsiganes.org\/index.php\/wp-json\/wp\/v2\/types\/post"}],"author":[{"embeddable":true,"href":"https:\/\/archives.rencontrestsiganes.org\/index.php\/wp-json\/wp\/v2\/users\/1"}],"replies":[{"embeddable":true,"href":"https:\/\/archives.rencontrestsiganes.org\/index.php\/wp-json\/wp\/v2\/comments?post=638"}],"version-history":[{"count":0,"href":"https:\/\/archives.rencontrestsiganes.org\/index.php\/wp-json\/wp\/v2\/posts\/638\/revisions"}],"wp:attachment":[{"href":"https:\/\/archives.rencontrestsiganes.org\/index.php\/wp-json\/wp\/v2\/media?parent=638"}],"wp:term":[{"taxonomy":"category","embeddable":true,"href":"https:\/\/archives.rencontrestsiganes.org\/index.php\/wp-json\/wp\/v2\/categories?post=638"},{"taxonomy":"post_tag","embeddable":true,"href":"https:\/\/archives.rencontrestsiganes.org\/index.php\/wp-json\/wp\/v2\/tags?post=638"}],"curies":[{"name":"wp","href":"https:\/\/api.w.org\/{rel}","templated":true}]}}