{"id":637,"date":"2009-03-08T17:25:41","date_gmt":"2009-03-08T17:25:41","guid":{"rendered":"http:\/\/rt.boullier.fr\/?p=637"},"modified":"2009-03-08T17:25:41","modified_gmt":"2009-03-08T17:25:41","slug":"art637","status":"publish","type":"post","link":"https:\/\/archives.rencontrestsiganes.org\/index.php\/2009\/03\/08\/art637\/","title":{"rendered":"Inqui\u00e9tude pour les Roms"},"content":{"rendered":"<p>Inqui\u00e9tude pour les Roms<\/p>\n<p>Article publi\u00e9 le 28 F\u00e9vrier 2009<br \/>\nSource : LE MONDE<\/p>\n<p>Extrait :<\/p>\n<p>La Commission europ\u00e9enne s&rsquo;est d\u00e9clar\u00e9e \u00ab tr\u00e8s inqui\u00e8te \u00bb des violences ciblant les minorit\u00e9s roms en Hongrie et dans d&rsquo;autres pays, jeudi 26 f\u00e9vrier. \u00ab Dans certains pays europ\u00e9ens, a comment\u00e9 dans un communiqu\u00e9 le commissaire europ\u00e9en aux affaires sociales et \u00e0 l&rsquo;\u00e9galit\u00e9 des chances, Vladimir Spidla, il semble que les Roms sont devenus la cible de violences racistes organis\u00e9es, nourries par le populisme politique, des discours de haine et des campagnes m\u00e9diatiques. \u00bb Un rapport alarmant publi\u00e9 jeudi par le Conseil de l&rsquo;Europe, \u00e0 Strasbourg, conclut que la Hongrie et la Bulgarie doivent imp\u00e9rativement renforcer la lutte contre les discriminations \u00e0 l&rsquo;\u00e9gard des minorit\u00e9s roms, turques, mac\u00e9doniennes et juives.<\/p>\n","protected":false},"excerpt":{"rendered":"<p>Violences racistes organis\u00e9es <\/p>\n","protected":false},"author":1,"featured_media":0,"comment_status":"closed","ping_status":"closed","sticky":false,"template":"","format":"standard","meta":{"footnotes":""},"categories":[7,8],"tags":[58,73],"class_list":["post-637","post","type-post","status-publish","format-standard","hentry","category-diaspora","category-discriminations-racisme","tag-europe","tag-hongrie"],"_links":{"self":[{"href":"https:\/\/archives.rencontrestsiganes.org\/index.php\/wp-json\/wp\/v2\/posts\/637","targetHints":{"allow":["GET"]}}],"collection":[{"href":"https:\/\/archives.rencontrestsiganes.org\/index.php\/wp-json\/wp\/v2\/posts"}],"about":[{"href":"https:\/\/archives.rencontrestsiganes.org\/index.php\/wp-json\/wp\/v2\/types\/post"}],"author":[{"embeddable":true,"href":"https:\/\/archives.rencontrestsiganes.org\/index.php\/wp-json\/wp\/v2\/users\/1"}],"replies":[{"embeddable":true,"href":"https:\/\/archives.rencontrestsiganes.org\/index.php\/wp-json\/wp\/v2\/comments?post=637"}],"version-history":[{"count":0,"href":"https:\/\/archives.rencontrestsiganes.org\/index.php\/wp-json\/wp\/v2\/posts\/637\/revisions"}],"wp:attachment":[{"href":"https:\/\/archives.rencontrestsiganes.org\/index.php\/wp-json\/wp\/v2\/media?parent=637"}],"wp:term":[{"taxonomy":"category","embeddable":true,"href":"https:\/\/archives.rencontrestsiganes.org\/index.php\/wp-json\/wp\/v2\/categories?post=637"},{"taxonomy":"post_tag","embeddable":true,"href":"https:\/\/archives.rencontrestsiganes.org\/index.php\/wp-json\/wp\/v2\/tags?post=637"}],"curies":[{"name":"wp","href":"https:\/\/api.w.org\/{rel}","templated":true}]}}