{"id":632,"date":"2009-03-08T17:18:27","date_gmt":"2009-03-08T16:18:27","guid":{"rendered":"http:\/\/rt.boullier.fr\/?p=632"},"modified":"2009-03-08T17:18:27","modified_gmt":"2009-03-08T16:18:27","slug":"art632","status":"publish","type":"post","link":"https:\/\/archives.rencontrestsiganes.org\/index.php\/2009\/03\/08\/art632\/","title":{"rendered":"Encore la HALDE"},"content":{"rendered":"<p>La r\u00e9ponse  faite par la HALDE \u00e0 notre dernier courrier a suscit\u00e9 une tr\u00e8s grande indignation. Un responsable  de cet organisme a tent\u00e9 de se justifier lors d&rsquo;une  conversation t\u00e9l\u00e9phonique  en avan\u00e7ant des arguments juridiques  peu convaincant.  <\/p>\n<p>On nous sugg\u00e8re de nous adresser directement au Pr\u00e9sident de la Halde ou mieux encore de saisir le Procureur de la R\u00e9publique <\/p>\n<p>On notera enfin que nos courriers adress\u00e9s tant \u00e0 FR3 Provence  qu&rsquo;au Pr\u00e9fet de R\u00e9gion n&rsquo;ont , \u00e0 ce jour, pas re\u00e7u de r\u00e9ponse.   <\/p>\n<p>La position de la HALDE concernant la d\u00e9lib\u00e9ration du conseil municipal  des Saintes Maries de la Mer interdisant la \u00ab\u00a0bonne aventure\u00a0\u00bb a fait encore plus de vagues.   La presse locale et nationale s&rsquo;en est largement fait l&rsquo;\u00e9cho, conduisant la HALDE \u00e0 faire semble-t-il marche arri\u00e8re. <\/p>\n<p>Faute d&rsquo;avoir pu trouver les preuves de l&rsquo;avis de la HALDE  pr\u00e9sent\u00e9 par Mr CHASSIN le maire de la commune, on attends avec int\u00e9r\u00eat  un texte officiel  sur ce dossier scandaleux \u00e0 plus d&rsquo;un titre . <\/p>\n","protected":false},"excerpt":{"rendered":"<p> \u00ab\u00a0La discrimination \u00ab\u00a0: un d\u00e9lit \u00e0 g\u00e9om\u00e9trie variable <\/p>\n","protected":false},"author":1,"featured_media":0,"comment_status":"closed","ping_status":"closed","sticky":false,"template":"","format":"standard","meta":{"footnotes":""},"categories":[8],"tags":[],"class_list":["post-632","post","type-post","status-publish","format-standard","hentry","category-discriminations-racisme"],"_links":{"self":[{"href":"https:\/\/archives.rencontrestsiganes.org\/index.php\/wp-json\/wp\/v2\/posts\/632","targetHints":{"allow":["GET"]}}],"collection":[{"href":"https:\/\/archives.rencontrestsiganes.org\/index.php\/wp-json\/wp\/v2\/posts"}],"about":[{"href":"https:\/\/archives.rencontrestsiganes.org\/index.php\/wp-json\/wp\/v2\/types\/post"}],"author":[{"embeddable":true,"href":"https:\/\/archives.rencontrestsiganes.org\/index.php\/wp-json\/wp\/v2\/users\/1"}],"replies":[{"embeddable":true,"href":"https:\/\/archives.rencontrestsiganes.org\/index.php\/wp-json\/wp\/v2\/comments?post=632"}],"version-history":[{"count":0,"href":"https:\/\/archives.rencontrestsiganes.org\/index.php\/wp-json\/wp\/v2\/posts\/632\/revisions"}],"wp:attachment":[{"href":"https:\/\/archives.rencontrestsiganes.org\/index.php\/wp-json\/wp\/v2\/media?parent=632"}],"wp:term":[{"taxonomy":"category","embeddable":true,"href":"https:\/\/archives.rencontrestsiganes.org\/index.php\/wp-json\/wp\/v2\/categories?post=632"},{"taxonomy":"post_tag","embeddable":true,"href":"https:\/\/archives.rencontrestsiganes.org\/index.php\/wp-json\/wp\/v2\/tags?post=632"}],"curies":[{"name":"wp","href":"https:\/\/api.w.org\/{rel}","templated":true}]}}