{"id":617,"date":"2009-01-09T16:48:49","date_gmt":"2009-01-09T15:48:49","guid":{"rendered":"http:\/\/rt.boullier.fr\/?p=617"},"modified":"2009-01-09T16:48:49","modified_gmt":"2009-01-09T15:48:49","slug":"art617","status":"publish","type":"post","link":"https:\/\/archives.rencontrestsiganes.org\/index.php\/2009\/01\/09\/art617\/","title":{"rendered":"Appel des \u00e9lus pour l&rsquo;accueil des Roms"},"content":{"rendered":"<p> L&rsquo;appel  ci-dessous va \u00eatre diffus\u00e9 aupr\u00e8s des \u00e9lus locaux afin de consitituer \u00e0 l&rsquo;\u00e9chelon national, un  r\u00e9seau d&rsquo;\u00e9change d&rsquo;exp\u00e9rience et un groupe de pression en direction du gouvernement.<\/p>\n<p>{{ {{{<br \/>\nAPPEL DES ELUS<\/p>\n<p>Pour une politique d&#8217;accueil et d&#8217;acc\u00e8s aux droits<br \/>\nen direction des Rroms d&#8217;Europe de l&#8217;Est install\u00e9s en France}}} }}<\/p>\n<p>Nous, \u00e9lu-e-s, dans la diversit\u00e9 de nos mandats, dans la pluralit\u00e9 de nos appartenances politiques, avons \u00e9t\u00e9, \u00e0 des niveaux divers, confront\u00e9s au d\u00e9fi que repr\u00e9sente l&#8217;installation de Rroms d&#8217;Europe de l&#8217;Est sur nos territoires.<\/p>\n<p>Face \u00e0 la d\u00e9tresse humaine v\u00e9cue par les Rroms nous refusons l&#8217;inaction et l&#8217;indiff\u00e9rence, qui nous sont pr\u00e9sent\u00e9es comme autant de fatalit\u00e9s. Nous refusons qu&#8217;une telle indignit\u00e9 soit faite \u00e0 l&#8217;\u00eatre humain et avons d\u00e9cid\u00e9 de ne plus en \u00eatre spectateurs. Attach\u00e9s \u00e0 la construction Europ\u00e9enne nous ne pouvons la concevoir sans un d\u00e9veloppement de tous ses territoires, de toutes ses populations et sans une volont\u00e9 politique affirm\u00e9e de lutter contre les discriminations. En Roumanie, en Bulgarie, dans les pays d&#8217;Ex-Yougoslavie comme ici, en France, les Rroms sont victimes de ces discriminations. Notre exp\u00e9rience nous montre qu&#8217;\u00e0 toutes les \u00e9chelles, de la commune \u00e0 l&#8217;Union Europ\u00e9enne, nous pouvons contribuer \u00e0 des avanc\u00e9es concr\u00e8tes dans le sens d&#8217;un accueil digne sur nos territoires qui peuvent \u00eatre coupl\u00e9es \u00e0 des actions de coop\u00e9ration d\u00e9centralis\u00e9e visant \u00e0 am\u00e9liorer les conditions de vie dans les r\u00e9gions d&#8217;origine.<\/p>\n<p>A notre niveau, avec nos moyens, nous agissons ou nous engageons \u00e0 agir. Ces actions, bien souvent, nous avons d\u00fb les inventer, les improviser, sans pouvoir nous appuyer sur l&#8217;exp\u00e9rience de nos services, dans une grande solitude, sans assurance d&#8217;avoir les moyens de les mener et bien trop souvent sans le soutien de l&#8217;Etat. Aussi nous souhaitons promouvoir aujourd&#8217;hui, en s&#8217;associant au sein d&#8217;un collectif d&#8217;\u00e9lus, un partage et une mutualisation de ces exp\u00e9riences locales qui d\u00e9montrent chacune \u00e0 leur mani\u00e8re qu&#8217;une politique alternative aux expulsions sans relogement est possible. A l&#8217;Etat d&#8217;en prendre \u00e9galement sa part. <\/p>\n<p>Citoyens de l&#8217;Union Europ\u00e9enne et pourtant priv\u00e9s du droit au travail par l&#8217;instauration en France de dispositions li\u00e9es au r\u00e9gime transitoire, les Rroms Bulgares et Roumains ne peuvent donc pas s&#8217;int\u00e9grer par le travail. Cette situation, contraire \u00e0 l&#8217;id\u00e9e europ\u00e9enne, est g\u00e9n\u00e9ratrice d&#8217;injustices mais alimente \u00e9galement l&#8217;irr\u00e9gularit\u00e9 de leur pr\u00e9sence en France et, par voie de cons\u00e9quence, leur mis\u00e8re. Si les trait\u00e9s d&#8217;adh\u00e9sion autorisent temporairement que des limitations soient pos\u00e9es \u00e0 leur acc\u00e8s au march\u00e9 de l&#8217;emploi, il appartient \u00e0 l&#8217;Etat d&#8217;y mettre fin. La volont\u00e9 politique doit y \u00eatre. Elle y sera si, ensemble, nous agissons dans ce sens. C&#8217;est pourquoi nous demandons \u00e0 l&#8217;Etat la fin du r\u00e9gime transitoire qui prive les Roumains et Bulgares de l&#8217;acc\u00e8s au travail et fait d&#8217;eux des europ\u00e9ens de seconde zone.<\/p>\n<p>Signataires :<\/p>\n<p> (1)  Ont particip\u00e9 au premier groupe d&#8217;\u00e9lus \u00e0 l&#8217;origine de ce texte : Dominique Raimbourg (Nantes m\u00e9tropole \/ D\u00e9put\u00e9 de Loire-Atlantique) &#8211;  Andr\u00e9 Baraglioli (Conseiller municipal de Bagnolet) &#8211; Alain Monteagle (Conseiller municipal d\u00e9l\u00e9gu\u00e9 \u00e0 Montreuil) &#8211; Jamila Sahoum (Conseill\u00e8re municipale de Montreuil) &#8211; Jean-Patrick Gille (D\u00e9put\u00e9 d&#8217;Indre-et-Loire) &#8211;  Malik Ifri (Lille M\u00e9tropole Communaut\u00e9 Urbaine) &#8211; Francine BAVAY (Vice-Pr\u00e9sidente R\u00e9gion Ile-de-France) &#8211; Michel BILLOUT (S\u00e9nateur de Seine-et-Marne) &#8211; Alain Desmarest (Vice-Pr\u00e9sident du Conseil g\u00e9n\u00e9ral du Val-de-Marne) &#8211; Claudia Keblani (Conseill\u00e8re municipale de Bagnolet)  et certains de leurs collaborateurs.<\/p>\n","protected":false},"excerpt":{"rendered":"<p>A l&rsquo;initiative de ROMEUROPE un appel a \u00e9t\u00e9 lanc\u00e9 par des \u00e9lus au sujet de l&rsquo;accueil de Rroms   <\/p>\n","protected":false},"author":1,"featured_media":0,"comment_status":"closed","ping_status":"closed","sticky":false,"template":"","format":"standard","meta":{"footnotes":""},"categories":[18],"tags":[],"class_list":["post-617","post","type-post","status-publish","format-standard","hentry","category-migrants-roms"],"_links":{"self":[{"href":"https:\/\/archives.rencontrestsiganes.org\/index.php\/wp-json\/wp\/v2\/posts\/617","targetHints":{"allow":["GET"]}}],"collection":[{"href":"https:\/\/archives.rencontrestsiganes.org\/index.php\/wp-json\/wp\/v2\/posts"}],"about":[{"href":"https:\/\/archives.rencontrestsiganes.org\/index.php\/wp-json\/wp\/v2\/types\/post"}],"author":[{"embeddable":true,"href":"https:\/\/archives.rencontrestsiganes.org\/index.php\/wp-json\/wp\/v2\/users\/1"}],"replies":[{"embeddable":true,"href":"https:\/\/archives.rencontrestsiganes.org\/index.php\/wp-json\/wp\/v2\/comments?post=617"}],"version-history":[{"count":0,"href":"https:\/\/archives.rencontrestsiganes.org\/index.php\/wp-json\/wp\/v2\/posts\/617\/revisions"}],"wp:attachment":[{"href":"https:\/\/archives.rencontrestsiganes.org\/index.php\/wp-json\/wp\/v2\/media?parent=617"}],"wp:term":[{"taxonomy":"category","embeddable":true,"href":"https:\/\/archives.rencontrestsiganes.org\/index.php\/wp-json\/wp\/v2\/categories?post=617"},{"taxonomy":"post_tag","embeddable":true,"href":"https:\/\/archives.rencontrestsiganes.org\/index.php\/wp-json\/wp\/v2\/tags?post=617"}],"curies":[{"name":"wp","href":"https:\/\/api.w.org\/{rel}","templated":true}]}}