{"id":613,"date":"2008-12-21T16:27:31","date_gmt":"2008-12-21T16:27:31","guid":{"rendered":"http:\/\/rt.boullier.fr\/?p=613"},"modified":"2008-12-21T16:27:31","modified_gmt":"2008-12-21T16:27:31","slug":"art613","status":"publish","type":"post","link":"https:\/\/archives.rencontrestsiganes.org\/index.php\/2008\/12\/21\/art613\/","title":{"rendered":"L&rsquo;Union Europ\u00e9enne prend position"},"content":{"rendered":"<p>{{ {{{MESURES POUR UNE POLITIQUE EUROPEENNE INTEGREE EN FAVEUR DES ROMS ET GENS DU VOYAGE}}} }}<\/p>\n<p>{{{PROPOSITIONS COMMUNES DES ASSOCIATIONS POUR LE CONSEIL EUROPEEN DES 11 ET 12 DECEMBRE 2008}}}<\/p>\n<p>Le 16 septembre dernier s\u2019est tenu le premier Sommet europ\u00e9en des Roms, Si un consensus \u00e9merge sur le constat affligeant des discriminations incessantes dont les Roms font l\u2019objet, les Etats membres et les institutions europ\u00e9ennes ne parlent pas de concert quant aux mesures \u00e0 appliquer. Nos associations se sont donc r\u00e9unies afin de formuler et soumettre des propositions concr\u00e8tes aux chefs d\u2019Etat et de gouvernement du Conseil europ\u00e9en du 11 et 12 d\u00e9cembre 2008 afin que le Sommet europ\u00e9en des Roms ne reste pas sans suite.<\/p>\n<p>A cette fin, nous recommandons :<\/p>\n<p>A la Pr\u00e9sidence du Conseil de l\u2019Union europ\u00e9enne et aux Etats membres :<\/p>\n<p>l\u2019adoption d\u2019une strat\u00e9gie europ\u00e9enne pour les Roms en compl\u00e9mentarit\u00e9 r\u00e9elle et \u00e9troite avec celles des Etats membres et avec les actions locales exemplaires, sans oublier les pays candidats afin de garantir l\u2019impact des activit\u00e9s men\u00e9es ; un tel document devrait \u00eatre r\u00e9dig\u00e9 selon un processus participatif : pour les Roms et avec les Roms. Il devra int\u00e9grer la pr\u00e9occupation continuelle de l\u2019\u00e9galit\u00e9 des chances lorsqu\u2019il est question des besoins des femmes et des enfants.<\/p>\n<p>l\u2019adh\u00e9sion des vingt-sept Etats membres \u00e0 la \u00ab D\u00e9cennie des Roms \u00bb et aux dispositifs d\u2019\u00e9valuation et de suivi des politiques mises en \u0153uvre, notamment l&rsquo;observatoire de la D\u00e9cennie (ou Decade Watch)<\/p>\n<p>&#8211; la fin des r\u00e9gimes transitoires qui limitent l\u2019acc\u00e8s des ressortissants roumains et bulgares au march\u00e9 de l\u2019emploi dans plusieurs Etats membres<\/p>\n<p>-la suppression dans les motifs possibles de reconduite \u00e0 la fronti\u00e8re du crit\u00e8re de charge d\u00e9raisonnable contraire \u00e0 la libre de circulation des europ\u00e9ens au sein de l\u2019Union<\/p>\n<p>&#8211; l\u2019adoption d\u2019un plan d\u2019action europ\u00e9en plurisectoriel qui aura pour objet<\/p>\n<p>(1) de lutter contre la s\u00e9gr\u00e9gation spatiale et sociale et d\u2019\u0153uvrer pour la r\u00e9sorption de l\u2019habitat indigne, la promotion de la diversit\u00e9 de l\u2019habitat et des droits aff\u00e9rents<\/p>\n<p>(2) de garantir un acc\u00e8s effectif de tous \u00e0 une couverture maladie et aux soins, \u00e0 l\u2019appui de services publics de proximit\u00e9,<\/p>\n<p>(3) de garantir l\u2019effectivit\u00e9 des droits civils et politiques,<\/p>\n<p>(4) de garantir l\u2019acc\u00e8s \u00e0 tous aux \u00e9tablissements scolaires ordinaires et aux dispositifs annexes comme la cantine ou les transports scolaires, en mettant notamment fin aux obstacles administratifs entra\u00eenant absent\u00e9isme et d\u00e9crochage scolaires comme l\u2019absence de document d\u2019identit\u00e9 ou de permis de r\u00e9sidence.<\/p>\n<p>A la Commission europ\u00e9enne :<\/p>\n<p>&#8211; l\u2019effectivit\u00e9 des droits civils et politiques des Roms et Gens du voyage, notamment un acc\u00e8s effectif au droit et \u00e0 la justice<\/p>\n<p>&#8211; garantir la m\u00e9moire des victimes de l\u2019esclavage et de la barbarie nazie notamment lors des c\u00e9r\u00e9monies officielles et sur les lieux de m\u00e9moire<\/p>\n<p>-la reconnaissance et la promotion de la culture rom dans l\u2019histoire europ\u00e9enne dans les programmes scolaires ainsi que par la valorisation de la langue romani<\/p>\n<p>&#8211; le soutien aux associations Roms et Gens du voyage, tant au niveau national qu\u2019europ\u00e9en, afin de suivre la mise en \u0153uvre des politiques et des programmes li\u00e9s aux Roms, et la sensibilisation \u00e0 la d\u00e9mocratie et aux droits de l\u2019homme ;<\/p>\n<p>&#8211; le d\u00e9veloppement d\u2019un outil de suivi des situations internes v\u00e9cues par les Roms dans leurs pays d\u2019origine : chaque Etat membre ainsi que chaque pays en accession devra remettre un rapport annuel sur la mise en \u0153uvre des politiques nationales en faveur des Roms, avec des statistiques claires et des indicateurs v\u00e9rifiables ainsi qu\u2019une analyse des donn\u00e9es ;<\/p>\n<p>&#8211; le soutien \u00e0 la recherche et aux \u00e9tudes sur les Roms et Gens du voyage<\/p>\n<p>&#8211; l\u2019\u00e9laboration d\u2019un programme communautaire soutenant le d\u00e9veloppement d\u2019actions positives en mati\u00e8re d\u2019acc\u00e8s \u00e0 la formation professionnelle et \u00e0 l\u2019emploi (valorisation des acquis de l\u2019exp\u00e9rience des personnes en difficult\u00e9 face \u00e0 l\u2019emploi et\/ou illettr\u00e9es mais encore le d\u00e9veloppement de parcours individualis\u00e9s et de micro-cr\u00e9dits pour faciliter l\u2019acc\u00e8s \u00e0 l\u2019emploi des Roms et Gens du voyage). Cette strat\u00e9gie devra \u00e9galement valoriser les activit\u00e9s ambulantes et les commerces non s\u00e9dentaires et r\u00e9\u00e9valuer leurs r\u00e9glementations.<\/p>\n<p>&#8211; le renforcement et le d\u00e9veloppement des outils l\u00e9gislatifs antidiscriminatoires existants afin de lutter en particulier contre la propagation de discours racistes et d\u2019encouragement \u00e0 la haine notamment dans les m\u00e9dias et sur internet.<\/p>\n<p>&#8211; La conduite d\u2019une \u00e9valuation de l\u2019efficacit\u00e9 et de l\u2019impact des programmes communautaires en faveur des Roms dans les nouveaux Etats membres (2004 et 2007)<\/p>\n<p>&#8211; Le d\u00e9marrage d\u2019un travail sur la politique europ\u00e9enne en faveur des Roms dans le cadre d\u2019une consultation transparente et large avec les acteurs roms de soci\u00e9t\u00e9 civile des Etats membres, des pays candidats et des pays d\u2019Europe du Sud-Est afin de faire entendre la diversit\u00e9 des associations roms en Europe.<\/p>\n<p>A l\u2019Agence europ\u00e9enne pour les droits fondamentaux de lutter de mani\u00e8re efficace et volontaire contre les discriminations et le racisme envers les Roms et Gens du voyage par :<\/p>\n<p>&#8211; la cr\u00e9ation d\u2019un observatoire europ\u00e9en et d\u2019observatoires nationaux des violations des droits des Roms et Gens du voyage en mati\u00e8re de droits civils et politiques, mais aussi droits \u00e9conomiques et sociaux<\/p>\n<p>&#8211; le lancement de campagnes europ\u00e9ennes antidiscriminatoires ou de valorisation de l\u2019image des Roms notamment sur leurs comp\u00e9tences et savoir-faire.<\/p>\n","protected":false},"excerpt":{"rendered":"<p>Cette fois c&rsquo;est le Conseil de l&rsquo;Union Europ\u00e9enne, la plus haute instance   de d\u00e9cision, qui se prononce contre les discriminations faites aux Rroms tsiganes et autres \u00ab\u00a0gens du voayge\u00a0\u00bb l<\/p>\n","protected":false},"author":1,"featured_media":0,"comment_status":"closed","ping_status":"closed","sticky":false,"template":"","format":"standard","meta":{"footnotes":""},"categories":[7],"tags":[58],"class_list":["post-613","post","type-post","status-publish","format-standard","hentry","category-diaspora","tag-europe"],"_links":{"self":[{"href":"https:\/\/archives.rencontrestsiganes.org\/index.php\/wp-json\/wp\/v2\/posts\/613","targetHints":{"allow":["GET"]}}],"collection":[{"href":"https:\/\/archives.rencontrestsiganes.org\/index.php\/wp-json\/wp\/v2\/posts"}],"about":[{"href":"https:\/\/archives.rencontrestsiganes.org\/index.php\/wp-json\/wp\/v2\/types\/post"}],"author":[{"embeddable":true,"href":"https:\/\/archives.rencontrestsiganes.org\/index.php\/wp-json\/wp\/v2\/users\/1"}],"replies":[{"embeddable":true,"href":"https:\/\/archives.rencontrestsiganes.org\/index.php\/wp-json\/wp\/v2\/comments?post=613"}],"version-history":[{"count":0,"href":"https:\/\/archives.rencontrestsiganes.org\/index.php\/wp-json\/wp\/v2\/posts\/613\/revisions"}],"wp:attachment":[{"href":"https:\/\/archives.rencontrestsiganes.org\/index.php\/wp-json\/wp\/v2\/media?parent=613"}],"wp:term":[{"taxonomy":"category","embeddable":true,"href":"https:\/\/archives.rencontrestsiganes.org\/index.php\/wp-json\/wp\/v2\/categories?post=613"},{"taxonomy":"post_tag","embeddable":true,"href":"https:\/\/archives.rencontrestsiganes.org\/index.php\/wp-json\/wp\/v2\/tags?post=613"}],"curies":[{"name":"wp","href":"https:\/\/api.w.org\/{rel}","templated":true}]}}