{"id":594,"date":"2008-10-19T12:08:11","date_gmt":"2008-10-19T11:08:11","guid":{"rendered":"http:\/\/rt.boullier.fr\/?p=594"},"modified":"2008-10-19T12:08:11","modified_gmt":"2008-10-19T11:08:11","slug":"art594","status":"publish","type":"post","link":"https:\/\/archives.rencontrestsiganes.org\/index.php\/2008\/10\/19\/art594\/","title":{"rendered":"Danger au R\u00e9altor"},"content":{"rendered":"<p>Marseille le 16 \/10\/2008<\/p>\n<p>Monsieur LE DEUN <\/p>\n<p>Sous pr\u00e9fet d&#8217;ISTRES<br \/>\nAvenue des Bolles<br \/>\nBP 648  <\/p>\n<p>13808 ISTRES Cedex<\/p>\n<p>Objet : les familles Roms du R\u00e9altor <\/p>\n<p>Monsieur le Pr\u00e9fet <\/p>\n<p>Je me permets  de vous faire part des faits suivants concernant ces familles. <\/p>\n<p>Depuis quelques semaines, elles font l&#8217;objet de multiples contr\u00f4les et v\u00e9rifications  de la part des diff\u00e9rents services de Police qui  nous conduisent \u00e0 nous interroger sur le sens de ces contr\u00f4les. Madame Jovanovic a \u00e9t\u00e9 r\u00e9cemment \u00e0 trois reprises arr\u00eat\u00e9e sous des pr\u00e9textes divers et conduite puis  retenue aux commissariats (la journ\u00e9e enti\u00e8re) pour v\u00e9rification d&#8217;identit\u00e9 \u00e0 Marignane et Aix-en-Provence.  Cette semaine, la BAC a effectu\u00e9 un contr\u00f4le et une fouille compl\u00e8te de  l&#8217;ensemble des personnes sur le site. La semaine derni\u00e8re, au cours d&#8217;une nouvelle visite de \u00ab contr\u00f4le \u00bb, la  Police a  pr\u00e9tendu que Madame Jovanovic avait vol\u00e9 la caravane que nous avons mise \u00e0 sa disposition et dont  la carte grise est au nom de notre association. A plusieurs reprises son v\u00e9hicule certes ancien  a \u00e9t\u00e9 contr\u00f4l\u00e9 et consid\u00e9r\u00e9 comme en infraction. Il a \u00e9t\u00e9 notifi\u00e9 \u00e0 madame Jovanovic que son permis de conduire d\u00e9livr\u00e9 en Italie n&#8217;\u00e9tait plus conforme. A cette occasion, elle a \u00e9t\u00e9 \u00e0 nouveau retenue au commissariat, alors qu&#8217;elle avait ses enfants dans son v\u00e9hicule puisqu&#8217;elle les ramenait de l&#8217;\u00e9cole. <\/p>\n<p>Si nous ne contestons pas que des irr\u00e9gularit\u00e9s administratives peuvent \u00eatre reproch\u00e9es \u00e0 ces personnes, nous nous interrogeons sur les raisons de ces multiples contr\u00f4les qui peuvent \u00eatre assimil\u00e9s \u00e0 du harc\u00e8lement et qui mettent en cause  les actions humanitaires de soutien qu&#8217;avec plusieurs associations nous mettons en &#339;uvre depuis trois ans. La scolarisation des enfants a ainsi \u00e9t\u00e9 rendue possible gr\u00e2ce \u00e0 la subvention accord\u00e9e au Secours Catholique. Pour l&#8217;instant c&#8217;est madame Jovanovic qui avec son v\u00e9hicule (dont nous assurons le mieux possible l&#8217;entretien) qui assure l&#8217;accompagnement d&#8217;une partie des enfants a l&#8217;\u00e9cole. Nous tentons de trouver une solution plus p\u00e9renne avec Monsieur BOYER, le vice-Pr\u00e9sident de la CPA charg\u00e9 de ce dossier, que nous rencontrons aujourd&#8217;hui m\u00eame. M\u00e9decins du Monde et la PMI interviennent r\u00e9guli\u00e8rement sur le site. Lors d&#8217;une r\u00e9cente r\u00e9union l&#8217;ADAPT a d\u00e9sign\u00e9 un \u00e9ducateur pour prendre en charge les adolescents. La banque alimentaire apporte le minimum indispensable. Nous d\u00e9celons dans ces actions polici\u00e8res r\u00e9p\u00e9t\u00e9es une volont\u00e9 de briser ces familles, cela brise notre action \u00e9ducative et peut engendrer des r\u00e9actions extr\u00eamement graves.<\/p>\n<p>Vous savez enfin que madame la Maire d&#8217;Aix-en-Provence a \u00e9t\u00e9 d\u00e9bout\u00e9e le 16 septembre par le TGI de sa demande d&#8217;expulsion des familles.  <\/p>\n<p>Afin  de ne pas conduire au d\u00e9sespoir ces familles et ceux qui les soutiennent, nous sommes \u00e0 votre disposition pour apporter toutes les pr\u00e9cisions que vous souhaiteriez et nous vous demandons avec insistance d&#8217;intervenir aupr\u00e8s des diff\u00e9rents services de Police afin d&#8217;obtenir de leur part une attitude plus compr\u00e9hensive. <\/p>\n<p>Dans l&#8217;attente, je vous prie d&#8217;agr\u00e9er Monsieur le Pr\u00e9fet, l&#8217;expression de mes sentiments respectueux.<\/p>\n<p>Le pr\u00e9sident <\/p>\n<p>Alain  FOUREST  <\/p>\n","protected":false},"excerpt":{"rendered":"<p>Malgr\u00e9 les efforts des associations et des b\u00e9n\u00e9voles, les  familles Roms du R\u00e9altor sont plus que jamais en danger <\/p>\n","protected":false},"author":1,"featured_media":0,"comment_status":"closed","ping_status":"closed","sticky":false,"template":"","format":"standard","meta":{"footnotes":""},"categories":[18],"tags":[37],"class_list":["post-594","post","type-post","status-publish","format-standard","hentry","category-migrants-roms","tag-aix"],"_links":{"self":[{"href":"https:\/\/archives.rencontrestsiganes.org\/index.php\/wp-json\/wp\/v2\/posts\/594","targetHints":{"allow":["GET"]}}],"collection":[{"href":"https:\/\/archives.rencontrestsiganes.org\/index.php\/wp-json\/wp\/v2\/posts"}],"about":[{"href":"https:\/\/archives.rencontrestsiganes.org\/index.php\/wp-json\/wp\/v2\/types\/post"}],"author":[{"embeddable":true,"href":"https:\/\/archives.rencontrestsiganes.org\/index.php\/wp-json\/wp\/v2\/users\/1"}],"replies":[{"embeddable":true,"href":"https:\/\/archives.rencontrestsiganes.org\/index.php\/wp-json\/wp\/v2\/comments?post=594"}],"version-history":[{"count":0,"href":"https:\/\/archives.rencontrestsiganes.org\/index.php\/wp-json\/wp\/v2\/posts\/594\/revisions"}],"wp:attachment":[{"href":"https:\/\/archives.rencontrestsiganes.org\/index.php\/wp-json\/wp\/v2\/media?parent=594"}],"wp:term":[{"taxonomy":"category","embeddable":true,"href":"https:\/\/archives.rencontrestsiganes.org\/index.php\/wp-json\/wp\/v2\/categories?post=594"},{"taxonomy":"post_tag","embeddable":true,"href":"https:\/\/archives.rencontrestsiganes.org\/index.php\/wp-json\/wp\/v2\/tags?post=594"}],"curies":[{"name":"wp","href":"https:\/\/api.w.org\/{rel}","templated":true}]}}