{"id":563,"date":"2008-09-01T22:32:01","date_gmt":"2008-09-01T21:32:01","guid":{"rendered":"http:\/\/rt.boullier.fr\/?p=563"},"modified":"2008-09-01T22:32:01","modified_gmt":"2008-09-01T21:32:01","slug":"art563","status":"publish","type":"post","link":"https:\/\/archives.rencontrestsiganes.org\/index.php\/2008\/09\/01\/art563\/","title":{"rendered":"L&rsquo;antitsiganisme en Europe"},"content":{"rendered":"<p>{{ {{{Conseil de l&rsquo;Europe}}} }}<\/p>\n<p>{{ {{{\u00abL&rsquo;histoire honteuse de l&rsquo;antitsiganisme en Europe est oubli\u00e9e &#8211; et se r\u00e9p\u00e8te \u00bb}}} }}<\/p>\n<p>[18\/08\/08] *Seuls quelques milliers de Roms en Allemagne ont surv\u00e9cu \u00e0 l&rsquo;holocauste et aux camps de concentration. Ils ont eu \u00e9norm\u00e9ment de mal \u00e0 se construire une vie nouvelle, apr\u00e8s avoir perdu tant de membres de leur famille et vu leurs biens d\u00e9truits ou confisqu\u00e9s. En outre, nombre d&rsquo;entre eux \u00e9taient en proie \u00e0 la maladie. Certains d&rsquo;entre eux cherch\u00e8rent \u00e0 obtenir r\u00e9paration mais leurs demandes furent rejet\u00e9es pendant des ann\u00e9es<\/p>\n<p>*Or, justice ne fut pas rendue \u00e0 ces survivants pendant la p\u00e9riode post-hitl\u00e9rienne. Au proc\u00e8s de Nuremberg, l&rsquo;extermination massive des Roms ne retint pas l&rsquo;attention, ce qui est significatif. Le g\u00e9nocide des Roms&#8211;\/Samudaripe\/ ou \/Porrajmos\/ &#8212; ne fut gu\u00e8re reconnu dans le discours officiel.<\/p>\n<p>Cette n\u00e9gation passive de la sinistre r\u00e9alit\u00e9 ne pouvait h\u00e9las pas surprendre outre mesure les Roms eux m\u00eames car, pendant des g\u00e9n\u00e9rations, ils avaient \u00e9t\u00e9 trait\u00e9s comme un peuple d\u00e9pourvu d&rsquo;histoire. Les violations dont ils avaient \u00e9t\u00e9 victimes furent rapidement oubli\u00e9es, si tant est qu&rsquo;elles aient \u00e9t\u00e9 reconnues<\/p>\n<p>Malheureusement, l&rsquo;histoire se r\u00e9p\u00e8te.<\/p>\n<p>C&rsquo;est pourquoi, il est particuli\u00e8rement appr\u00e9ciable que le Conseil de l&rsquo;Europe ait \u00e9tabli une s\u00e9rie de fiches d&rsquo;information sur l&rsquo;histoire des Roms. Ces fiches sont destin\u00e9es aux enseignants, aux \u00e9tudiants, aux responsables politiques et autres d\u00e9cideurs et \u00e0 toute personne d\u00e9sireuse de savoir quelles \u00e9preuves ce peuple a travers\u00e9es.<\/p>\n<p>Les lecteurs de ces fiches d&rsquo;information peuvent ainsi d\u00e9couvrir que les divers groupes roms ont subi, en Europe, cinq cents ans de r\u00e9pression honteuse depuis qu&rsquo;ils sont arriv\u00e9s d&rsquo;Inde au terme d&rsquo;une longue migration. Les m\u00e9thodes r\u00e9pressives \u00e9taient vari\u00e9es, allant de l&rsquo;esclavage au massacre en passant par l&rsquo;assimilation forc\u00e9e,<br \/>\nl&rsquo;expulsion et l&rsquo;internement.<\/p>\n<p>*Les *\u00ab* **raisons d&rsquo;\u00eatre *\u00bb * **de ces politiques \u00e9taient, quant \u00e0 elles, similaires. Les Roms \u00e9taient consid\u00e9r\u00e9s comme peu fiables, dangereux, criminels et ind\u00e9sirables. Ils \u00e9taient ces \u00e9trangers dont on pouvait ais\u00e9ment faire des boucs \u00e9missaires lorsque les choses tournaient mal et que la population locale ne voulait pas en assumer la responsabilit\u00e9.<\/p>\n<p>En Valachie et en Moldavie (la Roumanie d&rsquo;aujourd&rsquo;hui), les Roms v\u00e9curent dans la servitude pendant des si\u00e8cles, jusqu&rsquo;en 1855, date \u00e0 laquelle les derniers esclaves roms furent enfin \u00e9mancip\u00e9s. En Espagne, un jour de 1749, plus de dix mille Roms furent arr\u00eat\u00e9s dans le cadre d&rsquo;une action militaro polici\u00e8re soigneusement planifi\u00e9e. Selon un homme d&rsquo;Eglise \u00e9minent qui conseillait le gouvernement, cette op\u00e9ration avait pour but \u00ab d&rsquo;\u00e9radiquer cette sale race qui \u00e9tait odieuse \u00e0 Dieu et pernicieuse \u00e0 l&rsquo;homme \u00bb. Les cons\u00e9quences furent effroyables pour la communaut\u00e9 rom ; les d\u00e9portations, les d\u00e9tentions, le travail forc\u00e9 et les meurtres d\u00e9truisirent, en grande partie, la culture rom originelle.*<\/p>\n<p>*Au XVIIIe si\u00e8cle, sous l&rsquo;Empire austro hongrois, les autorit\u00e9s appliqu\u00e8rent une politique d&rsquo;assimilation forc\u00e9e. Les enfants roms furent retir\u00e9s \u00e0 leurs parents et l&rsquo;on interdit aux Roms de se marier entre eux. En outre, il ne fut plus permis de pratiquer la langue romani. Cette politique fut brutalement appliqu\u00e9e. Par exemple, tout individu employant la langue \u00ab tsigane \u00bb \u00e9tait passible d&rsquo;une condamnation \u00e0 la<br \/>\nflagellation.<\/p>\n<p>Au XXe si\u00e8cle, les fascistes s&rsquo;en prirent aussi aux Roms. En Italie, fut publi\u00e9e, en 1926, une circulaire qui ordonnait l&rsquo;expulsion de tous les Roms \u00e9trangers afin de \u00ab d\u00e9barrasser le pays des caravanes tsiganes qui, cela allait s&rsquo;en dire, constituaient un risque pour la s\u00e9curit\u00e9 et la sant\u00e9 publique du fait du mode de vie caract\u00e9ristique des Tsiganes \u00bb.<\/p>\n<p>L&rsquo;instruction indiquait clairement que le but \u00e9tait de \u00ab frapper au coeur de l&rsquo;organisme tsigane \u00bb.Dans l&rsquo;Italie fasciste, les Roms furent ainsi en butte \u00e0 des discriminations et \u00e0 des pers\u00e9cutions. Nombre d&rsquo;entre eux furent d\u00e9tenus dans des camps sp\u00e9ciaux ; d&rsquo;autres furent envoy\u00e9s en Allemagne ou en Autriche et plus tard extermin\u00e9s. *<\/p>\n<p>*En Roumanie, le r\u00e9gime fasciste de la \u00ab garde de fer \u00bb entreprit les d\u00e9portations en 1942. Comme de nombreux Juifs, quelque 30 000 Roms furent d\u00e9plac\u00e9s en Transnistrie o\u00f9 ils connurent la faim, la maladie et la mort. Seule la moiti\u00e9 d&rsquo;entre eux environ parvinrent \u00e0 survivre aux deux ann\u00e9es de privation extr\u00eame qu&rsquo;ils endur\u00e8rent avant que la politique ne change.<\/p>\n<p>En France, quelque 6 000 Roms furent intern\u00e9s pendant la guerre, dans la zone occup\u00e9e, pour la majorit\u00e9 d&rsquo;entre eux. Contrairement \u00e0 d&rsquo;autres victimes, les Roms ne furent pas syst\u00e9matiquement remis en libert\u00e9 lorsque les Allemands battirent en retraite. Les nouvelles autorit\u00e9s fran\u00e7aises virent dans l&rsquo;internementun moyen de les forcer \u00e0 la s\u00e9dentarisation.<\/p>\n<p>Dans les Etats baltes, un grand nombre d&rsquo;habitants roms furent tu\u00e9s par les forces d&rsquo;invasion allemandes et leurs partisans locaux au sein de la police. 5 \u00e0 10 % seulement des Roms d&rsquo;Estonie surv\u00e9curent. En Lettonie, pr\u00e8s de la moiti\u00e9 des Roms furent fusill\u00e9s et l&rsquo;on estime qu&rsquo;en Lituanie, les Roms furent aussi tu\u00e9s dans leur grande majorit\u00e9. *<\/p>\n<p>*En fait, les id\u00e9es racistes de l&rsquo;\u00e9poque n&rsquo;\u00e9pargnaient aucun pays d&rsquo;Europe. En Su\u00e8de, pays neutre, les autorit\u00e9s avaient d\u00e9j\u00e0, dans les ann\u00e9es 1920, encourag\u00e9 la mise en oeuvre d&rsquo;un programme de st\u00e9rilisation qui avait principalement pour cible les Roms (et qui s&rsquo;est poursuivi jusque dans les ann\u00e9es 1970). En Norv\u00e8ge aussi, des pressions s&rsquo;exerc\u00e8rent sur les Roms en vue de leur st\u00e9rilisation.<br \/>\nLe r\u00e9gime nazi d\u00e9finissait les Roms (dont les Sintis) comme une \u00ab race inf\u00e9rieure \u00bb ayant un \u00ab comportement asocial \u00bb consid\u00e9r\u00e9 comme h\u00e9r\u00e9ditaire. Ce jugement \u00e9tait en fait une amplification de pr\u00e9jug\u00e9s anciens et largement r\u00e9pandus tant en Allemagne qu&rsquo;en Autriche. Lesdites lois raciales de Nuremberg, datant de 1935, priv\u00e8rent les Roms de leur nationalit\u00e9 et de leurs droits civils. Il \u00e9tait exig\u00e9 qu&rsquo;ils soient intern\u00e9s dans des camps de travail et st\u00e9rilis\u00e9s de force.<\/p>\n<p>Un plan ant\u00e9rieur imagin\u00e9 par les racistes nazis et visant \u00e0 maintenir certains Roms \u00ab de race pure \u00bb dans une sorte de mus\u00e9e anthropologique fut oubli\u00e9, tandis que d&rsquo;autres Roms, en particulier des enfants, furent s\u00e9lectionn\u00e9s pour \u00eatre soumis aux cruelles exp\u00e9riences m\u00e9dicales de Josef Mengele. Une politique de st\u00e9rilisation forc\u00e9e fut mise en oeuvre, souvent sans anesth\u00e9sie.*<\/p>\n<p>*L&rsquo;\u00e9limination syst\u00e9matique des Roms d\u00e9buta pendant l&rsquo;\u00e9t\u00e9 1941 lorsque les troupes allemandes attaqu\u00e8rent l&rsquo;Union sovi\u00e9tique. Ils \u00e9taient consid\u00e9r\u00e9s comme des espions (\u00e0 l&rsquo;instar de nombreux Juifs) au service du \u00ab bolch\u00e9visme juif \u00bb et furent fusill\u00e9s en masse par l&rsquo;arm\u00e9e allemande et les SS. De fait, dans toutes les zones occup\u00e9es par les Nazis, des Roms furent ex\u00e9cut\u00e9s.<\/p>\n<p>Les chiffres sont impr\u00e9cis mais l&rsquo;on estime que plusieurs centaines de milliers de Roms furent ex\u00e9cut\u00e9s dans ces circonstances, y compris dans les Balkans o\u00f9 les massacres \u00e9taient soutenus par les fascistes locaux. La milice Oustacha de Croatie g\u00e9ra des camps mais organisa aussi des d\u00e9portations et proc\u00e9da \u00e0 des ex\u00e9cutions massives. . En d\u00e9cembre 1942, le r\u00e9gime nazi d\u00e9cida de d\u00e9porter \u00e0 Auschwitz tous les Roms du \u00ab Reich allemand \u00bb. L\u00e0, ils durent porter un triangle noir et se faire tatouer un Z sur le bras. De tous les d\u00e9tenus du camp, ils avaient le plus fort taux de mortalit\u00e9 : 19 300 d&rsquo;entre eux y perdirent la vie. Sur ce nombre, 5 600 furent gaz\u00e9s et 13 700 moururent de faim, de maladie ou \u00e0 la suite d&rsquo;exp\u00e9riences m\u00e9dicales pratiqu\u00e9es sur eux.<\/p>\n<p>On ne sait toujours pas combien de Roms au total furent victimes des pers\u00e9cutions nazies car ils ne furent pas tous inscrits comme Roms et les registres sont incomplets. L&rsquo;absence de statistiques fiables sur le nombre de Roms vivant dans ces r\u00e9gions avant leur extermination massive rend encore plus difficile l&rsquo;estimation du nombre r\u00e9el de victimes. Selon les fiches d&rsquo;information du Conseil de l&rsquo;Europe, il est fort probable que ce nombre s&rsquo;\u00e9l\u00e8ve \u00e0 au moins 250 000. D&rsquo;apr\u00e8s d&rsquo;autres \u00e9tudes cr\u00e9dibles, plus de 500 000 Roms perdirent la vie, et peut \u00eatre m\u00eame beaucoup plus.*<\/p>\n<p>*Les fiches d&rsquo;information soulignent la n\u00e9cessit\u00e9 d&rsquo;entreprendre des recherches compl\u00e9mentaires sur l&rsquo;histoire des Roms. Les Roms eux m\u00eames ont eu peu de moyens de consigner les \u00e9v\u00e9nements et les autorit\u00e9s n&rsquo;avaient gu\u00e8re int\u00e9r\u00eat \u00e0 le faire. Cependant, il y a des sp\u00e9cialistes roms et autres dont les travaux doivent \u00eatre encourag\u00e9s (les auteurs des fiches d&rsquo;information ont notamment mis \u00e0 profit les connaissances de plusieurs d&rsquo;entre eux comme Ian Hancock et Grattan Puxon).<\/p>\n<p>Cela dit, les fiches d&rsquo;information publi\u00e9es ont d\u00e9j\u00e0 des effets positifs. J&rsquo;esp\u00e8re que de nombreuses personnes les liront et que les gouvernements europ\u00e9ens soutiendront cette d\u00e9marche et la faciliteront en traduisant ces textes dans leur langue nationale et en les diffusant aupr\u00e8s des enseignants et des responsables politiques entre autres. Il faudrait aider les organisations roms \u00e0 les propager aussi largement dans leur communaut\u00e9.<\/p>\n<p>Un lecteur attentif ne pourra que tirer un certain nombre de conclusions. L&rsquo;une d&rsquo;entre elles est qu&rsquo;il n&rsquo;est pas surprenant que de nombreux Roms \u00e9prouvent de la m\u00e9fiance vis \u00e0 vis de la soci\u00e9t\u00e9 majoritaire et que certains consid\u00e8rent les autorit\u00e9s comme une menace. Lorsqu&rsquo;on leur enjoint de se faire recenser ou de donner leurs empreintes digitales, ils craignent le pire.**\/ \/**En effet, plusieurs pays ne reconnaissent toujours pas l&rsquo;oppression dont cette minorit\u00e9 a \u00e9t\u00e9 victime par le pass\u00e9 et n&rsquo;ont pr\u00e9sent\u00e9 officiellement aucune excuse. On peut, n\u00e9anmoins, citer un bon exemple de comportement inverse ; en 2003, le gouvernement de Bucarest a pris la d\u00e9cision de cr\u00e9er une commission sur l&rsquo;holocauste qui a, ult\u00e9rieurement, publi\u00e9 un important rapport sur la**\/ \/**r\u00e9pression et les massacres en Roumanie pendant la p\u00e9riode fasciste.<\/p>\n<p>Les fiches d&rsquo;information montrent que les Roms ne vivent pas en nomades pour des raisons retorses ou parce qu&rsquo;ils ont le voyage \u00ab dans le sang \u00bb. Lorsque c&rsquo;est possible, ils se fixent bel et bien quelque part mais, pendant longtemps, ils ont d\u00fb se d\u00e9placer d&rsquo;un pays \u00e0 l&rsquo;autre ou au sein d&rsquo;un m\u00eame pays pour \u00e9viter la r\u00e9pression ou simplement parce qu&rsquo;ils n&rsquo;\u00e9taient pas autoris\u00e9s \u00e0 s&rsquo;installer dans un endroit donn\u00e9. L&rsquo;autre raison principale est que le type d&#8217;emploi ou de travail qui leur \u00e9tait accessible exigeait leur d\u00e9placement.*<\/p>\n<p>*L&rsquo;histoire nous donne des le\u00e7ons sur la fa\u00e7on de faire face \u00e0 la mont\u00e9e actuelle de l&rsquo;antitsiganisme dans certains pays. Le discours de certains responsables politiques et des m\u00e9dias x\u00e9nophobes ravive les st\u00e9r\u00e9otypes s\u00e9culaires au sujet des Roms, ce qui, \u00e0 son tour, \u00ab l\u00e9gitime \u00bb les actions, souvent violentes, men\u00e9es contre des personnes roms. Une nouvelle fois, on en fait des boucs \u00e9missaires.<\/p>\n<p>Le discours d&rsquo;aujourd&rsquo;hui contre les Roms est tout \u00e0 fait semblable \u00e0 celui qu&#8217;employaient les nazis et les fascistes avant que ne commence l&rsquo;extermination de masse dans les ann\u00e9es 1930 et 1940. On pr\u00e9tend \u00e0 nouveau que les Roms sont une menace pour la s\u00e9curit\u00e9 et la sant\u00e9 publique. Aucune distinction n&rsquo;est faite entre une poign\u00e9e de d\u00e9linquants et la majorit\u00e9 \u00e9crasante de la population rom. C&rsquo;est une attitude honteuse et dangereuse.<\/p>\n<p>**\/Thomas Hammarberg\/*<\/p>\n","protected":false},"excerpt":{"rendered":"<p>Cette  analyse impressionante du Conseil de l&rsquo;Europe sur le devoir de m\u00e9moire m\u00e9riterait d&rsquo;\u00eatre largement diffus\u00e9e . h\u00e9las les   informations qui nous parviennent de toute l&rsquo;Europe montre que  l&rsquo;oubli et le n\u00e9gationisme  sont plus que jamis \u00e0 l&rsquo;ordre du jour. <\/p>\n","protected":false},"author":1,"featured_media":0,"comment_status":"closed","ping_status":"closed","sticky":false,"template":"","format":"standard","meta":{"footnotes":""},"categories":[7,8],"tags":[51,58],"class_list":["post-563","post","type-post","status-publish","format-standard","hentry","category-diaspora","category-discriminations-racisme","tag-discriminations","tag-europe"],"_links":{"self":[{"href":"https:\/\/archives.rencontrestsiganes.org\/index.php\/wp-json\/wp\/v2\/posts\/563","targetHints":{"allow":["GET"]}}],"collection":[{"href":"https:\/\/archives.rencontrestsiganes.org\/index.php\/wp-json\/wp\/v2\/posts"}],"about":[{"href":"https:\/\/archives.rencontrestsiganes.org\/index.php\/wp-json\/wp\/v2\/types\/post"}],"author":[{"embeddable":true,"href":"https:\/\/archives.rencontrestsiganes.org\/index.php\/wp-json\/wp\/v2\/users\/1"}],"replies":[{"embeddable":true,"href":"https:\/\/archives.rencontrestsiganes.org\/index.php\/wp-json\/wp\/v2\/comments?post=563"}],"version-history":[{"count":0,"href":"https:\/\/archives.rencontrestsiganes.org\/index.php\/wp-json\/wp\/v2\/posts\/563\/revisions"}],"wp:attachment":[{"href":"https:\/\/archives.rencontrestsiganes.org\/index.php\/wp-json\/wp\/v2\/media?parent=563"}],"wp:term":[{"taxonomy":"category","embeddable":true,"href":"https:\/\/archives.rencontrestsiganes.org\/index.php\/wp-json\/wp\/v2\/categories?post=563"},{"taxonomy":"post_tag","embeddable":true,"href":"https:\/\/archives.rencontrestsiganes.org\/index.php\/wp-json\/wp\/v2\/tags?post=563"}],"curies":[{"name":"wp","href":"https:\/\/api.w.org\/{rel}","templated":true}]}}