{"id":559,"date":"2008-08-05T17:05:06","date_gmt":"2008-08-05T16:05:06","guid":{"rendered":"http:\/\/rt.boullier.fr\/?p=559"},"modified":"2008-08-05T17:05:06","modified_gmt":"2008-08-05T16:05:06","slug":"art559","status":"publish","type":"post","link":"https:\/\/archives.rencontrestsiganes.org\/index.php\/2008\/08\/05\/art559\/","title":{"rendered":"Des familles menac\u00e9es d&rsquo;expulsion \u00e0 Aix-en-Provence"},"content":{"rendered":"<p>Voila  trois ans qu&rsquo;un collectif d&rsquo;associations s&rsquo;efforce de r\u00e9pondre aux urgences de ces familles avec de tr\u00e8s nombreux enfants d\u00e9munies de tout et qui campent sur le plateau du R\u00e9altor \u00e0 quinze Km du centre ville  d&rsquo;Aix. Apr\u00e8s diverses menaces, la mairie a engag\u00e9 aupr\u00e8s du TGI une proc\u00e9dure d&rsquo;expulsion du terrain, pr\u00e9textant le risque d&rsquo;incendie. Gr\u00e2ce \u00e0 une forte mobilisation associative et la pr\u00e9sence d&rsquo;une avocate comp\u00e9tente, le tribunal a  report\u00e9  le jugement au 2 septembre. La mobilisation associative sera plus que jamais n\u00e9cessaire pour faire valoir au moins un point de vue humanitaire.<\/p>\n<p>\t\t\t\t\t\tAix-en-Provence, le 23 juillet 2008<\/p>\n<p>{{ {{{Objet : Position du Secours Catholique \u00e0 propos de la menace d&#8217;expulsion des ROM de l&#8217;Arbois}}} }}<\/p>\n<p>\tEn partenariat avec les associations pr\u00e9sentes aupr\u00e8s de Roms de l&#8217;Arbois :<br \/>\n\tASTI<br \/>\n\tAssociation Jeunes Errants<br \/>\n\tCroix Rouge &#8211; Cabri\u00e8s<br \/>\n\tLigue des droits de l&#8217;homme<br \/>\n\tM\u00e9decins du Monde<br \/>\n\tMRAP- Vitrolles<br \/>\n\tRencontres Tziganes<br \/>\n\tPastorale des Migrants<br \/>\n\tSecours Populaire Fran\u00e7ais <\/p>\n<p>{{ {{{<br \/>\n\u00c7a nous d\u00e9range&#8230;}}} }}<\/p>\n<p>   Il est question d&#8217;expulser les 7 familles Rom qui occupent  un terrain \u00e0 l&#8217;\u00e9cart, sur le plateau de l&#8217;Arbois. 7 familles, c&#8217;est presque comme dans le jeu ; dans le d\u00e9tail, \u00e7a fait 20 adultes, dont 5 grands-parents, 33 enfants dont 2 nourrissons.<br \/>\nSauf que \u00e7a n&#8217;a rien d&#8217;un jeu.<br \/>\nPour les voir, il faut vraiment faire le d\u00e9tour. Ces familles ont fui la Serbie en raison des pers\u00e9cutions et des discriminations (dans l&rsquo;acc\u00e8s \u00e0 l&#8217;emploi, au logement et \u00e0 l&rsquo;\u00e9ducation) dont ils ont \u00e9t\u00e9 victimes \u00e0 r\u00e9p\u00e9tition du fait de leur origine Rom.<br \/>\nCes sept familles vivent aujourd&rsquo;hui sur un terrain vague &#8211; par d\u00e9finition non viabilis\u00e9-, dans de vieilles caravanes et des cabanes construites de bric et de broc aux allures de bidonville. Les conditions d&#8217;hygi\u00e8ne (absence d&#8217;eau chaude, d&rsquo;\u00e9lectricit\u00e9 et de commodit\u00e9s,  ramassage des ordures arbitraire) et  de s\u00e9curit\u00e9 (chauffages dangereux) sont d\u00e9plorables, sans parler du probl\u00e8me de l&#8217;\u00e9ducation des enfants.<\/p>\n<p>Question : ces personnes qui occupent ill\u00e9galement ce terrain<br \/>\n                 ont-elles l\u00e9galement le droit de vivre ? <\/p>\n<p>Depuis deux ans,  nous avons pu mettre en place une aide alimentaire cons\u00e9quente, des soins r\u00e9guliers et un suivi s\u00e9rieux de la sant\u00e9, gr\u00e2ce \u00e0  la PMI qui intervient d\u00e9j\u00e0 aupr\u00e8s des gens du voyage (dont le terrain est voisin), gr\u00e2ce aussi \u00e0 M\u00e9decins du monde qui assure un certain suivi des adultes. Toute l&#8217;ann\u00e9e, il y eut aussi de l&#8217;accompagnement scolaire, une animation pour les enfants le mercredi, des rencontres avec les femmes pour les aider \u00e0 se prendre  en charge et \u00e0 \u00eatre plus solidaires entre elles&#8230;<br \/>\nFin juin, apr\u00e8s moult d\u00e9marches et beaucoup de pers\u00e9v\u00e9rance la scolarisation de tous les enfants en \u00e2ge de l&#8217;\u00eatre sera effective \u00e0 la rentr\u00e9e.<br \/>\nUn projet \u00e9ducatif est actuellement en train de voir le jour avec un triple objectif : occuper les enfants durant les longues vacances ou les autres plus courtes (= frein \u00e0 la violence et \u00e0 la d\u00e9linquance), permettre \u00e0 ces enfants de s&#8217;approprier leur identit\u00e9 culturelle et  valoriser leur image aupr\u00e8s de leurs camarades d&#8217;\u00e9cole. Voir le projet en annexe. Et ce sont toutes les associations partenaires qui se sont f\u00e9d\u00e9r\u00e9es pour trouver un financement \u00e0 ce projet.<br \/>\n         Si tout cela est ignor\u00e9, et tombe \u00e0 l&rsquo;eau, la situation sera-t-elle meilleure ? Est-il admissible de laisser penser que la population aixoise abandonne les valeurs r\u00e9publicaines et humanistes ? Qui peut admettre qu&#8217;Aix ne puisse plus supporter les personnes en d\u00e9tresse et qu&#8217;il lui est pr\u00e9f\u00e9rable de les repousser le plus loin possible vers la p\u00e9riph\u00e9rie, ou de les expulser ? Ces Rom vivent \u00e0 15 km du centre ville entre refuge de chiens et d\u00e9charge des ordures&#8230;<br \/>\nAlors bien s\u00fbr, \u00ab ces familles n&#8217;ont rien \u00e0 faire l\u00e0 \u00bb et \u00ab c&#8217;est pas \u00e0 nous de porter la mis\u00e8re des autres \u00bb et \u00ab si on commence, on s&#8217;arr\u00eate o\u00f9 ? \u00bb et &#8230; tout ce que chacun a dans les oreilles lorsqu&#8217;il s&#8217;agit  de se soustraire en toute bonne conscience \u00e0 un devoir d&#8217;humanit\u00e9&#8230; sont entendues ici et l\u00e0, souvent de fa\u00e7on impersonnelle.<br \/>\nEn attendant, ces familles sont l\u00e0, qui ne sont ni des taupes ou des moustiques ou quel qu&#8217;autre nuisible. Des m\u00e8res gal\u00e8rent, deux b\u00e9b\u00e9s ont sans doute d\u00e9j\u00e0 per\u00e7u que leur vie d\u00e9pendra surtout de la rage qu&#8217;ils auront \u00e0 la mener, des enfants grandissent comme ils peuvent, apprenant des r\u00e8gles de (sur)vie peu recommandables souvent.<br \/>\n Ce n&#8217;est m\u00eame pas de droits de l&#8217;homme dont il s&#8217;agit ici, mais plus fondamentalement et plus simplement d&#8217;humanit\u00e9.<br \/>\nPour le Secours Catholique, notre dignit\u00e9 d\u00e9pend de celle que nous reconnaissons \u00e0 tout \u00eatre humain, quelle que soit sa situation, et aussi de la fa\u00e7on dont nous agissons \u00e0 ce propos.<br \/>\nLe Secours Catholique consid\u00e8re qu&#8217;une expulsion constitue une r\u00e9ponse inefficace en termes d&#8217;humanit\u00e9, d&#8217;\u00e9ducation, ou d&#8217;ordre public. Cela ne fait que d\u00e9placer le probl\u00e8me et faire r\u00e9gresser les d\u00e9marches constructives engag\u00e9es.<br \/>\nLe Secours catholique, en lien avec les associations partenaires cit\u00e9es, consid\u00e8re que la dignit\u00e9 de ces personnes, d\u00e9j\u00e0  malmen\u00e9e est gravement menac\u00e9e en cas d&#8217;expulsion.<br \/>\nNous invitons la municipalit\u00e9 \u00e0 chercher d&#8217;autres solutions. Nous sommes dispos\u00e9s \u00e0 y contribuer pour notre part. Des r\u00e9ponses existent d\u00e9j\u00e0. D&#8217;autres sont \u00e0 inventer. Nous sommes convaincus qu&#8217;ensemble, nous serons plus efficaces.<\/p>\n<p>Christian GOURGOUILHON, \t\tH\u00e9l\u00e8ne MAYER,<br \/>\nDirecteur dioc\u00e9sain\t\t\tResponsable charg\u00e9e de mission \u00ab ROM \u00bb<\/p>\n","protected":false},"excerpt":{"rendered":"<p>Une nouvelle fois la mairie d&rsquo;Aix s&rsquo;attaque aux quelques familles de r\u00e9fugi\u00e9s yougoslaves qui  survivent dans la mis\u00e8re  \u00e0 proximit\u00e9 de la gare TGV  <\/p>\n","protected":false},"author":1,"featured_media":0,"comment_status":"closed","ping_status":"closed","sticky":false,"template":"","format":"standard","meta":{"footnotes":""},"categories":[14,18],"tags":[60],"class_list":["post-559","post","type-post","status-publish","format-standard","hentry","category-habitat-subi","category-migrants-roms","tag-expulsions"],"_links":{"self":[{"href":"https:\/\/archives.rencontrestsiganes.org\/index.php\/wp-json\/wp\/v2\/posts\/559","targetHints":{"allow":["GET"]}}],"collection":[{"href":"https:\/\/archives.rencontrestsiganes.org\/index.php\/wp-json\/wp\/v2\/posts"}],"about":[{"href":"https:\/\/archives.rencontrestsiganes.org\/index.php\/wp-json\/wp\/v2\/types\/post"}],"author":[{"embeddable":true,"href":"https:\/\/archives.rencontrestsiganes.org\/index.php\/wp-json\/wp\/v2\/users\/1"}],"replies":[{"embeddable":true,"href":"https:\/\/archives.rencontrestsiganes.org\/index.php\/wp-json\/wp\/v2\/comments?post=559"}],"version-history":[{"count":0,"href":"https:\/\/archives.rencontrestsiganes.org\/index.php\/wp-json\/wp\/v2\/posts\/559\/revisions"}],"wp:attachment":[{"href":"https:\/\/archives.rencontrestsiganes.org\/index.php\/wp-json\/wp\/v2\/media?parent=559"}],"wp:term":[{"taxonomy":"category","embeddable":true,"href":"https:\/\/archives.rencontrestsiganes.org\/index.php\/wp-json\/wp\/v2\/categories?post=559"},{"taxonomy":"post_tag","embeddable":true,"href":"https:\/\/archives.rencontrestsiganes.org\/index.php\/wp-json\/wp\/v2\/tags?post=559"}],"curies":[{"name":"wp","href":"https:\/\/api.w.org\/{rel}","templated":true}]}}