{"id":548,"date":"2008-06-27T11:22:27","date_gmt":"2008-06-27T10:22:27","guid":{"rendered":"http:\/\/rt.boullier.fr\/?p=548"},"modified":"2008-06-27T11:22:27","modified_gmt":"2008-06-27T10:22:27","slug":"art548","status":"publish","type":"post","link":"https:\/\/archives.rencontrestsiganes.org\/index.php\/2008\/06\/27\/art548\/","title":{"rendered":"LA FOLLE RUMEUR"},"content":{"rendered":"<p>M\u00e9decins du Monde, Fondation Abb\u00e9 Pierre,  Ligue des Droits de l&#8217;Homme,, MRAP, CIMADE , ANGVC(Association Nationale des Gens du Voyage Catholique),<br \/>\nRencontres Tsiganes  <\/p>\n<p>{{{COMMUNIQUE}}}<\/p>\n<p>{{ {{{La FOLLE RUMEUR .}}} }}<\/p>\n<p>Des tr\u00e8s graves incidents sont survenus samedi 22 juin dans le quartier de la Bricarde \u00e0 Marseille. Un groupe de jeunes s&#8217;en est pris \u00e0 trois Roms Roumains en les mena\u00e7ant de mort. S\u00e9rieusement agress\u00e9s, ils ont d\u00fb se r\u00e9fugier dans un bar et seule l&#8217;intervention massive des forces de l&#8217;ordre a permis d&#8217;\u00e9viter le pire. La justice devra tenter de mettre en lumi\u00e8re les raisons d&#8217;une telle violence et d\u00e9finir les responsabilit\u00e9s des uns et des autres. <\/p>\n<p>Pour nos associations, cet  \u00e9v\u00e9nement n&#8217;est pas d\u00fb au hasard ou le r\u00e9sultat regrettable d&#8217;une banale altercation qui aurait mal tourn\u00e9. Voil\u00e0 en effet de nombreux mois sinon des ann\u00e9es que nous alertons sans r\u00e9sultat les pouvoir publics sur les conditions particuli\u00e8rement mis\u00e9rables dans lesquelles les familles de Roms \u00e9trangers survivent \u00e0 Marseille et dans le d\u00e9partement. Les op\u00e9rations d&#8217;expulsions des diff\u00e9rents terrains ou squats qu&#8217;ils occupent tour \u00e0 tour dans la ville ne font que repousser le probl\u00e8me de leur h\u00e9bergement et exasp\u00e9rer la population environnante. C&#8217;est en effet dans les quartiers d\u00e9j\u00e0 largement paup\u00e9ris\u00e9s de la cit\u00e9 que ces familles trouvent un refuge provisoire en attendant la prochaine expulsion. Leur mode de vie, leur culture, leur langue, leur histoire de perp\u00e9tuels rejet\u00e9s, rendent leurs relations avec le voisinage particuli\u00e8rement difficiles. <\/p>\n<p>Voil\u00e0 de nombreux mois que  nous avons pu constater la mont\u00e9e des tensions fr\u00e9quemment entretenues par certains individus et parfois r\u00e9percut\u00e9es par les m\u00e9dias de mani\u00e8re parfois inconsid\u00e9r\u00e9e. Ce n&#8217;est que tout r\u00e9cemment que les \u00e9lus de la ville de Marseille et les  repr\u00e9sentants de l&#8217;Etat ont bien voulu prendre en compte notre inqui\u00e9tude et envisager  quelques actions d&#8217;urgence. Nous craignons que ces projets ne soient bien tardifs et pas \u00e0 la mesure du danger, comme le manifeste la rumeur odieuse qui a travers\u00e9 la ville, il y a quelques jours et qui mettait directement en cause les Roms Roumains. On rappellera que ces personnes sont des citoyens europ\u00e9ens et qu&#8217;ils ont, comme chacun de nous, le droit d&#8217;aller et de venir, mais aussi de subvenir aux besoins de leurs familles. Sans m\u00e9conna\u00eetre les difficult\u00e9s de leur insertion dans notre soci\u00e9t\u00e9 d\u00e9velopp\u00e9e, nous devons rappeler les directives et les recommandations des instances europ\u00e9ennes qui \u00ab condamnent la longue histoire des discriminations et des pers\u00e9cutions v\u00e9cues par les Roms et s&#8217;inqui\u00e8tent que la population rom soit confront\u00e9e \u00e0 des obstacles consid\u00e9rables dans la jouissance de ses droits fondamentaux \u00bb <\/p>\n<p>Une fois de plus, nous interpellons avec gravit\u00e9 tous les responsables politiques, les  repr\u00e9sentants locaux de l&#8217;Etat mais aussi les militants associatifs. Marseille ne doit pas devenir, comme Rome, la ville o\u00f9 la chasse aux Roms Roumains est ouverte, avec toutes les cons\u00e9quences  dramatiques que cette haine peut engendrer. <\/p>\n<p>-Le gouvernement doit, sans d\u00e9lai, prendre les mesures de protection des familles Roms pour qu&#8217;elles ne soient pas victimes d&#8217;une flamb\u00e9e de violence incontr\u00f4lable. <\/p>\n<p>-Le gouvernement doit acc\u00e9l\u00e9rer les moyens \u00e0 mettre en &#339;uvre pour leurs proposer des conditions de vie d\u00e9centes en mati\u00e8re d&#8217;hygi\u00e8ne et  de sant\u00e9. <\/p>\n<p>-Conform\u00e9ment \u00e0 la loi, la justice doit \u00eatre saisie et condamner avec la plus grande fermet\u00e9, tout propos et attitudes discriminatoires ou racistes qui touchent les Roms pr\u00e9sents sur notre territoire. <\/p>\n<p>Marseille le 26 juin 2008<br \/>\nContact rencontrestsiganes@wanadoo.fr t\u00e9l 04 91 31 31 27<\/p>\n","protected":false},"excerpt":{"rendered":"<p>Marseille est \u00e0 nouveau  en proie \u00e0 ses vieux d\u00e9mons: peurs, x\u00e9nophobie,  racisme ordinaire etc&#8230;  On notera le grand silence des autorit\u00e9s politiques, civiles et religieuses locales.  <\/p>\n","protected":false},"author":1,"featured_media":0,"comment_status":"closed","ping_status":"closed","sticky":false,"template":"","format":"standard","meta":{"footnotes":""},"categories":[8],"tags":[],"class_list":["post-548","post","type-post","status-publish","format-standard","hentry","category-discriminations-racisme"],"_links":{"self":[{"href":"https:\/\/archives.rencontrestsiganes.org\/index.php\/wp-json\/wp\/v2\/posts\/548","targetHints":{"allow":["GET"]}}],"collection":[{"href":"https:\/\/archives.rencontrestsiganes.org\/index.php\/wp-json\/wp\/v2\/posts"}],"about":[{"href":"https:\/\/archives.rencontrestsiganes.org\/index.php\/wp-json\/wp\/v2\/types\/post"}],"author":[{"embeddable":true,"href":"https:\/\/archives.rencontrestsiganes.org\/index.php\/wp-json\/wp\/v2\/users\/1"}],"replies":[{"embeddable":true,"href":"https:\/\/archives.rencontrestsiganes.org\/index.php\/wp-json\/wp\/v2\/comments?post=548"}],"version-history":[{"count":0,"href":"https:\/\/archives.rencontrestsiganes.org\/index.php\/wp-json\/wp\/v2\/posts\/548\/revisions"}],"wp:attachment":[{"href":"https:\/\/archives.rencontrestsiganes.org\/index.php\/wp-json\/wp\/v2\/media?parent=548"}],"wp:term":[{"taxonomy":"category","embeddable":true,"href":"https:\/\/archives.rencontrestsiganes.org\/index.php\/wp-json\/wp\/v2\/categories?post=548"},{"taxonomy":"post_tag","embeddable":true,"href":"https:\/\/archives.rencontrestsiganes.org\/index.php\/wp-json\/wp\/v2\/tags?post=548"}],"curies":[{"name":"wp","href":"https:\/\/api.w.org\/{rel}","templated":true}]}}