{"id":542,"date":"2008-06-05T10:51:03","date_gmt":"2008-06-05T09:51:03","guid":{"rendered":"http:\/\/rt.boullier.fr\/?p=542"},"modified":"2008-06-05T10:51:03","modified_gmt":"2008-06-05T09:51:03","slug":"art542","status":"publish","type":"post","link":"https:\/\/archives.rencontrestsiganes.org\/index.php\/2008\/06\/05\/art542\/","title":{"rendered":"Des panneaux d&rsquo;interdiction ill\u00e9gaux"},"content":{"rendered":"<p>{{Un exemple \u00e0 suivre}}<\/p>\n<p>Juin 2008<br \/>\n{{ {{{Des panneaux interdisant l&rsquo;acc\u00e8s aux gens du voyage \u00e0 une commune de la Loire enlev\u00e9s apr\u00e8s une intervention de la pr\u00e9fecture}}} }}<\/p>\n<p>\u00abInterdit aux gens du voyage\u00bb. C&rsquo;est ce qu&rsquo;indiquait un panneau \u00e0 l&rsquo;entr\u00e9e de la commune de St Martin la Plaine. Interrog\u00e9 par le site forez-info.com, le maire de la commune, Christian Fayolle, a indiqu\u00e9 qu&rsquo;un arr\u00eat\u00e9 municipal en date du 14 septembre 2007 interdisait d\u00e9finitivement le stationnement des caravanes sur l&rsquo;ensemble de la commune. \u00abUn arr\u00eat\u00e9 municipal tout \u00e0 fait l\u00e9gal\u00bb, pr\u00e9cise le maire qui reconna\u00eet par ailleurs \u00abla maladresse\u00bb de ce panneau visant la libre circulation des gens du voyage.<br \/>\n\u00abLes panneaux seront d\u00e9mont\u00e9s d\u00e8s cet apr\u00e8s-midi (30 mai, ndlr) et une autre signal\u00e9tique aux normes, sans ambiguit\u00e9, sera mise en place\u00bb, a ajout\u00e9 le maire de la petite commune.<br \/>\nCe panneau \u00e9tait en place depuis d\u00e9cembre 2007 ou janvier 2008.<br \/>\nApr\u00e8s l&rsquo;annonce du d\u00e9p\u00f4t d&rsquo;une plainte par SOS Racisme, la pr\u00e9fecture de la Loire a annonc\u00e9 vendredi soir l&rsquo;enl\u00e8vement en cours de panneaux interdisant l&rsquo;acc\u00e8s aux gens du voyage, situ\u00e9s \u00e0 l&rsquo;entr\u00e9e de la commune de Saint-Martin-la-Plaine (Loire).<br \/>\nLa pr\u00e9fecture indique que \u00abl&rsquo;\u00e9lu a d\u00e9cid\u00e9 de faire proc\u00e9der \u00e0 l&rsquo;enl\u00e8vement en cette fin d&rsquo;apr\u00e8s-midi des panneaux en cause\u00bb, ajoutant que cette signalisation avait un caract\u00e8re \u00abinacceptable\u00bb.<br \/>\nSOS Racisme avait annonc\u00e9 vendredi avoir d\u00e9pos\u00e9 la veille une plaine contre X \u00e0 Saint-Etienne pour discrimination concernant ces panneaux de signalisation routi\u00e8re. Les six panneaux rond d&rsquo;interdiction fix\u00e9s sous celui du nom de la commune, portaient sur fond rouge l&rsquo;inscription \u00abinterdit aux gens du voyage\u00bb.<br \/>\nEncore visibles vendredi, ils avaient, semble-t-il, \u00e9t\u00e9 install\u00e9s en d\u00e9cembre dernier \u00e0 la suite d&rsquo;un arr\u00eat\u00e9 municipal de septembre 2007 interdisant le stationnement des gens du voyage sur la commune, apr\u00e8s la fermeture d&rsquo;une aire qui leur \u00e9tait r\u00e9serv\u00e9e.<\/p>\n","protected":false},"excerpt":{"rendered":"<p> Dans la Loire, la vigilance de  militants de SOS Racisme  a permis la suppression de panneaux d&rsquo;interdictions  scandaleux. <\/p>\n","protected":false},"author":1,"featured_media":0,"comment_status":"closed","ping_status":"closed","sticky":false,"template":"","format":"standard","meta":{"footnotes":""},"categories":[8],"tags":[],"class_list":["post-542","post","type-post","status-publish","format-standard","hentry","category-discriminations-racisme"],"_links":{"self":[{"href":"https:\/\/archives.rencontrestsiganes.org\/index.php\/wp-json\/wp\/v2\/posts\/542","targetHints":{"allow":["GET"]}}],"collection":[{"href":"https:\/\/archives.rencontrestsiganes.org\/index.php\/wp-json\/wp\/v2\/posts"}],"about":[{"href":"https:\/\/archives.rencontrestsiganes.org\/index.php\/wp-json\/wp\/v2\/types\/post"}],"author":[{"embeddable":true,"href":"https:\/\/archives.rencontrestsiganes.org\/index.php\/wp-json\/wp\/v2\/users\/1"}],"replies":[{"embeddable":true,"href":"https:\/\/archives.rencontrestsiganes.org\/index.php\/wp-json\/wp\/v2\/comments?post=542"}],"version-history":[{"count":0,"href":"https:\/\/archives.rencontrestsiganes.org\/index.php\/wp-json\/wp\/v2\/posts\/542\/revisions"}],"wp:attachment":[{"href":"https:\/\/archives.rencontrestsiganes.org\/index.php\/wp-json\/wp\/v2\/media?parent=542"}],"wp:term":[{"taxonomy":"category","embeddable":true,"href":"https:\/\/archives.rencontrestsiganes.org\/index.php\/wp-json\/wp\/v2\/categories?post=542"},{"taxonomy":"post_tag","embeddable":true,"href":"https:\/\/archives.rencontrestsiganes.org\/index.php\/wp-json\/wp\/v2\/tags?post=542"}],"curies":[{"name":"wp","href":"https:\/\/api.w.org\/{rel}","templated":true}]}}