{"id":528,"date":"2008-04-30T18:47:57","date_gmt":"2008-04-30T18:47:57","guid":{"rendered":"http:\/\/rt.boullier.fr\/?p=528"},"modified":"2008-04-30T18:47:57","modified_gmt":"2008-04-30T18:47:57","slug":"art528","status":"publish","type":"post","link":"https:\/\/archives.rencontrestsiganes.org\/index.php\/2008\/04\/30\/art528\/","title":{"rendered":"Un collectif d&rsquo;associations vivement attendu"},"content":{"rendered":"<p>Un collectif national d&rsquo;associations tsiganes voit le jour pour peser sur les nouvelles \u00e9quipes municipales.<\/p>\n<p>Gazette des communes 31\/03\/2008<br \/>\nAlors que la Commission nationale consultative des gens du voyage se r\u00e9unit le 1er avril, 21 associations dirig\u00e9es par des Tsiganes ont cr\u00e9\u00e9, le 29 mars \u00e0 Clermont-Ferrand, un collectif national. Celui-ci regroupe des associations et des mouvements de communaut\u00e9s gitanes, roms, manouches, y\u00e9nishes et sinti implant\u00e9es dans les villes, ainsi que des mouvements de commer\u00e7ants nomades agissant jusqu\u2019alors en ordre dispers\u00e9. \u00abPour la premi\u00e8re fois, toutes les ethnies se retrouvent pour se prendre en main. Nous ne voulons plus \u00eatre d\u00e9pendants des associations sp\u00e9cialis\u00e9es qui, jusqu\u2019alors parlaient en notre nom\u00bb, explique Eug\u00e8ne Daumas, coordinateur du collectif.<\/p>\n<p>Apr\u00e8s un hiver o\u00f9 les familles isol\u00e9es ont rencontr\u00e9 des difficult\u00e9s pour trouver des stationnements, les associations tsiganes tiennent \u00e0 ce que les nouvelles \u00e9quipes municipales se saisissent des questions les concernant d\u00e8s le d\u00e9but de leur mandat. La pr\u00e9sence \u00e0 cette r\u00e9union fondatrice du pasteur \u00e9vang\u00e9lique Jos\u00e8phe Charpentier, pr\u00e9sident de SOS Gens du voyage, prouve que les divisions religieuses s\u2019estompent. \u00abNous sommes solidaires de ce collectif, qui repr\u00e9sente une tr\u00e8s bonne initiative\u00bb, d\u00e9clare t-il, pr\u00e9cisant qu\u2019il n\u2019\u00e9tait pas mandat\u00e9 ce jour-l\u00e0 pour engager l\u2019ensemble du mouvement \u00e9vang\u00e9lique. Celui-ci, qui repr\u00e9sente 120.000 membres, ne tiendra sa convention de printemps qu\u2019\u00e0 la fin du mois d\u2019avril.<\/p>\n","protected":false},"excerpt":{"rendered":"<p>Ce collectif repr\u00e9sente une avanc\u00e9e importante  pour faire valoir,  aupr\u00e8s des pouvoirs publics, la voix des tsiganes  \u00e0 travers leur diversit\u00e9. Nous ne pouvons que souhaiter la r\u00e9ussite de cette initiative \u00e0 laquelle nous apportons notre  soutien.       <\/p>\n","protected":false},"author":1,"featured_media":0,"comment_status":"closed","ping_status":"closed","sticky":false,"template":"","format":"standard","meta":{"footnotes":""},"categories":[11],"tags":[],"class_list":["post-528","post","type-post","status-publish","format-standard","hentry","category-gens-du-voyage"],"_links":{"self":[{"href":"https:\/\/archives.rencontrestsiganes.org\/index.php\/wp-json\/wp\/v2\/posts\/528","targetHints":{"allow":["GET"]}}],"collection":[{"href":"https:\/\/archives.rencontrestsiganes.org\/index.php\/wp-json\/wp\/v2\/posts"}],"about":[{"href":"https:\/\/archives.rencontrestsiganes.org\/index.php\/wp-json\/wp\/v2\/types\/post"}],"author":[{"embeddable":true,"href":"https:\/\/archives.rencontrestsiganes.org\/index.php\/wp-json\/wp\/v2\/users\/1"}],"replies":[{"embeddable":true,"href":"https:\/\/archives.rencontrestsiganes.org\/index.php\/wp-json\/wp\/v2\/comments?post=528"}],"version-history":[{"count":0,"href":"https:\/\/archives.rencontrestsiganes.org\/index.php\/wp-json\/wp\/v2\/posts\/528\/revisions"}],"wp:attachment":[{"href":"https:\/\/archives.rencontrestsiganes.org\/index.php\/wp-json\/wp\/v2\/media?parent=528"}],"wp:term":[{"taxonomy":"category","embeddable":true,"href":"https:\/\/archives.rencontrestsiganes.org\/index.php\/wp-json\/wp\/v2\/categories?post=528"},{"taxonomy":"post_tag","embeddable":true,"href":"https:\/\/archives.rencontrestsiganes.org\/index.php\/wp-json\/wp\/v2\/tags?post=528"}],"curies":[{"name":"wp","href":"https:\/\/api.w.org\/{rel}","templated":true}]}}