{"id":493,"date":"2008-02-04T19:01:13","date_gmt":"2008-02-04T18:01:13","guid":{"rendered":"http:\/\/rt.boullier.fr\/?p=493"},"modified":"2008-02-04T19:01:13","modified_gmt":"2008-02-04T18:01:13","slug":"art493","status":"publish","type":"post","link":"https:\/\/archives.rencontrestsiganes.org\/index.php\/2008\/02\/04\/art493\/","title":{"rendered":"De la discrimination au racisme"},"content":{"rendered":"<p>{{DE LA DISCRIMNATION AU RACISME}}<\/p>\n<p>Plusieurs informations parues dans la presse r\u00e9gionale ces derniers jours  d\u00e9montrent que la fronti\u00e8re entre ces deux comportements condamnables rel\u00e8ve d&#8217;une pr\u00e9caution proche de l&#8217;hypocrisie. Prendre pr\u00e9texte de fautes ou de pr\u00e9somption de faute commises par une personne pour stigmatiser et ainsi d\u00e9signer \u00e0 la vindicte populaire toute une communaut\u00e9, en bon fran\u00e7ais cela s&#8217;appelle du racisme et doit \u00eatre d\u00e9nonc\u00e9 comme tel.  Les mauvais  r\u00e9flexes des journalistes, de la police et avec eux d&#8217;une partie de l&#8217;opinion  ont la vie dure. <\/p>\n<p>A  Aix-en-Provence trois, individus ont \u00e9t\u00e9 arr\u00eat\u00e9s pour vol \u00e0 la roulotte dans le quartier des Milles, (ils appartiennent \u00e0 la communaut\u00e9 des gens du voyage dit la presse) Comment pensez vous que r\u00e9agissent les dizaines de familles qui s\u00e9journent en caravanes l\u00e9galement sur les terrains dont ils sont propri\u00e9taires justement aux Milles ? <\/p>\n<p>A Draguignan, le tribunal inflige une peine de prison avec sursit pour vol de m\u00e9taux \u00e0 des personnes d\u00e9sign\u00e9es comme tsiganes nous rapporte l&#8217;AFP. Enfin dans son bulletin de campagne pour les \u00e9lections municipales dans la commune d&#8217;Aubagne  la candidate UMP se permet d&#8217;\u00e9crire les horreurs qui suivent \u00e0 propos du tourisme \u00e0 Aubagne : \u00ab le laisser aller g\u00e9n\u00e9ral, les rats, les SDF, les gitans sur les bords de l&#8217;Huveaune  ne sont pas, on les comprend, du go\u00fbt des tour-op\u00e9rateurs \u00bb<\/p>\n<p>Encore \u00e0 Aix, un groupe de 15 caravanes, faute de place sur le terrain d&#8217;accueil, stationnent pour 48 heures sur un parking municipal (Ils ont le droit, c&#8217;est la loi) Les policiers municipaux exigent leur d\u00e9part imm\u00e9diat avant le d\u00e9lai l\u00e9gal et leur mettent des proc\u00e8s-verbaux en pr\u00e9textant qu&#8217;ils n&#8217;ont pas not\u00e9 leur  heure d&#8217;arriv\u00e9e. <\/p>\n<p>Comme on le verra dans les coupures de presse, \u00e0 Cannes comme \u00e0 Hy\u00e8res, et  s\u00fbrement dans bien d&#8217;autres communes de la R\u00e9gion, c&#8217;est toujours le m\u00eame rejet de la part des communes  d\u00e9s qu&#8217;une ou plusieurs caravanes tentent de s&#8217;arr\u00eater. On nous dira que ce racisme ordinaire n&#8217;est pas nouveau. Ce n&#8217;est pas une raison pour rester inactif . Chacun, \u00e0 sa mani\u00e8re, doit d\u00e9noncer de tels comportements qui mettent en cause les valeurs fondamentales de notre soci\u00e9t\u00e9.<\/p>\n<p>Alain FOUREST f\u00e9vrier 2008 <\/p>\n","protected":false},"excerpt":{"rendered":"<p>{{DE LA DISCRIMNATION AU RACISME}} Plusieurs informations parues dans la presse r\u00e9gionale ces derniers jours d\u00e9montrent que la fronti\u00e8re entre ces deux comportements condamnables rel\u00e8ve d&#8217;une pr\u00e9caution proche de l&#8217;hypocrisie. Prendre pr\u00e9texte de fautes ou de pr\u00e9somption de faute commises par une personne pour stigmatiser et ainsi d\u00e9signer \u00e0 la vindicte populaire toute une communaut\u00e9, [&hellip;]<\/p>\n","protected":false},"author":1,"featured_media":0,"comment_status":"closed","ping_status":"closed","sticky":false,"template":"","format":"standard","meta":{"footnotes":""},"categories":[9,16],"tags":[],"class_list":["post-493","post","type-post","status-publish","format-standard","hentry","category-editos","category-rub82"],"_links":{"self":[{"href":"https:\/\/archives.rencontrestsiganes.org\/index.php\/wp-json\/wp\/v2\/posts\/493","targetHints":{"allow":["GET"]}}],"collection":[{"href":"https:\/\/archives.rencontrestsiganes.org\/index.php\/wp-json\/wp\/v2\/posts"}],"about":[{"href":"https:\/\/archives.rencontrestsiganes.org\/index.php\/wp-json\/wp\/v2\/types\/post"}],"author":[{"embeddable":true,"href":"https:\/\/archives.rencontrestsiganes.org\/index.php\/wp-json\/wp\/v2\/users\/1"}],"replies":[{"embeddable":true,"href":"https:\/\/archives.rencontrestsiganes.org\/index.php\/wp-json\/wp\/v2\/comments?post=493"}],"version-history":[{"count":0,"href":"https:\/\/archives.rencontrestsiganes.org\/index.php\/wp-json\/wp\/v2\/posts\/493\/revisions"}],"wp:attachment":[{"href":"https:\/\/archives.rencontrestsiganes.org\/index.php\/wp-json\/wp\/v2\/media?parent=493"}],"wp:term":[{"taxonomy":"category","embeddable":true,"href":"https:\/\/archives.rencontrestsiganes.org\/index.php\/wp-json\/wp\/v2\/categories?post=493"},{"taxonomy":"post_tag","embeddable":true,"href":"https:\/\/archives.rencontrestsiganes.org\/index.php\/wp-json\/wp\/v2\/tags?post=493"}],"curies":[{"name":"wp","href":"https:\/\/api.w.org\/{rel}","templated":true}]}}