{"id":484,"date":"2008-01-21T15:52:21","date_gmt":"2008-01-21T15:52:21","guid":{"rendered":"http:\/\/rt.boullier.fr\/?p=484"},"modified":"2008-01-21T15:52:21","modified_gmt":"2008-01-21T15:52:21","slug":"art484","status":"publish","type":"post","link":"https:\/\/archives.rencontrestsiganes.org\/index.php\/2008\/01\/21\/art484\/","title":{"rendered":"Comit\u00e9 Romeurope Bouches-du-Rh\u00f4ne"},"content":{"rendered":"<p>{{COMITE ROMEUROPE des Bouches-du-Rh\u00f4ne}}<\/p>\n<p>Fondation Abb\u00e9 Pierre ( d\u00e9l\u00e9gation r\u00e9gionale), MRAP<br \/>\nLigue des Droits de l\u2019Homme 13, Cimade, Rencontres Tsiganes.<\/p>\n<p>{{Compte-rendu de la r\u00e9union Romeurope 13 du 18 janvier 2008}}<\/p>\n<p>25 personnes ont pris part \u00e0 cette rencontre repr\u00e9sentant 13 associations. Outre les membres ci-dessus : M\u00e9decins du Monde, Jeunes Errants, Pastorale des migrants, CCFD, Croix Rouge , Secours Catholique, Ampil, Sichem.<\/p>\n<p>Apr\u00e8s une pr\u00e9sentation de la situation nationale \u00e0 partir des informations fournies par le collectif ROMEUROPE un rapide tour d\u2019horizon des associations permets de faire le point sur la situation locale.<\/p>\n<p>On rappelle qu\u2019au printemps dernier une amorce de dialogue positif s\u2019\u00e9tait insatur\u00e9e avec le nouveau Pr\u00e9fet d\u00e9l\u00e9gu\u00e9 \u00e0 l\u2019\u00e9galit\u00e9 des chances. Plusieurs r\u00e9unions \u00e9largies avaient permis pendant l\u2019\u00e9t\u00e9 d\u2019envisager des solutions d\u2019urgence pour r\u00e9pondre aux besoins d\u2019urgence sanitaire de plusieurs groupes de familles \u00e0 Marseille et \u00e0 Aix-en-Provence. Une association avait \u00e9t\u00e9 charg\u00e9e d\u2019un premier diagnostic. Un m\u00e9decin de la DDAS avait pris contact avec M\u00e9decins du Monde qui avait constitu\u00e9 une \u00e9quipe de b\u00e9n\u00e9voles.<\/p>\n<p>On a appris en septembre qu\u2019\u00e0 l\u2019occasion d\u2019une nouvelle r\u00e9organisation administrative, un nouveau sous-pr\u00e9fet avait \u00e9t\u00e9 charg\u00e9 de ce dossier. Ceci a conduit remettre en question les premiers contacts et \u00e0 ce jour le dialogue n\u2019est pas r\u00e9ellement renou\u00e9 avec les services de l\u2019Etat malgr\u00e9 plusieurs relances.<\/p>\n<p>Plusieurs \u00e9v\u00e8nements se sont produits depuis :<\/p>\n<p>A Sainte Marthe, dans le XIV arrondissement, les familles qui occupent l\u2019ancienne \u00e9cole Barrelier font l\u2019objet de multiples pressions et plaintes de la part du voisinage. Une r\u00e9union de la population concern\u00e9e convoqu\u00e9e par les \u00e9lus locaux a mal tourn\u00e9. Des propos odieux ont \u00e9t\u00e9 prof\u00e9r\u00e9s et des menaces directes sur les familles Rroms. Leur situation est tr\u00e8s pr\u00e9caire malgr\u00e9 l\u2019aide d\u2019associations. Le TA leur a accord\u00e9 un d\u00e9lai jusqu\u2019en avril prochain et, \u00e0 ce jour, aucune solution de repli n\u2019est propos\u00e9e.<\/p>\n<p>A Marseille le 17 d\u00e9cembre dernier la police a fait \u00e9vacuer un immeuble squatt\u00e9 par une cinquantaine de personnes avec femmes et enfants sans qu\u2019aucune mesure de relogement ne soit propos\u00e9e.<br \/>\n.<br \/>\nA Aix, sur le plateau du R\u00e9altor la situation des familles est tout aussi pr\u00e9caire. Sans eau et sans \u00e9lectricit\u00e9, une quarantaine de personnes dont quinze enfants originaires de Serbie ne survivent qu\u2019avec l\u2019aide des b\u00e9n\u00e9voles associatifs. Une m\u00e8re de famille de huit enfants a \u00e9t\u00e9 interpell\u00e9e \u00e0 la suite d\u2019un vol. Un arr\u00eat\u00e9 d\u2019expulsion lui a \u00e9t\u00e9 notifi\u00e9 mais \u00e0 la suite de nos interventions, elle a \u00e9t\u00e9 rel\u00e2ch\u00e9e, la pr\u00e9fecture ne sachant que faire des enfants. Cet arr\u00eat\u00e9 a \u00e9t\u00e9 confirm\u00e9 par le TA. Cette famille est aujourd\u2019hui sans droit si ce n\u2019est celui d\u2019\u00eatre expulsable \u00e0 tout moment alors que plusieurs enfants sont scolaris\u00e9s \u00e0 Vitrolles.<\/p>\n<p>Ces diff\u00e9rents exemples ne sont qu\u2019une partie des probl\u00e8mes relev\u00e9s dans le d\u00e9partement . plusieurs autres groupes plus r\u00e9duits se d\u00e9placent dans la ville en fonction des proc\u00e9dures ou des menaces d\u2019expulsion dont elles sont l\u2019objet. On constate ainsi une assez large dispersion des familles dans la ville ce qui rend plus difficile encore des mesures de suivis sanitaire et social de la part de associations comme M\u00e9decins du Monde. Il semble toutefois qu\u2019il n\u2019y ait pas d\u2019augmentation significative du nombre de ces familles dans le d\u00e9partement. Le syndrome de \u00ab l\u2019appel d\u2019air \u00bb r\u00e9guli\u00e8rement invoqu\u00e9 par les responsables pour ne rien faire n\u2019est pas confirm\u00e9. On note simplement des mouvements d\u2019aller et retour vers la Roumanie ou vers l\u2019Espagne et l\u2019Italie et probablement quelques arriv\u00e9es en provenance de la r\u00e9gion parisienne ou de Lyon ou Saint Etienne \u00e0 la suite des expulsions. Il semble enfin que, pour l\u2019instant, les mesures de police ne s\u2018appliquent qu\u2019\u00e0 l\u2019expulsion des squats ou des terrains occup\u00e9s ill\u00e9galement \u00e0 la suite de d\u00e9cisions de justice. Nous n\u2019avons pas eu connaissance de distribution massive d\u2019oqtf ou d\u2019intervention de l\u2019ANAEM pour inciter \u00e0 des retours volontaires.<\/p>\n<p>Les perspectives.<\/p>\n<p>A la suite de la derni\u00e8re lettre collective envoy\u00e9e au Pr\u00e9fet laiss\u00e9e \u00e0 ce jour sans r\u00e9ponse, il est convenu de demander \u00e0 nouveau une r\u00e9union de travail avec les services concern\u00e9s afin de faire le point sur les mesures d\u2019urgences en mati\u00e8re de sant\u00e9, de scolarisation et d\u2019acc\u00e8s \u00e0 l\u2019emploi.<\/p>\n<p>Apr\u00e8s le t\u00e9moignage de l\u2019\u00e9quipe varoise il est convenu que si des emplacements sont d\u00e9finis et propos\u00e9s il sera possible d\u2019accompagner ces installations avec des \u00e9l\u00e9ments mobiles (sanitaires, lieux de r\u00e9union etc.) Il est toutefois jug\u00e9 indispensable que de tels \u00e9quipements soient pris en charge par une \u00e9quipe de gestion permanente.<\/p>\n<p>L\u2019information des diff\u00e9rents publics sur la pr\u00e9sence de ces familles et leurs conditions de vie est jug\u00e9e indispensable. Toutefois la p\u00e9riode \u00e9lectorale qui s\u2019ouvre pr\u00e9sente des risques de dramatisation et de manipulation qui pourraient se retourner contre ces familles . Il est convenu de multiplier les occasions de rencontres et d\u2019information de la population avec l\u2019appui des mouvements associatifs et culturels. A ce jour M\u00e9decins du Monde annonce une conf\u00e9rence au CRDP le 13 mars et Un festival Rrom est programm\u00e9 par le Th\u00e9\u00e2tre Badaboum \u00e0 Marseille du 1er au 13 avril.<\/p>\n<p>Marseille le 21\/01\/2008<\/p>\n","protected":false},"excerpt":{"rendered":"<p>Compte-rendu de la r\u00e9union inter-associative du 18 Janvier 2008 \u00e0 Marseille <\/p>\n","protected":false},"author":1,"featured_media":0,"comment_status":"closed","ping_status":"closed","sticky":false,"template":"","format":"standard","meta":{"footnotes":""},"categories":[18,25],"tags":[93],"class_list":["post-484","post","type-post","status-publish","format-standard","hentry","category-migrants-roms","category-sur-le-terrain","tag-romeurope"],"_links":{"self":[{"href":"https:\/\/archives.rencontrestsiganes.org\/index.php\/wp-json\/wp\/v2\/posts\/484","targetHints":{"allow":["GET"]}}],"collection":[{"href":"https:\/\/archives.rencontrestsiganes.org\/index.php\/wp-json\/wp\/v2\/posts"}],"about":[{"href":"https:\/\/archives.rencontrestsiganes.org\/index.php\/wp-json\/wp\/v2\/types\/post"}],"author":[{"embeddable":true,"href":"https:\/\/archives.rencontrestsiganes.org\/index.php\/wp-json\/wp\/v2\/users\/1"}],"replies":[{"embeddable":true,"href":"https:\/\/archives.rencontrestsiganes.org\/index.php\/wp-json\/wp\/v2\/comments?post=484"}],"version-history":[{"count":0,"href":"https:\/\/archives.rencontrestsiganes.org\/index.php\/wp-json\/wp\/v2\/posts\/484\/revisions"}],"wp:attachment":[{"href":"https:\/\/archives.rencontrestsiganes.org\/index.php\/wp-json\/wp\/v2\/media?parent=484"}],"wp:term":[{"taxonomy":"category","embeddable":true,"href":"https:\/\/archives.rencontrestsiganes.org\/index.php\/wp-json\/wp\/v2\/categories?post=484"},{"taxonomy":"post_tag","embeddable":true,"href":"https:\/\/archives.rencontrestsiganes.org\/index.php\/wp-json\/wp\/v2\/tags?post=484"}],"curies":[{"name":"wp","href":"https:\/\/api.w.org\/{rel}","templated":true}]}}