{"id":475,"date":"2008-01-05T16:44:14","date_gmt":"2008-01-05T15:44:14","guid":{"rendered":"http:\/\/rt.boullier.fr\/?p=475"},"modified":"2008-01-05T16:44:14","modified_gmt":"2008-01-05T15:44:14","slug":"art475","status":"publish","type":"post","link":"https:\/\/archives.rencontrestsiganes.org\/index.php\/2008\/01\/05\/art475\/","title":{"rendered":"Retour humanitaire forc\u00e9e"},"content":{"rendered":"<p>\n{{IMMIGRATION 866 RAPATRIEMENTS DEPUIS AO\u00dbT}}<\/p>\n<p>Les \u00a0\u00bb retours humanitaires \u00a0\u00bb de Roms se sont acc\u00e9l\u00e9r\u00e9s<br \/>\n30 d\u00e9cembre 2007<\/p>\n<p>MAL-AIM\u00c9S dans la plupart des pays de l&rsquo;Union europ\u00e9enne, les Roms subissent en France les cons\u00e9quences de l&rsquo;objectif de reconduites \u00e0 la fronti\u00e8re fix\u00e9 \u00e0 25 000 personnes pour 2007. Ce chiffre s&rsquo;est traduit par une augmentation des rapatriements. Depuis l&rsquo;automne, ils sont l&rsquo;objet d&rsquo;une nouvelle pratique, qui s&rsquo;est g\u00e9n\u00e9ralis\u00e9e, selon les organisations non-gouvernementales : le \u00a0\u00bb retour humanitaire \u00a0\u00bb par car, justifi\u00e9 par un \u00a0\u00bb \u00e9tat de d\u00e9nuement \u00a0\u00bb ou \u00a0\u00bb une situation irr\u00e9guli\u00e8re \u00ab\u00a0, selon la circulaire du 7 d\u00e9cembre 2006.<\/p>\n<p>\u00a0\u00bb Les Roms sont une cible privil\u00e9gi\u00e9e \u00ab\u00a0, affirme Malik Salemkour, vice-pr\u00e9sident de la Ligue des droits de l&rsquo;homme (LDH). \u00a0\u00bb Huit cent soixante-six Roms, de nationalit\u00e9 roumaine ou bulgare \u00a0\u00bb ont \u00e9t\u00e9 rapatri\u00e9s depuis ao\u00fbt, indiquait le minist\u00e8re, \u00e0 la mi-novembre. \u00a0\u00bb Il est apparu opportun de raccompagner ces personnes dans leur pays, et qu&rsquo;en Roumanie des programmes d&rsquo;insertion prennent le relais \u00ab\u00a0, explique-t-on au cabinet de M. Hortefeux.<\/p>\n<p>M\u00e9decins du monde s&rsquo;est inqui\u00e9t\u00e9, d\u00e8s septembre, d'\u00a0\u00bb \u00e9vacuation syst\u00e9matique de la population rom (&#8230;), cassant le travail des \u00e9quipes mobiles (protection maternelle, lutte antiturberculeuse) \u00ab\u00a0. Le d\u00e9put\u00e9 socialiste du Nord Patrick Roy avait relay\u00e9 cette pr\u00e9occupation aupr\u00e8s du minist\u00e8re de l&rsquo;immigration, qui avait r\u00e9pondu que \u00a0\u00bb l&rsquo;Agence nationale de l&rsquo;accueil des \u00e9trangers et des migrations &#8211; Anaem &#8211; a organis\u00e9 le retour volontaire dans leur pays d&rsquo;origine de Roms en situation de grande pr\u00e9carit\u00e9 \u00ab\u00a0. Pour la LDH, il s&rsquo;agit plut\u00f4t de \u00a0\u00bb retours forc\u00e9s \u00ab\u00a0.<\/p>\n<p>Les op\u00e9rations men\u00e9es en Seine-Saint-Denis suivent un sc\u00e9nario identique. Les responsables de l&rsquo;Anaem accompagn\u00e9s de la police investissent les campements. \u00a0\u00bb A Saint-Etienne, en septembre, ils venaient tous les jours \u00ab\u00a0, t\u00e9moigne Georges Gunther, du R\u00e9seau de solidarit\u00e9 avec les Roms. \u00a0\u00bb Ils leur donnent \u00e0 choisir entre la prison et l&rsquo;expulsion imm\u00e9diate avec l&rsquo;aide au retour \u00ab\u00a0, d\u00e9nonce la LDH. \u00a0\u00bb A Lyon, rien de tel \u00ab\u00a0, r\u00e9plique le pr\u00e9fet Jacques G\u00e9rault, qui affirme avoir \u00a0\u00bb donn\u00e9 des ordres fermes pour que le caract\u00e8re volontaire des d\u00e9parts soit respect\u00e9 \u00ab\u00a0.<\/p>\n<p>Les Roms qui acceptent de partir b\u00e9n\u00e9ficient d&rsquo;une aide au retour, qui a \u00e9t\u00e9 major\u00e9e fin novembre \u00e0 300 euros (contre 153) par adulte et 100 euros (contre 56) par enfant jusqu&rsquo;en f\u00e9vrier 2008 : un argument convaincant, le retour en France co\u00fbtant moins de 100 euros.<\/p>\n<p>PASSER LES F\u00caTES EN ROUMANIE<br \/>\nLes ONG d\u00e9noncent une volont\u00e9 de faire du \u00a0\u00bb chiffre \u00ab\u00a0. Le minist\u00e8re ne cache pas que ces retours humanitaires sont comptabilis\u00e9s dans les 25 000 reconduites \u00e0 la fronti\u00e8re fix\u00e9es pour 2007. \u00a0\u00bb Leur acc\u00e9l\u00e9ration a imm\u00e9diatement suivi le constat de retard de cet objectif \u00ab\u00a0, d\u00e9plore Mich\u00e8le Mezard, responsable de la mission rom de M\u00e9decins du monde.<\/p>\n<p>Or, depuis l&rsquo;entr\u00e9e de la Roumanie et de la Bulgarie dans l&rsquo;Union europ\u00e9enne, en janvier, les Roms de ces deux pays r\u00e9guli\u00e8rement expuls\u00e9s \u00a0\u00bb reviennent, comme ils en ont parfaitement le droit en tant que citoyens europ\u00e9ens \u00ab\u00a0, rel\u00e8ve Saimir Mile, porte-parole de la Voix des Roms. Au cabinet de M. Hortefeux, on indique pourtant vouloir \u00a0\u00bb mettre en oeuvre, dans les mois qui viennent, un syst\u00e8me biom\u00e9trique pour les personnes qui b\u00e9n\u00e9ficient d&rsquo;une aide au retour \u00ab\u00a0.<\/p>\n<p>Dans un article du quotidien roumain Adevarul du 17 d\u00e9cembre, des Roms expuls\u00e9s de banlieue parisienne se r\u00e9jouissaient d&rsquo;avoir b\u00e9n\u00e9fici\u00e9 de l&rsquo;aide de l&rsquo;Anaem pour passer les f\u00eates en Roumanie, avant de revenir d\u00e9but janvier.<\/p>\n<p>Anne Rodier LE MONDE <\/p>\n","protected":false},"excerpt":{"rendered":"<p>Les Rroms Roumains et Bulgares  font les frais de la politique d&rsquo;objectifs chiffr\u00e9s du gouvernement au m\u00e9pris  de la dignit\u00e9 humaine.   <\/p>\n","protected":false},"author":1,"featured_media":0,"comment_status":"closed","ping_status":"closed","sticky":false,"template":"","format":"standard","meta":{"footnotes":""},"categories":[18],"tags":[60],"class_list":["post-475","post","type-post","status-publish","format-standard","hentry","category-migrants-roms","tag-expulsions"],"_links":{"self":[{"href":"https:\/\/archives.rencontrestsiganes.org\/index.php\/wp-json\/wp\/v2\/posts\/475","targetHints":{"allow":["GET"]}}],"collection":[{"href":"https:\/\/archives.rencontrestsiganes.org\/index.php\/wp-json\/wp\/v2\/posts"}],"about":[{"href":"https:\/\/archives.rencontrestsiganes.org\/index.php\/wp-json\/wp\/v2\/types\/post"}],"author":[{"embeddable":true,"href":"https:\/\/archives.rencontrestsiganes.org\/index.php\/wp-json\/wp\/v2\/users\/1"}],"replies":[{"embeddable":true,"href":"https:\/\/archives.rencontrestsiganes.org\/index.php\/wp-json\/wp\/v2\/comments?post=475"}],"version-history":[{"count":0,"href":"https:\/\/archives.rencontrestsiganes.org\/index.php\/wp-json\/wp\/v2\/posts\/475\/revisions"}],"wp:attachment":[{"href":"https:\/\/archives.rencontrestsiganes.org\/index.php\/wp-json\/wp\/v2\/media?parent=475"}],"wp:term":[{"taxonomy":"category","embeddable":true,"href":"https:\/\/archives.rencontrestsiganes.org\/index.php\/wp-json\/wp\/v2\/categories?post=475"},{"taxonomy":"post_tag","embeddable":true,"href":"https:\/\/archives.rencontrestsiganes.org\/index.php\/wp-json\/wp\/v2\/tags?post=475"}],"curies":[{"name":"wp","href":"https:\/\/api.w.org\/{rel}","templated":true}]}}