{"id":446,"date":"2007-11-05T14:17:31","date_gmt":"2007-11-05T13:17:31","guid":{"rendered":"http:\/\/rt.boullier.fr\/?p=446"},"modified":"2007-11-05T14:17:31","modified_gmt":"2007-11-05T13:17:31","slug":"art446","status":"publish","type":"post","link":"https:\/\/archives.rencontrestsiganes.org\/index.php\/2007\/11\/05\/art446\/","title":{"rendered":"De quoi vivent les gens du voyage ?"},"content":{"rendered":"<p>{{CODIPE, Un projet national pour l\u2019insertion \u00e9conomique des Gens du Voyage}}<\/p>\n<p>Mais de quoi vivent les Gens du Voyage ?<\/p>\n<p>De minima sociaux et d\u2019allocations diverses ?<\/p>\n<p>Non. Pour la majorit\u00e9 d\u2019entre eux, ils travaillent. Ils et elles sont commer\u00e7ants ambulants, artisans, travailleurs saisonniers, salari\u00e9s\u2026<\/p>\n<p>De g\u00e9n\u00e9ration en g\u00e9n\u00e9ration, ils se transmettent des valeurs, des savoir-faire et des connaissances et acqui\u00e8rent ainsi de multiples comp\u00e9tences. Peu importe qu\u2019ils soient Gens du Voyage, ils sont avant tout des acteurs de la vie \u00e9conomique. Pourtant, les pr\u00e9jug\u00e9s \u00e0 leur encontre g\u00e9n\u00e8rent des rejets quotidiens.<\/p>\n<p>L\u2019ensemble de ces discriminations (difficult\u00e9s de s\u00e9journer en caravanes, d\u2019inscrire les enfants \u00e0 l\u2019\u00e9cole ou d\u2019exercer leurs droits de citoyens fran\u00e7ais\u2026) est un frein \u00e0 leur activit\u00e9 \u00e9conomique et \u00e0 leur insertion professionnelle.<\/p>\n<p>Dans ce contexte, des associations membres de la F\u00e9d\u00e9ration Nationale des Associations Solidaires d\u2019Action avec les Tsiganes et Gens du Voyage (FNASAT) lancent une campagne de sensibilisation COntre les DIscriminations et Pour l\u2019Emploi des Gens du Voyage (place professionnelle des femmes, formations et Validation des Acquis par l\u2019Exp\u00e9rience, accompagnement social\u2026).<\/p>\n<p>Une campagne de presse nationale est lanc\u00e9e, dont l\u2019objectif est de provoquer une prise de conscience du grand public et de faire \u00e9voluer la l\u00e9gislation fran\u00e7aise.<\/p>\n<p>Cette action se cl\u00f4turera par un colloque europ\u00e9en le 6 novembre 2007 au Conseil de l\u2019Europe (Strasbourg) o\u00f9 Voyageurs, associations et institutionnels aborderont ces difficult\u00e9s.<\/p>\n<p>Les conclusions de ces \u00e9changes contribueront \u00e9galement \u00e0 la mise \u00e0 jour de la recommandation du Conseil de l\u2019Europe sur la situation \u00e9conomique des Gens du voyage et des Roms.<\/p>\n<p>Fnasat Gens du Voyage<\/p>\n<p>59 rue de l&rsquo;Ourcq<\/p>\n<p>75 019 PARIS<\/p>\n<p>01 40 35 00 04<\/p>\n<p>01 40 35 12 40<\/p>\n<p>www.fnasat.asso.fr<\/p>\n","protected":false},"excerpt":{"rendered":"<p>Une utile initiative de la FNASAT  pour remettre en cause  des pr\u00e9jug\u00e9s encore largement r\u00e9pandus.  <\/p>\n","protected":false},"author":1,"featured_media":0,"comment_status":"closed","ping_status":"closed","sticky":false,"template":"","format":"standard","meta":{"footnotes":""},"categories":[11,24],"tags":[],"class_list":["post-446","post","type-post","status-publish","format-standard","hentry","category-gens-du-voyage","category-scolarisationsantetravail"],"_links":{"self":[{"href":"https:\/\/archives.rencontrestsiganes.org\/index.php\/wp-json\/wp\/v2\/posts\/446","targetHints":{"allow":["GET"]}}],"collection":[{"href":"https:\/\/archives.rencontrestsiganes.org\/index.php\/wp-json\/wp\/v2\/posts"}],"about":[{"href":"https:\/\/archives.rencontrestsiganes.org\/index.php\/wp-json\/wp\/v2\/types\/post"}],"author":[{"embeddable":true,"href":"https:\/\/archives.rencontrestsiganes.org\/index.php\/wp-json\/wp\/v2\/users\/1"}],"replies":[{"embeddable":true,"href":"https:\/\/archives.rencontrestsiganes.org\/index.php\/wp-json\/wp\/v2\/comments?post=446"}],"version-history":[{"count":0,"href":"https:\/\/archives.rencontrestsiganes.org\/index.php\/wp-json\/wp\/v2\/posts\/446\/revisions"}],"wp:attachment":[{"href":"https:\/\/archives.rencontrestsiganes.org\/index.php\/wp-json\/wp\/v2\/media?parent=446"}],"wp:term":[{"taxonomy":"category","embeddable":true,"href":"https:\/\/archives.rencontrestsiganes.org\/index.php\/wp-json\/wp\/v2\/categories?post=446"},{"taxonomy":"post_tag","embeddable":true,"href":"https:\/\/archives.rencontrestsiganes.org\/index.php\/wp-json\/wp\/v2\/tags?post=446"}],"curies":[{"name":"wp","href":"https:\/\/api.w.org\/{rel}","templated":true}]}}