{"id":331,"date":"2007-02-28T16:53:36","date_gmt":"2007-02-28T16:53:36","guid":{"rendered":"http:\/\/rt.boullier.fr\/?p=331"},"modified":"2007-02-28T16:53:36","modified_gmt":"2007-02-28T16:53:36","slug":"art331","status":"publish","type":"post","link":"https:\/\/archives.rencontrestsiganes.org\/index.php\/2007\/02\/28\/art331\/","title":{"rendered":"Un ambassadeur aupr\u00e8s de l&rsquo;Union Europ\u00e9enne"},"content":{"rendered":"<p>{{{Un danseur de flamenco nomm\u00e9 ambassadeur des Roms aupr\u00e8s de l&rsquo;Union Europ\u00e9enne}}}<\/p>\n<p>Rom de naissance, Joaquin Cortes est devenu le nouvel ambassadeur de son peuple aupr\u00e8s de l&rsquo;Union europ\u00e9enne, cherchant \u00e0 mettre fin \u00e0 des d\u00e9cennies de discrimination et de x\u00e9nophobie. Le danseur s&rsquo;est r\u00e9cemment adress\u00e9 aux membres du Parlement europ\u00e9en \u00e0 Bruxelles. \u00a0\u00bb La raison principale de ma pr\u00e9sence ici est que je suis d&rsquo;origine rom et je comprends que cette institution soit connue comme \u00e9tant la championne des droits de l&rsquo;homme dans l&rsquo;UE \u00ab\u00a0, a-t-il d\u00e9clar\u00e9. \u00a0\u00bb Je suis l&rsquo;un des rares Roms europ\u00e9ens \u00e0 qui la fortune a souri puisqu&rsquo;il m&rsquo;est permis d&rsquo;affirmer fi\u00e8rement mon identit\u00e9 sans crainte d&rsquo;\u00eatre pers\u00e9cut\u00e9, d&rsquo;\u00eatre humili\u00e9 ou de servir de bouc \u00e9missaire. Nous devons tous lutter pour l&rsquo;int\u00e9gration de la nation rom et esp\u00e9rer que, dans un futur proche, une nouvelle g\u00e9n\u00e9ration pourra b\u00e9n\u00e9ficier de meilleures conditions de vie. \u00ab\u00a0<\/p>\n","protected":false},"excerpt":{"rendered":"<p>Cette nomination  est un signe important en direction du peuple Rom. Il reste a souhaiter que cette ambassadeur soit \u00e9cout\u00e9 et entendu dans les 27 pays qui compose l&rsquo;Europe  aujourd&rsquo;hui.     <\/p>\n","protected":false},"author":1,"featured_media":0,"comment_status":"closed","ping_status":"closed","sticky":false,"template":"","format":"standard","meta":{"footnotes":""},"categories":[8,19],"tags":[58],"class_list":["post-331","post","type-post","status-publish","format-standard","hentry","category-discriminations-racisme","category-musique-et-cinema","tag-europe"],"_links":{"self":[{"href":"https:\/\/archives.rencontrestsiganes.org\/index.php\/wp-json\/wp\/v2\/posts\/331","targetHints":{"allow":["GET"]}}],"collection":[{"href":"https:\/\/archives.rencontrestsiganes.org\/index.php\/wp-json\/wp\/v2\/posts"}],"about":[{"href":"https:\/\/archives.rencontrestsiganes.org\/index.php\/wp-json\/wp\/v2\/types\/post"}],"author":[{"embeddable":true,"href":"https:\/\/archives.rencontrestsiganes.org\/index.php\/wp-json\/wp\/v2\/users\/1"}],"replies":[{"embeddable":true,"href":"https:\/\/archives.rencontrestsiganes.org\/index.php\/wp-json\/wp\/v2\/comments?post=331"}],"version-history":[{"count":0,"href":"https:\/\/archives.rencontrestsiganes.org\/index.php\/wp-json\/wp\/v2\/posts\/331\/revisions"}],"wp:attachment":[{"href":"https:\/\/archives.rencontrestsiganes.org\/index.php\/wp-json\/wp\/v2\/media?parent=331"}],"wp:term":[{"taxonomy":"category","embeddable":true,"href":"https:\/\/archives.rencontrestsiganes.org\/index.php\/wp-json\/wp\/v2\/categories?post=331"},{"taxonomy":"post_tag","embeddable":true,"href":"https:\/\/archives.rencontrestsiganes.org\/index.php\/wp-json\/wp\/v2\/tags?post=331"}],"curies":[{"name":"wp","href":"https:\/\/api.w.org\/{rel}","templated":true}]}}