{"id":326,"date":"2007-02-15T17:02:02","date_gmt":"2007-02-15T17:02:02","guid":{"rendered":"http:\/\/rt.boullier.fr\/?p=326"},"modified":"2007-02-15T17:02:02","modified_gmt":"2007-02-15T17:02:02","slug":"art326","status":"publish","type":"post","link":"https:\/\/archives.rencontrestsiganes.org\/index.php\/2007\/02\/15\/art326\/","title":{"rendered":"R\u00e9union sur la situation des Roms migrants dans la R\u00e9gion"},"content":{"rendered":"<p>Marseille le 12\/02\/20007<\/p>\n<p>{{{<br \/>\nObjet : la situation des  Roms de l&rsquo;Est}}}<\/p>\n<p>{2{<\/p>\n<p>Madame, Monsieur, chers amis}2} <\/p>\n<p>Le 30 septembre dernier lors de la r\u00e9union \u00e0 Marseille du collectif RomEurope nous avions fait  une nouvelle fois le point sur la situation dans la r\u00e9gion des Roms  originaires des divers pays de l&rsquo;Europe  de l&rsquo;Est. <\/p>\n<p>Depuis lors, nous avons \u00e9t\u00e9 amen\u00e9s, avec d&rsquo;autres associations,  \u00e0 intervenir \u00e0 diverses reprises aupr\u00e8s de ces personnes afin de mieux conna\u00eetre les difficult\u00e9s auxquelles elles se trouvent confront\u00e9es et \u00e0 interpeller les pouvoirs publics afin de proposer des solutions. <\/p>\n<p>Nous ne pouvons que constater aujourd&rsquo;hui que, malgr\u00e9 certains discours officiels et l&rsquo;entr\u00e9e de la Roumanie et de la Bulgarie dans l&rsquo;Union Europ\u00e9enne depuis le 1er janvier dernier, les conditions de s\u00e9jour des Roms originaires des diff\u00e9rents pays europ\u00e9ens sont de plus en plus pr\u00e9caires et entra\u00eenent incompr\u00e9hensions et rejet de la part de nos concitoyens. Une telle situation n&rsquo;est pas acceptable tant du point de vue humanitaire que du respect des droits \u00e9l\u00e9mentaires.  <\/p>\n<p>Nous vous proposons donc de nous retrouver \u00e0 nouveau le<\/p>\n<p>MERCREDI 14 mars \u00e0 17 h 30<br \/>\n\u00e0 ESPACE  22 rue Mathieu Stilatti 13003<\/p>\n<p>Nous pourrons \u00e9changer les diverses informations dont nous disposons et envisager les moyens les plus efficaces \u00e0 m\u00eame d&rsquo;impliquer les pouvoirs publics et d&rsquo;informer la population. <\/p>\n<p>Nous comptons sur votre pr\u00e9sence.  Bien amicalement<\/p>\n<p>Le Pr\u00e9sident<br \/>\nAlain FOUREST   <\/p>\n","protected":false},"excerpt":{"rendered":"<p>Marseille le 12\/02\/20007 {{{ Objet : la situation des Roms de l&rsquo;Est}}} {2{ Madame, Monsieur, chers amis}2} Le 30 septembre dernier lors de la r\u00e9union \u00e0 Marseille du collectif RomEurope nous avions fait une nouvelle fois le point sur la situation dans la r\u00e9gion des Roms originaires des divers pays de l&rsquo;Europe de l&rsquo;Est. Depuis [&hellip;]<\/p>\n","protected":false},"author":1,"featured_media":0,"comment_status":"opened","ping_status":"opened","sticky":false,"template":"","format":"standard","meta":{"footnotes":""},"categories":[31,33],"tags":[],"class_list":["post-326","post","type-post","status-publish","format-standard","hentry","category-rub67","category-rub34"],"_links":{"self":[{"href":"https:\/\/archives.rencontrestsiganes.org\/index.php\/wp-json\/wp\/v2\/posts\/326","targetHints":{"allow":["GET"]}}],"collection":[{"href":"https:\/\/archives.rencontrestsiganes.org\/index.php\/wp-json\/wp\/v2\/posts"}],"about":[{"href":"https:\/\/archives.rencontrestsiganes.org\/index.php\/wp-json\/wp\/v2\/types\/post"}],"author":[{"embeddable":true,"href":"https:\/\/archives.rencontrestsiganes.org\/index.php\/wp-json\/wp\/v2\/users\/1"}],"replies":[{"embeddable":true,"href":"https:\/\/archives.rencontrestsiganes.org\/index.php\/wp-json\/wp\/v2\/comments?post=326"}],"version-history":[{"count":0,"href":"https:\/\/archives.rencontrestsiganes.org\/index.php\/wp-json\/wp\/v2\/posts\/326\/revisions"}],"wp:attachment":[{"href":"https:\/\/archives.rencontrestsiganes.org\/index.php\/wp-json\/wp\/v2\/media?parent=326"}],"wp:term":[{"taxonomy":"category","embeddable":true,"href":"https:\/\/archives.rencontrestsiganes.org\/index.php\/wp-json\/wp\/v2\/categories?post=326"},{"taxonomy":"post_tag","embeddable":true,"href":"https:\/\/archives.rencontrestsiganes.org\/index.php\/wp-json\/wp\/v2\/tags?post=326"}],"curies":[{"name":"wp","href":"https:\/\/api.w.org\/{rel}","templated":true}]}}