{"id":262,"date":"2006-08-30T09:49:02","date_gmt":"2006-08-30T09:49:02","guid":{"rendered":"http:\/\/rt.boullier.fr\/?p=262"},"modified":"2006-08-30T09:49:02","modified_gmt":"2006-08-30T09:49:02","slug":"art262","status":"publish","type":"post","link":"https:\/\/archives.rencontrestsiganes.org\/index.php\/2006\/08\/30\/art262\/","title":{"rendered":"Les \u00ab\u00a0fils du vent\u00a0\u00bb \u00e0 Lourdes"},"content":{"rendered":"<p>{{{<\/p>\n<p>Les \u00ab\u00a0fils du vent\u00a0\u00bb \u00e0 Lourdes}}}<\/p>\n<p>La cit\u00e9 mariale accueille cette semaine le cinquanti\u00e8me p\u00e8lerinage des gens du voyage, en pr\u00e9sence du cardinal Roger Etchegaray<br \/>\n\u00abLa M\u00e8re de Dieu n&rsquo;a demand\u00e9 l&rsquo;autorisation \u00e0 personne pour camper dans cette grotte, lance le cardinal Roger Etchegaray. C&rsquo;est elle qui vous accueille. Gardez l&rsquo;esprit du voyage, ne vous accrochez pas \u00e0 ce monde. \u00bb \u00c0 peine rentr\u00e9 d&rsquo;une mission au Liban \u00e0 la demande du pape, le cardinal fran\u00e7ais pr\u00e9side cette semaine le 50e p\u00e8lerinage des gens du voyage \u00e0 Lourdes. Tr\u00e8s \u00e0 l&rsquo;aise devant ces 8.000 p\u00e8lerins, il a rappel\u00e9 qu&rsquo;il fut jadis aum\u00f4nier dioc\u00e9sain des Gitans \u00e0 Bayonne et, \u00e0 ce titre, pr\u00e9sent au tout premier p\u00e8lerinage organis\u00e9 \u00e0 Lourdes en 1957.<\/p>\n<p>\u00ab Je me souviens bien aussi du couronnement de la statue de Notre-Dame des Gitans par Paul VI, le 27 septembre 1965 \u00e0 Pomezia, pr\u00e8s de Rome, o\u00f9 le pape a valoris\u00e9 la mission des \u201c\u00e9ternels p\u00e8lerins\u201d que vous \u00eates \u00bb, souligne le cardinal. Sur les divers lieux de campement, l&rsquo;ambassadeur itin\u00e9rant des papes a r\u00e9p\u00e9t\u00e9, citant cette fois Jean-Paul II : \u00ab Il faut d\u00e9velopper la compr\u00e9hension et la solidarit\u00e9 envers la population gitane, en repoussant toute tentation \u00e9go\u00efste de m\u00e9fiance et d&rsquo;indiff\u00e9rence. \u00bb<\/p>\n<p>Souvent confront\u00e9s \u00e0 des r\u00e9actions d&rsquo;exclusion, Roms, Manouches, Gitans, Sintis ou Y\u00e9niches, tous ensemble Tsiganes, se sentent chez eux \u00e0 Lourdes. \u00ab Ici, devant les grands personnages de la ville et de la r\u00e9gion, Bernadette &#8211; qui ne savait pas lire &#8211; a su t\u00e9moigner de sa foi malgr\u00e9 les oppositions \u00bb, remarque le P. Jean-Pierre Etcheverry, ancien directeur du p\u00e8lerinage.<br \/>\nUne antenne locale cr\u00e9\u00e9e \u00e0 Lourdes pour les gens du voyage<br \/>\nLes responsables des sanctuaires de Lourdes ont d&rsquo;ailleurs voulu donner la premi\u00e8re place \u00e0 ces \u00ab voyageurs \u00bb \u00e0 l&rsquo;occasion de leur jubil\u00e9. Venus de toute la France et de plusieurs pays d&rsquo;Europe, les \u00ab fils du vent \u00bb &#8211; comme ils aiment se d\u00e9finir &#8211; ont par exemple pr\u00e9sid\u00e9 et guid\u00e9 la procession aux flambeaux, lundi 21 ao\u00fbt au soir, portant la statue de Notre-Dame des Gitans, qui p\u00e9r\u00e9grine d&rsquo;une r\u00e9gion \u00e0 l&rsquo;autre chaque ann\u00e9e. Dans la foule \u00e9tait tenue bien haut l&rsquo;effigie de C\u00e9ferino Gimenez Malla, ce Gitan espagnol fusill\u00e9 en 1936, le rosaire \u00e0 la main, et b\u00e9atifi\u00e9 par Jean-Paul II en 1997.<\/p>\n<p>\u00ab Nous avons mission d&rsquo;\u00eatre une famille de nomades dans l&rsquo;\u00c9glise, pour l&rsquo;aider \u00e0 faire m\u00e9moire de ce qu&rsquo;elle est en profondeur : un peuple en marche \u00bb, t\u00e9moigne un p\u00e8lerin, Jean-Paul Weiss, dit \u00ab Pouchou \u00bb.<\/p>\n<p>Tous les \u00ab voyageurs \u00bb appr\u00e9cient aussi qu&rsquo;une antenne locale ait \u00e9t\u00e9 cr\u00e9\u00e9e \u00e0 Lourdes dans le cadre des services de l&rsquo;\u00c9glise en lien avec les Sanctuaires Notre-Dame, pour accueillir et r\u00e9pondre toute l&rsquo;ann\u00e9e aux attentes des gens du voyage. Cette permanence, souhait\u00e9e par l&rsquo;\u00e9v\u00eaque de Tarbes et Lourdes, permet d&rsquo;assurer un suivi entre deux p\u00e8lerinages.<br \/>\nUne pastorale confront\u00e9e au \u00ab\u00a0pros\u00e9lytisme pentec\u00f4tiste\u00a0\u00bb<br \/>\nL&rsquo;enjeu est de taille pour l&rsquo;\u00c9glise catholique, et le travail immense pour le P. Claude Dumas, aum\u00f4nier national des gens du voyage, lui-m\u00eame issu de ce monde des voyageurs comme deux autres pr\u00eatres, trois diacres et une religieuse. Avec eux, environ 80 personnes sont en responsabilit\u00e9 directe dans les aum\u00f4neries dioc\u00e9saines fran\u00e7aises, ils proposent une animation pastorale soutenue mais souvent confront\u00e9e au \u00ab pros\u00e9lytisme pentec\u00f4tiste \u00bb.<\/p>\n<p>\u00ab Des pentec\u00f4tistes entretiennent la peur et la superstition chez les voyageurs, mettant exag\u00e9r\u00e9ment en valeur les ph\u00e9nom\u00e8nes extraordinaires au d\u00e9triment de l&rsquo;\u00c9vangile v\u00e9cue au quotidien, et ils rebaptisent leurs adeptes, au m\u00e9pris des relations oecum\u00e9niques, d\u00e9plore Mgr Gilbert Louis, \u00e9v\u00eaque de Ch\u00e2lons-en-Champagne, accompagnateur des gens du voyage au nom des \u00e9v\u00eaques de France. Cette intol\u00e9rance, apparue dans les ann\u00e9es 1950, ne cesse de s&rsquo;amplifier, causant de grandes souffrances dans les familles divis\u00e9es par la foi chr\u00e9tienne qui \u00e9tait jusqu&rsquo;\u00e0 pr\u00e9sent leur ciment. \u00bb<\/p>\n<p>C&rsquo;est d&rsquo;ailleurs pour faire face au pentec\u00f4tisme qui commen\u00e7ait d\u00e9j\u00e0 \u00e0 toucher les Gitans que les PP. d&rsquo;Armagnac, Fleury et Barth\u00e9lemy ont eu l&rsquo;intuition de fonder ce p\u00e8lerinage \u00e0 Lourdes au cours de l&rsquo;hiver 1956.<\/p>\n<p>\u00ab Apr\u00e8s Lourdes, nous nous retrouvons r\u00e9guli\u00e8rement dans les \u00e9coles de la foi, qui se d\u00e9veloppent, et nous approfondissons notre connaissance de la Bible, Parole de Dieu vivante dans nos c\u009curs \u00bb, souligne James. Ce \u00ab fils du vent \u00bb de l&rsquo;Essonne a, comme d&rsquo;autres la\u00efcs de sa communaut\u00e9, re\u00e7u de l&rsquo;aum\u00f4nerie une mission de \u00ab rassembleur \u00bb au sein de son peuple.<\/p>\n<p>Fran\u00e7ois VAYNE, \u00e0 Lourdes<\/p>\n","protected":false},"excerpt":{"rendered":"<p>Les tsiganes catholiques en p\u00e9lerinage \u00e0 Lourdes  <\/p>\n","protected":false},"author":1,"featured_media":0,"comment_status":"closed","ping_status":"closed","sticky":false,"template":"","format":"standard","meta":{"footnotes":""},"categories":[15],"tags":[89],"class_list":["post-262","post","type-post","status-publish","format-standard","hentry","category-histoire-et-traditions","tag-pelerinages"],"_links":{"self":[{"href":"https:\/\/archives.rencontrestsiganes.org\/index.php\/wp-json\/wp\/v2\/posts\/262","targetHints":{"allow":["GET"]}}],"collection":[{"href":"https:\/\/archives.rencontrestsiganes.org\/index.php\/wp-json\/wp\/v2\/posts"}],"about":[{"href":"https:\/\/archives.rencontrestsiganes.org\/index.php\/wp-json\/wp\/v2\/types\/post"}],"author":[{"embeddable":true,"href":"https:\/\/archives.rencontrestsiganes.org\/index.php\/wp-json\/wp\/v2\/users\/1"}],"replies":[{"embeddable":true,"href":"https:\/\/archives.rencontrestsiganes.org\/index.php\/wp-json\/wp\/v2\/comments?post=262"}],"version-history":[{"count":0,"href":"https:\/\/archives.rencontrestsiganes.org\/index.php\/wp-json\/wp\/v2\/posts\/262\/revisions"}],"wp:attachment":[{"href":"https:\/\/archives.rencontrestsiganes.org\/index.php\/wp-json\/wp\/v2\/media?parent=262"}],"wp:term":[{"taxonomy":"category","embeddable":true,"href":"https:\/\/archives.rencontrestsiganes.org\/index.php\/wp-json\/wp\/v2\/categories?post=262"},{"taxonomy":"post_tag","embeddable":true,"href":"https:\/\/archives.rencontrestsiganes.org\/index.php\/wp-json\/wp\/v2\/tags?post=262"}],"curies":[{"name":"wp","href":"https:\/\/api.w.org\/{rel}","templated":true}]}}