{"id":2616,"date":"2015-06-03T14:08:24","date_gmt":"2015-06-03T13:08:24","guid":{"rendered":"https:\/\/archives.rencontrestsiganes.org\/?p=2616"},"modified":"2015-06-03T14:08:24","modified_gmt":"2015-06-03T13:08:24","slug":"grace-a-vous-marsactu-vivra","status":"publish","type":"post","link":"https:\/\/archives.rencontrestsiganes.org\/index.php\/2015\/06\/03\/grace-a-vous-marsactu-vivra\/","title":{"rendered":"Gr\u00e2ce \u00e0 vous, \u00ab\u00a0Marsactu\u00a0\u00bb vivra !"},"content":{"rendered":"<p style=\"text-align: justify;\"><a href=\"https:\/\/fr.ulule.com\/marsactu\/\" target=\"_blank\" rel=\"noopener\"><img loading=\"lazy\" decoding=\"async\" class=\" wp-image-11128 size-full aligncenter\" src=\"https:\/\/archives.rencontrestsiganes.org\/wp-content\/uploads\/Marsactu-2.png\" alt=\"Marsactu-2\" width=\"600\" height=\"200\" \/><\/a><\/p>\n<p style=\"text-align: justify;\">Durant\u00a0des ann\u00e9es, les journalistes de Marsactu ont \u00e9t\u00e9 pr\u00e9sents sur le terrain\u00a0\u00e0 nos c\u00f4t\u00e9s pour t\u00e9moigner des bons et des mauvais moments.<br \/>\nLeurs nombreux reportages (*) ont su apporter un autre regard sur les Roms\/Tsiganes, relayer leurs paroles et sensibiliser bon nombre de nos concitoyens \u00e0 leur situation.<br \/>\nAu fil de nos rencontres, nous avons pu appr\u00e9cier leur professionnalisme, leur disponibilit\u00e9 et plus encore, l\u2019\u00e9coute et le respect qu\u2019ils portaient aux plus d\u00e9munis.<\/p>\n<p style=\"text-align: justify;\">Aujourd\u2019hui, ils ont besoin de nous afin de\u00a0poursuivre leur travail et relancer leur journal.<\/p>\n<p style=\"text-align: left;\">A partir de 5\u20ac, vous pouvez participer \u00e0 la renaissance d\u2019un m\u00e9dia ind\u00e9pendant dont nous avons bien besoin en cliquant sur ce lien :\u00a0<a href=\"https:\/\/fr.ulule.com\/marsactu\/\" target=\"_blank\" rel=\"noopener\">https:\/\/fr.ulule.com\/marsactu\/<\/a><\/p>\n<p style=\"text-align: left;\">Merci de relayer cet appel dans vos r\u00e9seaux.<\/p>\n<figure id=\"attachment_2620\" aria-describedby=\"caption-attachment-2620\" style=\"width: 236px\" class=\"wp-caption aligncenter\"><a href=\"https:\/\/archives.rencontrestsiganes.org\/wp-content\/uploads\/jmleforestier-marsactu.jpg\"><img loading=\"lazy\" decoding=\"async\" class=\"size-full wp-image-2620\" src=\"https:\/\/archives.rencontrestsiganes.org\/wp-content\/uploads\/jmleforestier-marsactu.jpg\" alt=\"Le journaliste de Marsactu, Jean-Marie Leforestier, lors de la r\u00e9quisition citoyenne de la caserne Cardot le 12 novembre 2012\" width=\"236\" height=\"283\" \/><\/a><figcaption id=\"caption-attachment-2620\" class=\"wp-caption-text\"><center><i>Jean-Marie Leforestier de Marsactu lors de la r\u00e9quisition citoyenne de la caserne Cardot le 12 novembre 2012<\/i><\/center><\/figcaption><\/figure>\n<p>(*) <a href=\"http:\/\/www.marsactu.fr\/mots-clefs\/roms\" target=\"_blank\" rel=\"noopener\">Relire tous les articles de Marsactu sur la situation des\u00a0Roms\u00a0<\/a><\/p>\n<p><a href=\"http:\/\/www.marsactu.fr\/societe\/des-roms-sont-toujours-en-panne-dinsertion-a-plombieres-35893.html\" target=\"_blank\" rel=\"noopener\">Des Roms sont toujours en panne d&rsquo;insertion \u00e0 Plombi\u00e8res<\/a><\/p>\n<p><a href=\"http:\/\/www.marsactu.fr\/societe\/le-bidonville-de-la-parette-sarrete-35212.html\" target=\"_blank\" rel=\"noopener\">Le bidonville de la Parette s&rsquo;arr\u00eate<\/a><\/p>\n<p><a href=\"http:\/\/www.marsactu.fr\/societe\/lorenzo-et-bobby-destins-croises-avant-la-fin-du-bidonville-de-la-parette-35134.html\" target=\"_blank\" rel=\"noopener\">Lorenzo et Bobby, destins crois\u00e9s avant la fin du bidonville de la Parette<\/a><\/p>\n<p><a href=\"http:\/\/www.marsactu.fr\/societe\/les-roms-de-fontainieu-expulses-mais-pas-abandonnes-34975.html\" target=\"_blank\" rel=\"noopener\">Les Roms de Fontainieu expuls\u00e9s mais pas abandonn\u00e9s<\/a><\/p>\n<p><a href=\"http:\/\/www.marsactu.fr\/societe\/a-la-belle-de-mai-des-enfants-roms-guides-sur-le-chemin-de-lecole-34336.html\" target=\"_blank\" rel=\"noopener\">\u00c0 la Belle de Mai, des enfants roms guid\u00e9s sur le chemin de l&rsquo;\u00e9cole<\/a><\/p>\n<p><a href=\"http:\/\/www.marsactu.fr\/societe\/acces-a-leau-linaction-dhier-garantit-laction-de-demain-33388.html\" target=\"_blank\" rel=\"noopener\">Acc\u00e8s \u00e0 l&rsquo;eau : l&rsquo;inaction d&rsquo;hier garantit l&rsquo;action de demain<\/a><\/p>\n<p><a href=\"http:\/\/www.marsactu.fr\/societe\/la-ville-veut-obliger-le-prefet-a-expulser-trois-camps-de-roms-33028.html\" target=\"_blank\" rel=\"noopener\">La Ville veut obliger le pr\u00e9fet \u00e0 expulser trois camps de Roms<\/a><\/p>\n<p><a href=\"http:\/\/www.marsactu.fr\/societe\/300-hommes-femmes-et-enfants-vont-etre-expulses-en-plein-hiver-32520.html\" target=\"_blank\" rel=\"noopener\">300 hommes, femmes et enfants vont \u00eatre expuls\u00e9s en plein hiver<\/a><\/p>\n<p><a href=\"http:\/\/www.marsactu.fr\/societe\/retour-a-fontainieu-dans-les-pas-du-prefet-des-roms-32006.html\" target=\"_blank\" rel=\"noopener\">Retour \u00e0 Fontainieu dans les pas du \u00ab\u00a0pr\u00e9fet des Roms\u00a0\u00bb<\/a><\/p>\n<p><a href=\"http:\/\/www.marsactu.fr\/societe\/nouvelle-requisition-au-profit-des-roms-31827.html\" target=\"_blank\" rel=\"noopener\">Nouvelle r\u00e9quisition au profit des Roms<\/a><\/p>\n<p><a href=\"http:\/\/www.marsactu.fr\/societe\/roms-de-plombieres-retour-a-zero-avec-la-quete-de-leau-31809.html\" target=\"_blank\" rel=\"noopener\">Roms de Plombi\u00e8res : retour \u00e0 z\u00e9ro avec la qu\u00eate de l&rsquo;eau<\/a><\/p>\n<p><a href=\"http:\/\/www.marsactu.fr\/societe\/a-la-caserne-cardot-180-roms-expulses-retrouvent-lerrance-31747.html\" target=\"_blank\" rel=\"noopener\">\u00c0 la caserne Cardot, 180 Roms expuls\u00e9s retrouvent l&rsquo;errance<\/a><\/p>\n<p><a href=\"http:\/\/www.marsactu.fr\/societe\/a-marseille-des-cameras-ciblent-roms-et-gens-du-voyage-31653.html\" target=\"_blank\" rel=\"noopener\">\u00c0 Marseille, des cam\u00e9ras ciblent Roms et gens du voyage<\/a><\/p>\n<p><a href=\"http:\/\/www.marsactu.fr\/societe\/expulses-des-creneaux-des-roms-experimentent-la-tranquillite-a-fontainieu-31430.html\" target=\"_blank\" rel=\"noopener\">Expuls\u00e9s des Cr\u00e9neaux, des Roms exp\u00e9rimentent la tranquillit\u00e9 \u00e0 Fontainieu<\/a><\/p>\n<p><a href=\"http:\/\/www.marsactu.fr\/politique\/guy-teissier-sur-lintegration-des-roms-meme-sils-etaient-dix-cest-encore-trop-31406.html\" target=\"_blank\" rel=\"noopener\">Guy Teissier sur l&rsquo;int\u00e9gration des Roms : \u00ab\u00a0M\u00eame s&rsquo;ils \u00e9taient dix, c&rsquo;est encore trop\u00a0\u00bb<\/a><\/p>\n<p><a href=\"http:\/\/www.marsactu.fr\/societe\/tout-ce-que-vous-avez-toujours-voulu-savoir-sur-les-roms-31303.html\" target=\"_blank\" rel=\"noopener\">Tout ce que vous avez toujours voulu savoir sur les Roms&#8230;<\/a><\/p>\n<p><a href=\"http:\/\/www.marsactu.fr\/politique\/quand-les-roms-sinstallent-on-a-une-recrudescence-des-cambriolages-30833.html\" target=\"_blank\" rel=\"noopener\">\u00ab\u00a0Quand les Roms s&rsquo;installent, on a une recrudescence des cambriolages\u00a0\u00bb<\/a><\/p>\n<p><a href=\"http:\/\/www.marsactu.fr\/societe\/une-semaine-en-decembre-dans-lintimite-dune-famille-rom-30726.html\" target=\"_blank\" rel=\"noopener\">\u00ab\u00a0Une semaine en d\u00e9cembre\u00a0\u00bb dans l&rsquo;intimit\u00e9 d&rsquo;une famille Rom<\/a><\/p>\n<p><a href=\"http:\/\/www.marsactu.fr\/societe\/expulses-des-creneaux-par-des-riverains-les-roms-portent-plainte-30539.html\" target=\"_blank\" rel=\"noopener\">Expuls\u00e9s des Cr\u00e9neaux par des riverains, les Roms portent plainte<\/a><\/p>\n<p><a href=\"http:\/\/www.marsactu.fr\/societe\/le-naufrage-de-la-requisition-citoyenne-a-marseille-30298.html\" target=\"_blank\" rel=\"noopener\">Le naufrage de la r\u00e9quisition citoyenne \u00e0 Marseille<\/a><\/p>\n<p><a href=\"http:\/\/www.marsactu.fr\/societe\/romeo-reve-dune-vie-stable-a-marseille-29660.html\" target=\"_blank\" rel=\"noopener\">Rom\u00e9o r\u00eave d&rsquo;une vie stable \u00e0 Marseille<\/a><\/p>\n<p><a href=\"http:\/\/www.marsactu.fr\/politique\/requisition-a-plombieres-la-balle-est-dans-le-camp-de-letat-29350.html\" target=\"_blank\" rel=\"noopener\">R\u00e9quisition \u00e0 Plombi\u00e8res : la balle est dans le camp de l&rsquo;\u00c9tat<\/a><\/p>\n<p><a href=\"http:\/\/www.marsactu.fr\/societe\/la-requisition-appartient-a-ceux-qui-se-levent-tot-29345.html\" target=\"_blank\" rel=\"noopener\">La r\u00e9quisition appartient \u00e0 ceux qui se l\u00e8vent t\u00f4t<\/a><\/p>\n<p><a href=\"http:\/\/www.marsactu.fr\/societe\/lespace-dhebergement-de-roms-va-quitter-plombieres-29245.html\" target=\"_blank\" rel=\"noopener\">L&rsquo;espace d&rsquo;h\u00e9bergement de Roms va quitter Plombi\u00e8res<\/a><\/p>\n<p><a href=\"http:\/\/www.marsactu.fr\/societe\/camp-de-roms-incendie-linsoutenable-legerete-28890.html\" target=\"_blank\" rel=\"noopener\">Camp de Roms incendi\u00e9 : l&rsquo;insoutenable l\u00e9g\u00e8ret\u00e9<\/a><\/p>\n<p><a href=\"http:\/\/www.marsactu.fr\/societe\/roms-le-plan-sans-argent-du-prefet-hugues-parant-28809.html\" target=\"_blank\" rel=\"noopener\">Roms : le plan sans argent du pr\u00e9fet Hugues Parant<\/a><\/p>\n<p><a href=\"http:\/\/www.marsactu.fr\/societe\/michel-bourgat-lexpulsion-des-roms-est-une-bonne-chose-28766.html\" target=\"_blank\" rel=\"noopener\">Michel Bourgat : \u00ab\u00a0L&rsquo;expulsion des Roms est une bonne chose\u00a0\u00bb<\/a><\/p>\n<p><a href=\"http:\/\/www.marsactu.fr\/societe\/carlotti-les-roms-ne-seront-pas-traites-differemment-mais-au-moins-ils-seront-traites-28664.html\" target=\"_blank\" rel=\"noopener\">Carlotti : les Roms \u00ab\u00a0ne seront pas trait\u00e9s diff\u00e9remment, mais au moins ils seront trait\u00e9s\u00a0\u00bb<\/a><\/p>\n<p><a href=\"http:\/\/www.marsactu.fr\/societe\/alain-fourest-la-situation-des-roms-a-empire-en-15-ans-28585.html\" target=\"_blank\" rel=\"noopener\">Alain Fourest : \u00ab\u00a0la situation des Roms a empir\u00e9 en 15 ans\u00a0\u00bb<\/a><\/p>\n<p><a href=\"http:\/\/www.marsactu.fr\/societe\/roms-renoncement-en-forme-dappel-a-laide-de-la-mairie-de-marseille-28515.html\" target=\"_blank\" rel=\"noopener\">Roms : renoncement en forme d&rsquo;appel \u00e0 l&rsquo;aide de la mairie de Marseille<\/a><\/p>\n<p><a href=\"http:\/\/www.marsactu.fr\/societe\/roms-concertation-rime-quand-meme-avec-expulsions-28395.html\" target=\"_blank\" rel=\"noopener\">Roms : concertation rime quand m\u00eame avec expulsions<\/a><\/p>\n<p><a href=\"http:\/\/www.marsactu.fr\/politique\/un-associatif-agresse-en-marge-de-la-sortie-anti-roms-de-lump-27967.html\" target=\"_blank\" rel=\"noopener\">Un associatif agress\u00e9 en marge de la sortie anti-Roms de l&rsquo;UMP<\/a><\/p>\n<p><a href=\"http:\/\/www.marsactu.fr\/culture-2013\/malgre-la-difficulte-les-roms-restent-dignes-27600.html\" target=\"_blank\" rel=\"noopener\">\u00ab Malgr\u00e9 la difficult\u00e9, les Roms restent dignes \u00bb<\/a><\/p>\n<p><a href=\"http:\/\/www.marsactu.fr\/societe\/les-precaires-de-leau-vivent-aussi-en-france-27452.html\" target=\"_blank\" rel=\"noopener\">Les pr\u00e9caires de l&rsquo;eau vivent aussi en France<\/a><\/p>\n<p><a href=\"http:\/\/www.marsactu.fr\/culture-2013\/le-festival-latcho-divano-annonce-la-couleur-27319.html\" target=\"_blank\" rel=\"noopener\">Le Festival Latcho Divano annonce la couleur<\/a><\/p>\n<p><a href=\"http:\/\/www.marsactu.fr\/societe\/roms-une-lettre-polemique-une-petition-de-ciq-un-nouveau-demenagement-27318.html\" target=\"_blank\" rel=\"noopener\">Roms : Une lettre pol\u00e9mique + une p\u00e9tition de CIQ = un nouveau d\u00e9m\u00e9nagement<\/a><\/p>\n<p><a href=\"http:\/\/www.marsactu.fr\/societe\/roms-a-marseille-portes-ouvertes-portes-fermees-27207.html\" target=\"_blank\" rel=\"noopener\">Roms \u00e0 Marseille : portes ouvertes, portes ferm\u00e9es<\/a><\/p>\n<p><a href=\"http:\/\/www.marsactu.fr\/societe\/roms-a-marseille-errance-et-prejuges-27145.html\" target=\"_blank\" rel=\"noopener\">Roms \u00e0 Marseille : errance et pr\u00e9jug\u00e9s<\/a><\/p>\n<p><a href=\"http:\/\/www.marsactu.fr\/societe\/mpm-et-ville-de-marseille-meme-politique-anti-roms-26833.html\" target=\"_blank\" rel=\"noopener\">MPM et ville de Marseille : m\u00eame politique anti-Roms ?<\/a><\/p>\n<p><a href=\"http:\/\/www.marsactu.fr\/societe\/seance-de-mendicite-devant-la-mairie-de-marseille-26649.html\" target=\"_blank\" rel=\"noopener\">S\u00e9ance de mendicit\u00e9 devant la mairie de Marseille<\/a><\/p>\n<p><a href=\"http:\/\/www.marsactu.fr\/societe\/expulsion-dun-camp-de-roms-a-marseille-letat-durcit-le-black-out-mediatique-26569.html\" target=\"_blank\" rel=\"noopener\">Expulsion d&rsquo;un camp de Roms \u00e0 Marseille : l&rsquo;Etat durcit le black-out m\u00e9diatique<\/a><\/p>\n<p><a href=\"http:\/\/www.marsactu.fr\/business\/roms-les-journalistes-interdits-dexpulsion-a-marseille-26536.html\" target=\"_blank\" rel=\"noopener\">Roms : les journalistes interdits d&rsquo;expulsion \u00e0 Marseille<\/a><\/p>\n<p><a href=\"http:\/\/www.marsactu.fr\/societe\/lespace-solidaire-dhebergement-de-la-belle-de-mai-une-solution-provisoire-pour-lintegration-des-roms-26479.html\" target=\"_blank\" rel=\"noopener\">L&rsquo;espace solidaire d&rsquo;h\u00e9bergement de la Belle de Mai : une solution provisoire pour l&rsquo;int\u00e9gration des Roms<\/a><\/p>\n<p><a href=\"http:\/\/www.marsactu.fr\/societe\/roms-mais-que-fait-la-mairie-26459.html\" target=\"_blank\" rel=\"noopener\">Roms : mais que fait la mairie ?<\/a><\/p>\n<p><a href=\"http:\/\/www.marsactu.fr\/societe\/environ-60-roms-vont-prendre-lavion-restent-deux-milliers-sur-la-canebiere-et-ailleurs-a-marseille-26450.html\" target=\"_blank\" rel=\"noopener\">Environ 60 Roms vont prendre l&rsquo;avion. Restent deux milliers sur la Canebi\u00e8re et ailleurs \u00e0 Marseille&#8230;<\/a><\/p>\n<p><a href=\"http:\/\/www.marsactu.fr\/societe\/quarante-huit-heures-avec-les-roms-marseillais-26440.html\" target=\"_blank\" rel=\"noopener\">Quarante-huit heures avec les Roms marseillais<\/a><\/p>\n<p><a href=\"http:\/\/www.marsactu.fr\/societe\/marseille-cachez-ces-roms-que-je-ne-saurais-voir-26439.html\" target=\"_blank\" rel=\"noopener\">Marseille : \u00ab\u00a0cachez ces Roms que je ne saurais voir\u00a0\u00bb<\/a><\/p>\n<p><a href=\"http:\/\/www.marsactu.fr\/societe\/les-roms-seront-les-derniers-a-profiter-de-quelque-chose-de-fraternel-26438.html\" target=\"_blank\" rel=\"noopener\">\u00ab\u00a0Les Roms seront les derniers \u00e0 profiter de quelque chose de fraternel\u00a0\u00bb<\/a><\/p>\n<p><a href=\"http:\/\/www.marsactu.fr\/politique\/quand-les-roms-deviennent-les-faciles-boucs-emissaires-marseillais-26436.html\" target=\"_blank\" rel=\"noopener\">Quand les Roms deviennent \u00ab\u00a0les faciles\u00a0\u00bb boucs \u00e9missaires marseillais<\/a><\/p>\n<p><a href=\"http:\/\/www.marsactu.fr\/societe\/la-patate-chaude-des-roms-tourne-toujours-26429.html\" target=\"_blank\" rel=\"noopener\">La \u00ab\u00a0patate chaude\u00a0\u00bb des Roms tourne toujours<\/a><\/p>\n<p><a href=\"http:\/\/www.marsactu.fr\/societe\/le-secours-catholique-vient-en-aide-aux-roms-de-la-capelette-26361.html\" target=\"_blank\" rel=\"noopener\">Le Secours Catholique vient en aide aux Roms de la Capelette<\/a><\/p>\n<p><a href=\"http:\/\/www.marsactu.fr\/societe\/roms-de-chanterelle-mennucci-renvoie-la-balle-dans-le-camp-de-gaudin-26311.html\" target=\"_blank\" rel=\"noopener\">Roms de Chanterelle : Mennucci renvoie la balle dans le camp de Gaudin<\/a><\/p>\n<p><a href=\"http:\/\/www.marsactu.fr\/societe\/la-40e-journee-internationale-des-roms-cest-aujourdhui-en-haut-de-la-canebiere-26049.html\" target=\"_blank\" rel=\"noopener\">La 40e journ\u00e9e internationale des Roms, c&rsquo;est aujourd&rsquo;hui en haut de la Canebi\u00e8re<\/a><\/p>\n<p><a href=\"http:\/\/www.marsactu.fr\/culture-2013\/babel-med-music-et-latcho-divano-lamicale-de-toutes-les-cultures-a-marseille-25996.html\" target=\"_blank\" rel=\"noopener\">Babel Med Music et Latcho Divano : l&rsquo;amicale de toutes les cultures \u00e0 Marseille<\/a><\/p>\n<p><a href=\"http:\/\/www.marsactu.fr\/politique\/marseille-la-sncf-fait-marche-arriere-sur-une-fiche-ethnique-25524.html\" target=\"_blank\" rel=\"noopener\">Marseille : la SNCF fait marche arri\u00e8re sur une fiche ethnique<\/a><\/p>\n<p><a href=\"http:\/\/www.marsactu.fr\/societe\/roms-du-panier-le-sursis-du-jeudi-25511.html\" target=\"_blank\" rel=\"noopener\">Roms du Panier : le sursis du jeudi ?<\/a><\/p>\n","protected":false},"excerpt":{"rendered":"<p>Durant\u00a0des ann\u00e9es, les journalistes de Marsactu ont \u00e9t\u00e9 pr\u00e9sents sur le terrain\u00a0\u00e0 nos c\u00f4t\u00e9s pour t\u00e9moigner des bons et des mauvais moments. Leurs nombreux reportages (*) ont su apporter un autre regard sur les Roms\/Tsiganes, relayer leurs paroles et sensibiliser bon nombre de nos concitoyens \u00e0 leur situation. Au fil de nos rencontres, nous avons [&hellip;]<\/p>\n","protected":false},"author":1,"featured_media":11128,"comment_status":"open","ping_status":"open","sticky":false,"template":"","format":"standard","meta":{"footnotes":""},"categories":[30],"tags":[],"class_list":["post-2616","post","type-post","status-publish","format-standard","has-post-thumbnail","hentry","category-communiques-interpellations"],"_links":{"self":[{"href":"https:\/\/archives.rencontrestsiganes.org\/index.php\/wp-json\/wp\/v2\/posts\/2616","targetHints":{"allow":["GET"]}}],"collection":[{"href":"https:\/\/archives.rencontrestsiganes.org\/index.php\/wp-json\/wp\/v2\/posts"}],"about":[{"href":"https:\/\/archives.rencontrestsiganes.org\/index.php\/wp-json\/wp\/v2\/types\/post"}],"author":[{"embeddable":true,"href":"https:\/\/archives.rencontrestsiganes.org\/index.php\/wp-json\/wp\/v2\/users\/1"}],"replies":[{"embeddable":true,"href":"https:\/\/archives.rencontrestsiganes.org\/index.php\/wp-json\/wp\/v2\/comments?post=2616"}],"version-history":[{"count":0,"href":"https:\/\/archives.rencontrestsiganes.org\/index.php\/wp-json\/wp\/v2\/posts\/2616\/revisions"}],"wp:featuredmedia":[{"embeddable":true,"href":"https:\/\/archives.rencontrestsiganes.org\/index.php\/wp-json\/wp\/v2\/media\/11128"}],"wp:attachment":[{"href":"https:\/\/archives.rencontrestsiganes.org\/index.php\/wp-json\/wp\/v2\/media?parent=2616"}],"wp:term":[{"taxonomy":"category","embeddable":true,"href":"https:\/\/archives.rencontrestsiganes.org\/index.php\/wp-json\/wp\/v2\/categories?post=2616"},{"taxonomy":"post_tag","embeddable":true,"href":"https:\/\/archives.rencontrestsiganes.org\/index.php\/wp-json\/wp\/v2\/tags?post=2616"}],"curies":[{"name":"wp","href":"https:\/\/api.w.org\/{rel}","templated":true}]}}