{"id":249,"date":"2006-07-15T10:10:15","date_gmt":"2006-07-15T09:10:15","guid":{"rendered":"http:\/\/rt.boullier.fr\/?p=249"},"modified":"2006-07-15T10:10:15","modified_gmt":"2006-07-15T09:10:15","slug":"art249","status":"publish","type":"post","link":"https:\/\/archives.rencontrestsiganes.org\/index.php\/2006\/07\/15\/art249\/","title":{"rendered":"Un mus\u00e9e de l&rsquo;Art Rom"},"content":{"rendered":"<p>{1{Le mus\u00e9e de l&rsquo;art rom de Brno : un cas unique au monde}1}<br \/>\nRADIO PRAGUE 29\/06\/06<br \/>\nHormis des sections consacr\u00e9es \u00e0 l&rsquo;art rom dans divers mus\u00e9es dans le monde, le mus\u00e9e de la culture rom \u00e9tabli \u00e0 Brno n&rsquo;a pas d&rsquo;\u00e9quivalent. Situ\u00e9 dans un quartier populaire un peu \u00e0 l&rsquo;ext\u00e9rieur du centre, il est dirig\u00e9 par Jana Horvathova, une femme \u00e9nergique et d\u00e9termin\u00e9e, elle-m\u00eame issue d&rsquo;une famille bi-culturelle. C&rsquo;est dans son bureau d\u00e9cor\u00e9 de tapisseries indiennes, rappelant les origines lointaines des Roms, et d&rsquo;autres objets d&rsquo;artisanat, qu&rsquo;Anna Kubista l&rsquo;a rencontr\u00e9e : <\/p>\n<p>Tout commence en 1991, lorsqu&rsquo;un petit groupe de l&rsquo;intelligentsia rom de Brno &#8211; surtout des historiens et des ethnographes d\u00e9cident de se lancer dans la fondation d&rsquo;un mus\u00e9e de la culture rom. Un projet qui avait d&rsquo;ailleurs fait partie du programme de plusieurs partis politiques de l&rsquo;apr\u00e8s-r\u00e9volution de velours, mais sans \u00eatre concr\u00e9tis\u00e9. Fontionnant d&rsquo;abord comme une association, ce n&rsquo;est qu&rsquo;en 2005, que celle-ci devient une organisation b\u00e9n\u00e9ficiant du financement de l&rsquo;Etat. Malgr\u00e9 son anciennet\u00e9 et son installation dans un b\u00e2timent bien retap\u00e9, l&rsquo;exposition permanente n&rsquo;en est qu&rsquo;\u00e0 ses balbutiements : la salle actuellement ouverte au public couvre la p\u00e9riode de 1945 \u00e0 nos jours, alors que l&rsquo;ambition du mus\u00e9e est de remonter jusqu&rsquo;aux origines m\u00eames des Roms, jusqu&rsquo;\u00e0 cette Inde mythique. Ainsi donc, \u00e0 cause de la diversit\u00e9 m\u00eame du peuple rom, le mus\u00e9e entend embrasser la culture rom de mani\u00e8re exhaustive, pour faire ressortir les diff\u00e9rences selon les pays o\u00f9 les diff\u00e9rentes ethnies se sont autrefois install\u00e9es. Jana Horvathova :<br \/>\n Jana Horvathova<br \/>\n\u00ab Au d\u00e9but, quand nous avons fond\u00e9 le mus\u00e9e, nous ne voulions pas nous limiter par exemple en n&rsquo;envisageant uniquement que les Roms de Tch\u00e9coslovaquie ou d&rsquo;Europe centrale. Bien entendu, la majorit\u00e9 des oeuvres de notre collection provient du territoire de l&rsquo;ancienne f\u00e9d\u00e9ration. Mais quand nous avons l&rsquo;occasion d&rsquo;aller \u00e0 l&rsquo;\u00e9tranger, nous la prenons et essayons de nous documenter sur la vie des Roms l\u00e0-bas, car c&rsquo;est un bon moyen de comparaison et c&rsquo;est tr\u00e8s int\u00e9ressant de voir les \u00e9l\u00e9ments communs de la vie des Roms dans diff\u00e9rents pays. \u00bb<br \/>\nMais peut-on parler d&rsquo;art rom ? L&rsquo;expression est-elle somme toute appropri\u00e9e ? Une question qui n&rsquo;avait pas \u00e9chapp\u00e9 aux fondateurs du mus\u00e9e, ni m\u00eame \u00e0 Jana Horvathova : <\/p>\n<p>\u00ab Bien s\u00fbr, c&rsquo;est un terme probl\u00e9matique. Il y a eu un d\u00e9bat autour. Ce n&rsquo;est pas un terme scientifique, mais nous l&rsquo;utilisons n\u00e9anmoins parce que nous sommes le mus\u00e9e de la culture rom dont la fonction est de rassembler les documents et t\u00e9moignages de la culture rom. Bien qu&rsquo;au d\u00e9part nous n&rsquo;ayons pas eu l&rsquo;intention de cr\u00e9er un fonds artistique, au vu de notre exp\u00e9rience sur le terrain, nous nous sommes rendus compte qu&rsquo;il \u00e9tait impossible de ne pas en tenir compte. En effet, sur le terrain, il y a \u00e9norm\u00e9ment de Roms qui sont dans un processus de cr\u00e9ation artistique, qu&rsquo;ils soient peintres, dessinateurs ou sculpteurs sur bois, ou bien qui cr\u00e9ent des oeuvres avec des mat\u00e9riaux moins traditionnels. Le monde ne les connait pas. Et si nous les avions ignor\u00e9s et que nous n&rsquo;avions pas essay\u00e9 de pr\u00e9senter leur art, il y a fort \u00e0 parier que le monde ne les conna\u00eetrait toujours pas. En fin de compte, nous avons cr\u00e9\u00e9 la collection d&rsquo;art plastique non pas tant \u00e0 cause de la valeur esth\u00e9tique des oeuvres, mais parce que les artistes parviennent \u00e0 exprimer leur opinion, leur point de vue sur le monde, leurs pens\u00e9es. Pour nous, c&rsquo;est quelque chose de tr\u00e8s pr\u00e9cieux. Et \u00e7a nous permet de rendre compte de la culture spirituelle rom. \u00bb<br \/>\nA noter que le Palais des Foires, \u00e0 Prague, consacre une exposition \u00e0 l&rsquo;holocauste rom, et ce jusqu&rsquo;au 17 juillet.<br \/>\nRetrouvez la suite de cet entretien avec Jana Horvathova, dans une de nos rubriques culturelles estivales. <\/p>\n<p>Photo: Jana Sustova <\/p>\n","protected":false},"excerpt":{"rendered":"<p>{1{Le mus\u00e9e de l&rsquo;art rom de Brno : un cas unique au monde}1} RADIO PRAGUE 29\/06\/06 Hormis des sections consacr\u00e9es \u00e0 l&rsquo;art rom dans divers mus\u00e9es dans le monde, le mus\u00e9e de la culture rom \u00e9tabli \u00e0 Brno n&rsquo;a pas d&rsquo;\u00e9quivalent. Situ\u00e9 dans un quartier populaire un peu \u00e0 l&rsquo;ext\u00e9rieur du centre, il est dirig\u00e9 [&hellip;]<\/p>\n","protected":false},"author":1,"featured_media":0,"comment_status":"closed","ping_status":"closed","sticky":false,"template":"","format":"standard","meta":{"footnotes":""},"categories":[7],"tags":[],"class_list":["post-249","post","type-post","status-publish","format-standard","hentry","category-diaspora"],"_links":{"self":[{"href":"https:\/\/archives.rencontrestsiganes.org\/index.php\/wp-json\/wp\/v2\/posts\/249","targetHints":{"allow":["GET"]}}],"collection":[{"href":"https:\/\/archives.rencontrestsiganes.org\/index.php\/wp-json\/wp\/v2\/posts"}],"about":[{"href":"https:\/\/archives.rencontrestsiganes.org\/index.php\/wp-json\/wp\/v2\/types\/post"}],"author":[{"embeddable":true,"href":"https:\/\/archives.rencontrestsiganes.org\/index.php\/wp-json\/wp\/v2\/users\/1"}],"replies":[{"embeddable":true,"href":"https:\/\/archives.rencontrestsiganes.org\/index.php\/wp-json\/wp\/v2\/comments?post=249"}],"version-history":[{"count":0,"href":"https:\/\/archives.rencontrestsiganes.org\/index.php\/wp-json\/wp\/v2\/posts\/249\/revisions"}],"wp:attachment":[{"href":"https:\/\/archives.rencontrestsiganes.org\/index.php\/wp-json\/wp\/v2\/media?parent=249"}],"wp:term":[{"taxonomy":"category","embeddable":true,"href":"https:\/\/archives.rencontrestsiganes.org\/index.php\/wp-json\/wp\/v2\/categories?post=249"},{"taxonomy":"post_tag","embeddable":true,"href":"https:\/\/archives.rencontrestsiganes.org\/index.php\/wp-json\/wp\/v2\/tags?post=249"}],"curies":[{"name":"wp","href":"https:\/\/api.w.org\/{rel}","templated":true}]}}